{"id":35048,"date":"2021-06-15T08:28:41","date_gmt":"2021-06-15T08:28:41","guid":{"rendered":"http:\/\/www.friaguinee.net\/?p=35048"},"modified":"2021-06-15T08:28:43","modified_gmt":"2021-06-15T08:28:43","slug":"guinee-integra-ouvre-des-creches-pour-favoriser-lapprentissage-des-jeunes-meres","status":"publish","type":"post","link":"http:\/\/www.friaguinee.net\/index.php\/2021\/06\/15\/guinee-integra-ouvre-des-creches-pour-favoriser-lapprentissage-des-jeunes-meres\/","title":{"rendered":"Guin\u00e9e : INTEGRA ouvre des cr\u00e8ches pour favoriser l\u2019apprentissage des jeunes m\u00e8res"},"content":{"rendered":"\n<p>\n\nLe programme d\u2019appui \u00e0 l\u2019int\u00e9gration socio-\u00e9conomique des jeunes (INTEGRA), financ\u00e9 par l\u2019Union europ\u00e9enne, a proc\u00e9d\u00e9 \u00e0 l\u2019ouverture officielle depuis mai 2021 de cr\u00e8ches pour accueillir les enfants de 0 \u00e0 5 ans des b\u00e9n\u00e9ficiaires du programme \u00e0 Kindia et \u00e0 Mamou.<\/p>\n\n\n\n<p>Cette initiative mise en \u0153uvre par l\u2019agence Enabel a pour but de faciliter l\u2019apprentissage des jeunes filles et femmes dans le parcours de formation qui dure neuf mois.<\/p>\n\n\n\n<p>Ainsi ces cr\u00e8ches qui ont une capacit\u00e9 de 20 enfants de 0 \u00e0 5 ans vont permettre d\u2019assurer des conditions de travail d\u00e9centes et de favoriser la part des femmes au sein du programme INTEGRA.<\/p>\n\n\n\n<p>Fatoumata Camara 25 ans, m\u00e8re de deux enfants et b\u00e9n\u00e9ficiaire du programme INTEGRA, dont le corps de m\u00e9tier est ferrailleur, se confie&nbsp;:<\/p>\n\n\n\n<p>\u00ab&nbsp;Je remercie chaleureusement INTEGRA d\u2019avoir mis en place ces garderies. Comme vous le savez, ils y avaient des femmes qui \u00e9tudiaient et travaillaient avec leurs enfants au dos et parfois au soleil parce qu\u2019elles n\u2019avaient personne \u00e0 qui confier leurs enfants \u00e0 la maison. Cette initiative est tr\u00e8s importante pour les femmes et me rassure, car nos enfants vont pouvoir jouer en toute s\u00e9curit\u00e9 dans un endroit sain. Je remercie encore une fois le programme INTEGRA.&nbsp;\u00bb<\/p>\n\n\n\n<p>Install\u00e9 dans deux localit\u00e9s lors de la phase pilote \u00e0 proximit\u00e9 des chantiers \u00e9cole, le dispositif de cr\u00e8ches est fortement pl\u00e9biscit\u00e9 par les jeunes femmes b\u00e9n\u00e9ficiaires et les communaut\u00e9s locales car c\u2019est une premi\u00e8re. Un appel \u00e0 don sera bient\u00f4t lanc\u00e9 pour r\u00e9colter des jeux pour les enfants de ces cr\u00e8ches, comme soulign\u00e9 dans le slogan de la campagne&nbsp;\u00ab&nbsp;Un jouet pour un sourire, soutenez nos cr\u00e8ches.&nbsp;\u00bb. Le projet de cr\u00e8ches pourrait s\u2019\u00e9tendre dans plusieurs localit\u00e9s dont Lab\u00e9, Pita et Conakry si la phase pilote s\u2019av\u00e8re concluante.<br><br>Le programme INTEGRA se veut une contribution pour amorcer de nouvelles dynamiques dans le d\u00e9veloppement socio-\u00e9conomique en Guin\u00e9e. Financ\u00e9 par l\u2019Union europ\u00e9enne au titre du Fonds fiduciaire d\u2019urgence de l\u2019Union europ\u00e9enne pour l\u2019Afrique, INTEGRA cr\u00e9e des opportunit\u00e9s pour la jeunesse guin\u00e9enne \u00e0 travers la pr\u00e9paration \u00e0 la vie professionnelle dans les \u00e9tablissements scolaires, la r\u00e9alisation d\u2019infrastructures \u00e9conomiques, la formation professionnelle, la cr\u00e9ation d\u2019emplois durables et le d\u00e9veloppement de l\u2019entrepreneuriat.<br>Ainsi, \u00e0 travers ce programme, ce sont plus de 15 000 jeunes qui seront directement accompagn\u00e9s pour mettre en \u0153uvre cette nouvelle dynamique socio-\u00e9conomique par la cr\u00e9ation d\u2019emplois et l\u2019appui au d\u00e9veloppement de l\u2019entrepreneuriat en Guin\u00e9e.<br><br><br>Suivez INTEGRA Guin\u00e9e sur&nbsp;<a href=\"https:\/\/twitter.com\/GuineeIntegra\">Twitter<\/a>|&nbsp;<a href=\"https:\/\/www.facebook.com\/INTEGRAGuinee\">Facebook<\/a>&nbsp;|<br>Suivez la D\u00e9l\u00e9gation de l&rsquo;Union europ\u00e9enne en Guin\u00e9e sur&nbsp;<a href=\"https:\/\/twitter.com\/UEenguinee\">Twitter<\/a>&nbsp;|&nbsp;<a href=\"https:\/\/www.facebook.com\/DelegationDeLUnionEuropeenneEnGuinee\/\">Facebook<\/a>&nbsp;|<br>#INTEGRA_GUINEE | #AfricaTrustFund | #PNUD | #ITC | #ENABEL | #GIZ | #TeamEurope | #EUSolidarity | #AUEU | #UE\n\n<\/p>\n","protected":false},"excerpt":{"rendered":"<p>Le programme d\u2019appui \u00e0 l\u2019int\u00e9gration socio-\u00e9conomique des jeunes (INTEGRA), financ\u00e9 par l\u2019Union europ\u00e9enne, a proc\u00e9d\u00e9 \u00e0 l\u2019ouverture officielle depuis mai 2021 de cr\u00e8ches pour accueillir les enfants de 0 \u00e0 5 ans des b\u00e9n\u00e9ficiaires du programme \u00e0 Kindia et \u00e0 Mamou. Cette initiative mise en \u0153uvre par l\u2019agence Enabel a pour but de faciliter l\u2019apprentissage [&hellip;]<\/p>\n","protected":false},"author":2,"featured_media":35049,"comment_status":"open","ping_status":"open","sticky":false,"template":"","format":"standard","meta":{"footnotes":""},"categories":[9],"tags":[7363,148,3923,7364,78,387],"class_list":["post-35048","post","type-post","status-publish","format-standard","has-post-thumbnail","hentry","category-publireportage","tag-creches","tag-guinee","tag-integra","tag-jeunes-meres","tag-kindia","tag-mamou"],"_links":{"self":[{"href":"http:\/\/www.friaguinee.net\/index.php\/wp-json\/wp\/v2\/posts\/35048","targetHints":{"allow":["GET"]}}],"collection":[{"href":"http:\/\/www.friaguinee.net\/index.php\/wp-json\/wp\/v2\/posts"}],"about":[{"href":"http:\/\/www.friaguinee.net\/index.php\/wp-json\/wp\/v2\/types\/post"}],"author":[{"embeddable":true,"href":"http:\/\/www.friaguinee.net\/index.php\/wp-json\/wp\/v2\/users\/2"}],"replies":[{"embeddable":true,"href":"http:\/\/www.friaguinee.net\/index.php\/wp-json\/wp\/v2\/comments?post=35048"}],"version-history":[{"count":1,"href":"http:\/\/www.friaguinee.net\/index.php\/wp-json\/wp\/v2\/posts\/35048\/revisions"}],"predecessor-version":[{"id":35050,"href":"http:\/\/www.friaguinee.net\/index.php\/wp-json\/wp\/v2\/posts\/35048\/revisions\/35050"}],"wp:featuredmedia":[{"embeddable":true,"href":"http:\/\/www.friaguinee.net\/index.php\/wp-json\/wp\/v2\/media\/35049"}],"wp:attachment":[{"href":"http:\/\/www.friaguinee.net\/index.php\/wp-json\/wp\/v2\/media?parent=35048"}],"wp:term":[{"taxonomy":"category","embeddable":true,"href":"http:\/\/www.friaguinee.net\/index.php\/wp-json\/wp\/v2\/categories?post=35048"},{"taxonomy":"post_tag","embeddable":true,"href":"http:\/\/www.friaguinee.net\/index.php\/wp-json\/wp\/v2\/tags?post=35048"}],"curies":[{"name":"wp","href":"https:\/\/api.w.org\/{rel}","templated":true}]}}