{"id":34881,"date":"2021-06-09T12:08:26","date_gmt":"2021-06-09T12:08:26","guid":{"rendered":"http:\/\/www.friaguinee.net\/?p=34881"},"modified":"2021-06-09T12:08:28","modified_gmt":"2021-06-09T12:08:28","slug":"justice-ce-serait-donc-injuste-de-sen-prendre-a-un-leader-politique-parce-que-des-militants-de-son-parti-sont-detenus-me-traore","status":"publish","type":"post","link":"http:\/\/www.friaguinee.net\/index.php\/2021\/06\/09\/justice-ce-serait-donc-injuste-de-sen-prendre-a-un-leader-politique-parce-que-des-militants-de-son-parti-sont-detenus-me-traore\/","title":{"rendered":"Justice : \u00ab Ce serait donc injuste de s\u2019en prendre \u00e0 un leader politique parce que des militants de son parti sont d\u00e9tenus \u00bb (Me Traor\u00e9)"},"content":{"rendered":"\n<p>L\u2019engagement politique est en tout premier lieu un engagement personnel. On ne s\u2019engage pas en politique pour autrui mais pour soi-m\u00eame d\u2019abord. On s\u2019engage pour le triomphe des valeurs et principes auxquels on croit. Cet engagement a in\u00e9luctablement un co\u00fbt et comporte des risques surtout dans un pays o\u00f9 la d\u00e9mocratie et l\u2019\u00c9tat de droit ne sont pas fortement ancr\u00e9s.<\/p>\n\n\n\n<p>Quel est cet homme politique qui accepterait que ses militants soient embastill\u00e9s ? Ce serait donc injuste de s\u2019en prendre \u00e0 un leader politique parce que des militants de son parti sont d\u00e9tenus. On appelle cela se tromper d\u2019adversaire et de combat.<\/p>\n\n\n\n<p>Il serait plus juste de combattre ceux qui sont \u00e0 la base de l\u2019arrestation, de la condamnation et de l\u2019arrestation de centaines de militants des partis politiques de l\u2019opposition. Faut-il perdre de vue qu\u2019il y a quelques ann\u00e9es la mort de l\u2019opposition avait \u00e9t\u00e9 annonc\u00e9e par l\u2019ancien opposant devenu Pr\u00e9sident de la R\u00e9publique.<\/p>\n\n\n\n<p>Personne ne pouvait imaginer cependant que cela passerait par la r\u00e9pression violente de toutes les manifestations, par la mort de citoyens, la d\u00e9tention sans motif de certains d\u2019entre eux, les multiples entraves \u00e0 l\u2019exercice d\u2019activit\u00e9s politiques. Les Guin\u00e9ens se rendent compte malheureusement que c\u2019est de cela qu\u2019il s\u2019agit effectivement.<\/p>\n\n\n\n<p>Dans une soci\u00e9t\u00e9 d\u00e9mocratique, le recours aux armes pour se faire entendre et pour faire prendre en compte ses revendications est totalement prohib\u00e9e. Cette prohibition s\u2019impose tout particuli\u00e8rement aux partis politiques. C\u2019est pourquoi, des moyens d\u00e9mocratiques et r\u00e9publicains sont pr\u00e9vus pour permettre aux partis politiques de s\u2019exprimer. En leur enlevant par la force ces moyens d\u2019action, on assassine tout simplement la d\u00e9mocratie et l\u2019\u00c9tat.<\/p>\n\n\n\n<p>Or, l\u2019alternative \u00e0 la d\u00e9mocratie ne peut \u00eatre que la dictature et l\u2019autoritarisme. Aujourd\u2019hui, c\u2019est la mort dans l\u2019\u00e2me que les Guin\u00e9ens assistent au tr\u00e9pas de notre jeune d\u00e9mocratie.<\/p>\n\n\n\n<p>Le regret que beaucoup d\u2019entre eux ressentent, c\u2019est le fait que de nombreux citoyens se soient battus au prix de leur vie pour l\u2019av\u00e8nement d\u2019une r\u00e9elle d\u00e9mocratie en Guin\u00e9e et de constater, impuissants, qu\u2019il faudra attendre des ann\u00e9es encore avant que le pays ne soit v\u00e9ritablement d\u00e9mocratique. Quel g\u00e2chis ! On ne peut s\u2019emp\u00eacher de dire avec regret \u00a0\u00bb tout \u00e7a pour \u00e7a \u00ab\u00a0.<\/p>\n\n\n\n<p><strong>Me Mohamed Traor\u00e9.<\/strong><\/p>\n","protected":false},"excerpt":{"rendered":"<p>L\u2019engagement politique est en tout premier lieu un engagement personnel. On ne s\u2019engage pas en politique pour autrui mais pour soi-m\u00eame d\u2019abord. On s\u2019engage pour le triomphe des valeurs et principes auxquels on croit. Cet engagement a in\u00e9luctablement un co\u00fbt et comporte des risques surtout dans un pays o\u00f9 la d\u00e9mocratie et l\u2019\u00c9tat de droit [&hellip;]<\/p>\n","protected":false},"author":3,"featured_media":21317,"comment_status":"open","ping_status":"open","sticky":false,"template":"","format":"standard","meta":{"footnotes":""},"categories":[211],"tags":[],"class_list":["post-34881","post","type-post","status-publish","format-standard","has-post-thumbnail","hentry","category-justice"],"_links":{"self":[{"href":"http:\/\/www.friaguinee.net\/index.php\/wp-json\/wp\/v2\/posts\/34881","targetHints":{"allow":["GET"]}}],"collection":[{"href":"http:\/\/www.friaguinee.net\/index.php\/wp-json\/wp\/v2\/posts"}],"about":[{"href":"http:\/\/www.friaguinee.net\/index.php\/wp-json\/wp\/v2\/types\/post"}],"author":[{"embeddable":true,"href":"http:\/\/www.friaguinee.net\/index.php\/wp-json\/wp\/v2\/users\/3"}],"replies":[{"embeddable":true,"href":"http:\/\/www.friaguinee.net\/index.php\/wp-json\/wp\/v2\/comments?post=34881"}],"version-history":[{"count":1,"href":"http:\/\/www.friaguinee.net\/index.php\/wp-json\/wp\/v2\/posts\/34881\/revisions"}],"predecessor-version":[{"id":34882,"href":"http:\/\/www.friaguinee.net\/index.php\/wp-json\/wp\/v2\/posts\/34881\/revisions\/34882"}],"wp:featuredmedia":[{"embeddable":true,"href":"http:\/\/www.friaguinee.net\/index.php\/wp-json\/wp\/v2\/media\/21317"}],"wp:attachment":[{"href":"http:\/\/www.friaguinee.net\/index.php\/wp-json\/wp\/v2\/media?parent=34881"}],"wp:term":[{"taxonomy":"category","embeddable":true,"href":"http:\/\/www.friaguinee.net\/index.php\/wp-json\/wp\/v2\/categories?post=34881"},{"taxonomy":"post_tag","embeddable":true,"href":"http:\/\/www.friaguinee.net\/index.php\/wp-json\/wp\/v2\/tags?post=34881"}],"curies":[{"name":"wp","href":"https:\/\/api.w.org\/{rel}","templated":true}]}}