{"id":3477,"date":"2018-05-28T11:12:18","date_gmt":"2018-05-28T11:12:18","guid":{"rendered":"http:\/\/www.friaguinee.net\/?p=3477"},"modified":"2018-05-28T11:12:18","modified_gmt":"2018-05-28T11:12:18","slug":"france-mamoudou-gassama-le-malien-qui-a-sauve-un-enfant-a-paris-va-etre-naturalise-et-integrer-les-pompiers","status":"publish","type":"post","link":"http:\/\/www.friaguinee.net\/index.php\/2018\/05\/28\/france-mamoudou-gassama-le-malien-qui-a-sauve-un-enfant-a-paris-va-etre-naturalise-et-integrer-les-pompiers\/","title":{"rendered":"France: Mamoudou Gassama, le Malien qui a sauv\u00e9 un enfant \u00e0 Paris, va \u00eatre naturalis\u00e9 et int\u00e9grer les pompiers"},"content":{"rendered":"<h5>Mamoudou Gassama, le jeune Malien sans papiers qui a escalad\u00e9 un immeuble parisien pour sauver un enfant suspendu dans le vide a \u00e9t\u00e9 re\u00e7u lundi \u00e0 l&rsquo;\u00c9lys\u00e9e. Emmanuel Macron a sugg\u00e9r\u00e9 au h\u00e9ros de faire une demande de naturalisation.<\/h5>\n<p style=\"font-style: inherit;\">Les appels \u00e0 r\u00e9gulariser Mamoudou Gassama ont \u00e9t\u00e9 entendus.\u00a0<a style=\"font-style: inherit; font-weight: inherit;\" href=\"http:\/\/bart.france24.com\/fr\/20180528-france-malien-papiers-sauve-enfant-paris-va-etre-recu-macron\">Le Malien qui a secouru, samedi, un enfant suspendu \u00e0 un balcon<\/a>\u00a0dans le 18e arrondissement de Paris devrait engager une demande de naturalisation, a annonc\u00e9 le pr\u00e9sident Emmanuel Macron, qui a re\u00e7u le jeune homme de 22\u00a0ans \u00e0 l\u2019\u00c9lys\u00e9e, lundi 28\u00a0mai.<\/p>\n<p style=\"font-style: inherit;\">Avec M. GASSAMA qui a sauv\u00e9 samedi la vie d\u2019un enfant en escaladant 4 \u00e9tages \u00e0 mains nues. Je lui ai annonc\u00e9 qu\u2019en reconnaissance de cet acte h\u00e9ro\u00efque il allait \u00eatre r\u00e9gularis\u00e9 dans les plus brefs d\u00e9lais, et que la brigade des sapeurs-pompiers de Paris \u00e9tait pr\u00eate \u00e0 l\u2019accueillir.<\/p>\n<p style=\"font-style: inherit;\">\u00ab\u00a0Comme c&rsquo;est un acte exceptionnel, on va d\u00e8s aujourd&rsquo;hui r\u00e9gulariser tous vos papiers et si vous le souhaitez on va\u00a0engager une proc\u00e9dure de naturalisation pour que vous puissez\u00a0devenir fran\u00e7ais, si vous en avez le projet\u00a0\u00bb, a dit le chef de l&rsquo;\u00c9tat lors de son entretien \u00e0 l&rsquo;Elys\u00e9e avec le jeune homme de 22 ans. \u00ab\u00a0Vous \u00eates devenu un exemple car des millions de gens vous ont vu, c&rsquo;est donc normal que la nation soit reconnaissante\u00a0\u00bb, a-t-il ajout\u00e9.<\/p>\n<p style=\"font-style: inherit;\">Par ailleurs, Mamoudou Gassama int\u00e9grera une brigade de pompiers de Paris, a \u00e9galement fait savoir le pr\u00e9sident.<\/p>\n<p>AFP<\/p>\n<p>&nbsp;<\/p>\n","protected":false},"excerpt":{"rendered":"<p>Mamoudou Gassama, le jeune Malien sans papiers qui a escalad\u00e9 un immeuble parisien pour sauver un enfant suspendu dans le vide a \u00e9t\u00e9 re\u00e7u lundi \u00e0 l&rsquo;\u00c9lys\u00e9e. Emmanuel Macron a sugg\u00e9r\u00e9 au h\u00e9ros de faire une demande de naturalisation. Les appels \u00e0 r\u00e9gulariser Mamoudou Gassama ont \u00e9t\u00e9 entendus.\u00a0Le Malien qui a secouru, samedi, un enfant [&hellip;]<\/p>\n","protected":false},"author":2,"featured_media":3478,"comment_status":"open","ping_status":"open","sticky":false,"template":"","format":"standard","meta":{"footnotes":""},"categories":[43],"tags":[],"class_list":["post-3477","post","type-post","status-publish","format-standard","has-post-thumbnail","hentry","category-monde"],"_links":{"self":[{"href":"http:\/\/www.friaguinee.net\/index.php\/wp-json\/wp\/v2\/posts\/3477","targetHints":{"allow":["GET"]}}],"collection":[{"href":"http:\/\/www.friaguinee.net\/index.php\/wp-json\/wp\/v2\/posts"}],"about":[{"href":"http:\/\/www.friaguinee.net\/index.php\/wp-json\/wp\/v2\/types\/post"}],"author":[{"embeddable":true,"href":"http:\/\/www.friaguinee.net\/index.php\/wp-json\/wp\/v2\/users\/2"}],"replies":[{"embeddable":true,"href":"http:\/\/www.friaguinee.net\/index.php\/wp-json\/wp\/v2\/comments?post=3477"}],"version-history":[{"count":1,"href":"http:\/\/www.friaguinee.net\/index.php\/wp-json\/wp\/v2\/posts\/3477\/revisions"}],"predecessor-version":[{"id":3479,"href":"http:\/\/www.friaguinee.net\/index.php\/wp-json\/wp\/v2\/posts\/3477\/revisions\/3479"}],"wp:featuredmedia":[{"embeddable":true,"href":"http:\/\/www.friaguinee.net\/index.php\/wp-json\/wp\/v2\/media\/3478"}],"wp:attachment":[{"href":"http:\/\/www.friaguinee.net\/index.php\/wp-json\/wp\/v2\/media?parent=3477"}],"wp:term":[{"taxonomy":"category","embeddable":true,"href":"http:\/\/www.friaguinee.net\/index.php\/wp-json\/wp\/v2\/categories?post=3477"},{"taxonomy":"post_tag","embeddable":true,"href":"http:\/\/www.friaguinee.net\/index.php\/wp-json\/wp\/v2\/tags?post=3477"}],"curies":[{"name":"wp","href":"https:\/\/api.w.org\/{rel}","templated":true}]}}