{"id":34669,"date":"2021-06-03T11:31:25","date_gmt":"2021-06-03T11:31:25","guid":{"rendered":"http:\/\/www.friaguinee.net\/?p=34669"},"modified":"2021-06-03T11:31:27","modified_gmt":"2021-06-03T11:31:27","slug":"incident-survenu-a-la-maison-centrale-ismael-conde-sest-volontairement-ebouillante-le-visage-et-le-torse-avec-de-leau-chaude-ministere-de-la-justice","status":"publish","type":"post","link":"http:\/\/www.friaguinee.net\/index.php\/2021\/06\/03\/incident-survenu-a-la-maison-centrale-ismael-conde-sest-volontairement-ebouillante-le-visage-et-le-torse-avec-de-leau-chaude-ministere-de-la-justice\/","title":{"rendered":"Incident survenu \u00e0 la maison centrale : \u00ab\u00a0Isma\u00ebl Cond\u00e9 s\u2019est volontairement \u00e9bouillant\u00e9 le visage et le torse avec de l\u2019eau chaude\u00a0\u00bb (Minist\u00e8re de la Justice)"},"content":{"rendered":"\n<p>\u00c0 propos de l\u2019incident survenu \u00e0 la maison centrale de Conakry dans l\u2019apr\u00e8s-midi du Mercredi 2 juin 2021, le Minist\u00e8re de la Justice informe l\u2019opinion que Monsieur Isma\u00ebl Cond\u00e9 n\u2019a \u00e9t\u00e9 agress\u00e9 par aucun agent et n\u2019est l\u2019objet d\u2019aucun harc\u00e8lement contrairement aux d\u00e9clarations de son avocat.<\/p>\n\n\n\n<p>La r\u00e9alit\u00e9 est que Monsieur Isma\u00ebl Cond\u00e9 a souvent des relations difficiles avec certains de ses cod\u00e9tenus.<br>\nCe mercredi 2 juin 2021 dans l\u2019apr\u00e8s-midi, Monsieur Isma\u00ebl Cond\u00e9 a eu de vives altercations avec l\u2019un d\u2019eux pour des susceptibilit\u00e9s. Aussit\u00f4t alert\u00e9, le r\u00e9gisseur est intervenu pour ramener le calme parmi les d\u00e9tenus. <\/p>\n\n\n\n<p>Cependant, M. Isma\u00ebl Cond\u00e9 \u00e9tait dans tous ses \u00e9tats. Compte-tenu de cette mauvaise cohabitation et pour \u00e9viter tout autre incident, le r\u00e9gisseur a d\u00e9cid\u00e9 de le transf\u00e9rer dans un autre dortoir situ\u00e9 pr\u00e8s de l\u2019infirmerie.<\/p>\n\n\n\n<p>Non content de cette mesure et toujours col\u00e9rique, il s\u2019est volontairement \u00e9bouillant\u00e9 le visage et le torse avec de l\u2019eau chaude.<br>\nAyant surmont\u00e9 sa nervosit\u00e9, il a demand\u00e9 \u00e0 \u00eatre conduit \u00e0 l\u2019h\u00f4pital o\u00f9 il a \u00e9t\u00e9 mis en observation. Heureusement, la brulure est sans gravit\u00e9.<\/p>\n\n\n\n<p>Apr\u00e8s avoir regrett\u00e9 son comportement, le d\u00e9tenu Monsieur Isma\u00ebl Cond\u00e9 a reconnu dans un \u00e9crit s\u2019\u00eatre volontairement asperg\u00e9 d\u2019eau chaude par nervosit\u00e9.<\/p>\n\n\n\n<p>Fait \u00e0 Conakry le 3 juin 2021<br>\nService de Communication<br>\nMinist\u00e8re de la Justice<\/p>\n","protected":false},"excerpt":{"rendered":"<p>\u00c0 propos de l\u2019incident survenu \u00e0 la maison centrale de Conakry dans l\u2019apr\u00e8s-midi du Mercredi 2 juin 2021, le Minist\u00e8re de la Justice informe l\u2019opinion que Monsieur Isma\u00ebl Cond\u00e9 n\u2019a \u00e9t\u00e9 agress\u00e9 par aucun agent et n\u2019est l\u2019objet d\u2019aucun harc\u00e8lement contrairement aux d\u00e9clarations de son avocat. La r\u00e9alit\u00e9 est que Monsieur Isma\u00ebl Cond\u00e9 a souvent [&hellip;]<\/p>\n","protected":false},"author":2,"featured_media":32014,"comment_status":"open","ping_status":"open","sticky":false,"template":"","format":"standard","meta":{"footnotes":""},"categories":[43],"tags":[3159,255,2248,3093],"class_list":["post-34669","post","type-post","status-publish","format-standard","has-post-thumbnail","hentry","category-monde","tag-ismael-conde","tag-justice","tag-maison-centrale","tag-ministere-de-la-justice"],"_links":{"self":[{"href":"http:\/\/www.friaguinee.net\/index.php\/wp-json\/wp\/v2\/posts\/34669","targetHints":{"allow":["GET"]}}],"collection":[{"href":"http:\/\/www.friaguinee.net\/index.php\/wp-json\/wp\/v2\/posts"}],"about":[{"href":"http:\/\/www.friaguinee.net\/index.php\/wp-json\/wp\/v2\/types\/post"}],"author":[{"embeddable":true,"href":"http:\/\/www.friaguinee.net\/index.php\/wp-json\/wp\/v2\/users\/2"}],"replies":[{"embeddable":true,"href":"http:\/\/www.friaguinee.net\/index.php\/wp-json\/wp\/v2\/comments?post=34669"}],"version-history":[{"count":1,"href":"http:\/\/www.friaguinee.net\/index.php\/wp-json\/wp\/v2\/posts\/34669\/revisions"}],"predecessor-version":[{"id":34670,"href":"http:\/\/www.friaguinee.net\/index.php\/wp-json\/wp\/v2\/posts\/34669\/revisions\/34670"}],"wp:featuredmedia":[{"embeddable":true,"href":"http:\/\/www.friaguinee.net\/index.php\/wp-json\/wp\/v2\/media\/32014"}],"wp:attachment":[{"href":"http:\/\/www.friaguinee.net\/index.php\/wp-json\/wp\/v2\/media?parent=34669"}],"wp:term":[{"taxonomy":"category","embeddable":true,"href":"http:\/\/www.friaguinee.net\/index.php\/wp-json\/wp\/v2\/categories?post=34669"},{"taxonomy":"post_tag","embeddable":true,"href":"http:\/\/www.friaguinee.net\/index.php\/wp-json\/wp\/v2\/tags?post=34669"}],"curies":[{"name":"wp","href":"https:\/\/api.w.org\/{rel}","templated":true}]}}