{"id":3461,"date":"2018-05-27T12:51:11","date_gmt":"2018-05-27T12:51:11","guid":{"rendered":"http:\/\/www.friaguinee.net\/?p=3461"},"modified":"2018-05-27T12:51:11","modified_gmt":"2018-05-27T12:51:11","slug":"kankan-le-chef-des-programmes-de-la-radio-rurale-sen-est-alle","status":"publish","type":"post","link":"http:\/\/www.friaguinee.net\/index.php\/2018\/05\/27\/kankan-le-chef-des-programmes-de-la-radio-rurale-sen-est-alle\/","title":{"rendered":"Kankan\u00a0: le chef des programmes de la radio rurale s\u2019en est all\u00e9\u00a0!"},"content":{"rendered":"<p><strong>Le chef des programmes de la radio rurale de Kankan, Souleymane Dioubat\u00e9, plus connu sous le surnom de \u2018\u2019Grand Soul\u2019\u2019-et dont nous annoncions la maladie-, a tir\u00e9 sa r\u00e9v\u00e9rence\u00a0\u00a0dans la soir\u00e9e du vendredi 25 mai 2018 \u00e0 h\u00f4pital r\u00e9gional. Il avait 41 ans. Il est mort des suites d\u2019une h\u00e9patite de type B. Lors de son inhumation, ce samedi 26 mai 2018, ses proches, amis et collaborateurs lui ont rendu un hommage.<\/strong><\/p>\n<p>Au-del\u00e0 de ses fonction de directeur des programmes au sein de la radio rurale de Kankan, Souleymane Dioubat\u00e9 s\u2019\u00e9tait rendu c\u00e9l\u00e8bre gr\u00e2ce \u00e0 son \u00e9mission d\u00e9nomm\u00e9e \u2018\u2019Manden Kouloumba\u2019\u2019 (Le grand espace du Manden) qui se passait chaque mardi matin en langue locale sur les ondes de la radio rurale.<\/p>\n<p>\u00ab\u00a0<em>C\u2019est moi qui ai recrut\u00e9 \u2018\u2019Grand Soul \u00e0 Siguiri. A l\u2019\u00e9poque j\u2019y \u00e9tais en tant que directeur. En 2010, j\u2019ai \u00e9t\u00e9 affect\u00e9 ici \u00e0 Kankan. Un probl\u00e8me de leadership s\u2019est pos\u00e9 au sein de la radio,\u00a0\u00a0on m\u2019a demand\u00e9 de choisir quelqu\u2019un qui pourrait assumer le poste de directeur des programmes. Et vu son engagement dans le travail, c\u2019est lui que j\u2019ai choisi. Et depuis cette nomination, j\u2019ai toujours \u00e9t\u00e9 satisfait de son rendement<\/em>\u00a0\u00bb.\u00a0 a expliqu\u00e9 Ibrahima Sory Ciss\u00e9, dit Sorel Bolokada, Directeur de la radio rurale de Kankan.<\/p>\n<p>\u00ab<em>\u00a0Grand Soul a surtout \u00e9t\u00e9 \u00e0 l\u2019origine de grandes innovations partout o\u00f9 il est pass\u00e9. Il\u00a0\u00a0savait rassembler les gens. Son r\u00f4le a \u00e9t\u00e9 \u00e9minent dans la mise en place de l\u2019Association des journalistes de Kankan, AJK. Il \u00e9tait aussi\u00a0\u00a0entraineur de l\u2019\u00e9quipe de football de la presse kankanaise<\/em>\u00a0\u00bb,\u00a0\u00a0a confi\u00e9, Lounceny Dram\u00e9, collaborateur ext\u00e9rieur de la radio rurale de Kankan, depuis 2002.<\/p>\n<p>Apr\u00e8s son cycle secondaire\u00a0\u00a0au lyc\u00e9e 3 avril de Kankan, o\u00f9 son nom est rest\u00e9 grav\u00e9, notamment dans le domaine des sciences exactes, il est orient\u00e9 \u00e0 l\u2019universit\u00e9 Julius Nyerere de Kankan, au d\u00e9partement des Math\u00e9matiques.<\/p>\n<p>Apr\u00e8s ses \u00e9tudes en 2005, il opte pour le micro et entame sa carri\u00e8re professionnelle \u00e0 la radio rurale de Siguiri. En 2011, il\u00a0\u00a0y\u00a0\u00a0est nomm\u00e9 archiviste.\u00a0En 2016, il b\u00e9n\u00e9ficie de la confiance du directeur actuel de la\u00a0\u00a0radio r\u00e9gionale de Kankan, qui le nomme Directeur des programmes par int\u00e9rim, suite \u00e0 une sanction dont avait fait l\u2019objet\u00a0son pr\u00e9d\u00e9cesseur, Fac\u00e9ly Cond\u00e9, actuellement en service \u00e0 la radio rurale de Kouroussa.<\/p>\n<p>Finalement c\u2019est en 2017, qu\u2019il a \u00e9t\u00e9 confirm\u00e9 \u00e0 ce poste. En outre, il \u00e9tait aussi le correspondant local de la RTG Boulbinet et de la radio Famillia FM de Conakry.<\/p>\n<p>A noter que le d\u00e9funt part, laissant derri\u00e8re lui une veuve et quatre enfants. Que la terre lui soit l\u00e9g\u00e8re.<\/p>\n<p>Ledjely<\/p>\n","protected":false},"excerpt":{"rendered":"<p>Le chef des programmes de la radio rurale de Kankan, Souleymane Dioubat\u00e9, plus connu sous le surnom de \u2018\u2019Grand Soul\u2019\u2019-et dont nous annoncions la maladie-, a tir\u00e9 sa r\u00e9v\u00e9rence\u00a0\u00a0dans la soir\u00e9e du vendredi 25 mai 2018 \u00e0 h\u00f4pital r\u00e9gional. Il avait 41 ans. Il est mort des suites d\u2019une h\u00e9patite de type B. Lors de [&hellip;]<\/p>\n","protected":false},"author":2,"featured_media":3462,"comment_status":"open","ping_status":"open","sticky":false,"template":"","format":"standard","meta":{"footnotes":""},"categories":[151],"tags":[],"class_list":["post-3461","post","type-post","status-publish","format-standard","has-post-thumbnail","hentry","category-necrologie"],"_links":{"self":[{"href":"http:\/\/www.friaguinee.net\/index.php\/wp-json\/wp\/v2\/posts\/3461","targetHints":{"allow":["GET"]}}],"collection":[{"href":"http:\/\/www.friaguinee.net\/index.php\/wp-json\/wp\/v2\/posts"}],"about":[{"href":"http:\/\/www.friaguinee.net\/index.php\/wp-json\/wp\/v2\/types\/post"}],"author":[{"embeddable":true,"href":"http:\/\/www.friaguinee.net\/index.php\/wp-json\/wp\/v2\/users\/2"}],"replies":[{"embeddable":true,"href":"http:\/\/www.friaguinee.net\/index.php\/wp-json\/wp\/v2\/comments?post=3461"}],"version-history":[{"count":1,"href":"http:\/\/www.friaguinee.net\/index.php\/wp-json\/wp\/v2\/posts\/3461\/revisions"}],"predecessor-version":[{"id":3463,"href":"http:\/\/www.friaguinee.net\/index.php\/wp-json\/wp\/v2\/posts\/3461\/revisions\/3463"}],"wp:featuredmedia":[{"embeddable":true,"href":"http:\/\/www.friaguinee.net\/index.php\/wp-json\/wp\/v2\/media\/3462"}],"wp:attachment":[{"href":"http:\/\/www.friaguinee.net\/index.php\/wp-json\/wp\/v2\/media?parent=3461"}],"wp:term":[{"taxonomy":"category","embeddable":true,"href":"http:\/\/www.friaguinee.net\/index.php\/wp-json\/wp\/v2\/categories?post=3461"},{"taxonomy":"post_tag","embeddable":true,"href":"http:\/\/www.friaguinee.net\/index.php\/wp-json\/wp\/v2\/tags?post=3461"}],"curies":[{"name":"wp","href":"https:\/\/api.w.org\/{rel}","templated":true}]}}