{"id":3442,"date":"2018-05-26T11:28:26","date_gmt":"2018-05-26T11:28:26","guid":{"rendered":"http:\/\/www.friaguinee.net\/?p=3442"},"modified":"2018-05-26T11:40:45","modified_gmt":"2018-05-26T11:40:45","slug":"fria-hausse-vertigineuse-des-prix-des-legumes","status":"publish","type":"post","link":"http:\/\/www.friaguinee.net\/index.php\/2018\/05\/26\/fria-hausse-vertigineuse-des-prix-des-legumes\/","title":{"rendered":"Fria\u00a0: hausse vertigineuse des prix des l\u00e9gumes\u00a0!"},"content":{"rendered":"<p>En cette p\u00e9riode de p\u00e9nitence, les vendeuses de l\u00e9gumes n\u2019ont pas trouv\u00e9 mieux que de revoir les prix des l\u00e9gumes \u00e0 la hausse.<\/p>\n<p>Dans le march\u00e9 central, les prix ont tripl\u00e9 et les plus hautes fluctuations sont enregistr\u00e9es sur l\u2019aubergine, le gombo et la tomate qui sont presque utilis\u00e9s dans toutes les sauces.<\/p>\n<p>Le chou, \u00a0la carotte et le concombre, sont ignor\u00e9s par les acheteurs \u00e0 cause de leur prix exorbitant.<\/p>\n<p>Cette situation inqui\u00e9tante est depuis 2016, devenue le mode de vie des consommateurs de la cit\u00e9 de l\u2019alumine pendant la p\u00e9riode du Ramadan.<\/p>\n<p>Bintou Camara est tr\u00e8s choqu\u00e9e par cet acte qu\u2019elle qualifie de mauvaise foi.<\/p>\n<p>\u00ab\u00a0Je suis tr\u00e8s d\u00e9\u00e7ue des vendeuses de l\u00e9gumes qui, au lieu de baisser ou maintenir les prix habituels en ce mois saint de Ramadan, augmentent de fa\u00e7on fantaisiste les prix, comme si c\u2019est au port qu\u2019on d\u00e9douane les l\u00e9gumes. C\u2019est choquant\u00a0!\u00a0\u00bb dit-elle.<\/p>\n<p>Une vendeuse d\u2019aubergine, tr\u00e8s s\u00fbre d\u2019elle, dit avoir la conscience tranquille quant \u00e0 cette augmentation qu\u2019elle justifie par la hausse du prix des sacs de l\u00e9gumes.<\/p>\n<p>\u00ab\u00a0Tous les jours les gens parlent mal de nous, certains m\u00eame nous maudissent, mais moi j\u2019ai l\u2019esprit tranquille parce que ce que je fais, je le fais entre Dieu et moi. On achetait un sac d\u2019aubergine \u00e0 150.000 fg avant le Ramadan, aujourd\u2019hui on l\u2019ach\u00e8te \u00e0 300.000 fg. C\u2019est pourquoi je ne peux pas vendre une aubergine \u00e0 500 fg, je vends les plus petits \u00e0 1000 fg, les autres entre 2000 et 3000 et m\u00eame 4000 selon la taille. Ce n\u2019est pas de notre faute\u00a0\u00bb affirme Makal\u00e9 Tour\u00e9.<\/p>\n<p>Pendant que les citoyens tirent le diable par la queue, les responsables du bureau du march\u00e9 se disent impuissants face \u00e0 la situation. Selon eux, vue que le commerce est libre, il leur est impossible de demander aux vendeurs de baisser les prix.<\/p>\n<p>Les Friakas doivent donc prendre leurs maux en patience dans l\u2019espoir que ces prix \u00a0baisseront d\u00e8s la fin du Ramadan.<\/p>\n<p><strong>\u00a0<\/strong><\/p>\n<p><strong>Dj\u00e9nabou Diallo<\/strong><\/p>\n<p><strong>Tel\u00a0: 628 28 67 44 <\/strong><\/p>\n","protected":false},"excerpt":{"rendered":"<p>En cette p\u00e9riode de p\u00e9nitence, les vendeuses de l\u00e9gumes n\u2019ont pas trouv\u00e9 mieux que de revoir les prix des l\u00e9gumes \u00e0 la hausse. Dans le march\u00e9 central, les prix ont tripl\u00e9 et les plus hautes fluctuations sont enregistr\u00e9es sur l\u2019aubergine, le gombo et la tomate qui sont presque utilis\u00e9s dans toutes les sauces. Le chou, [&hellip;]<\/p>\n","protected":false},"author":2,"featured_media":3443,"comment_status":"open","ping_status":"open","sticky":false,"template":"","format":"standard","meta":{"footnotes":""},"categories":[3],"tags":[49,237,277,238],"class_list":["post-3442","post","type-post","status-publish","format-standard","has-post-thumbnail","hentry","category-societe","tag-fria","tag-hausse","tag-legumes","tag-prix"],"_links":{"self":[{"href":"http:\/\/www.friaguinee.net\/index.php\/wp-json\/wp\/v2\/posts\/3442","targetHints":{"allow":["GET"]}}],"collection":[{"href":"http:\/\/www.friaguinee.net\/index.php\/wp-json\/wp\/v2\/posts"}],"about":[{"href":"http:\/\/www.friaguinee.net\/index.php\/wp-json\/wp\/v2\/types\/post"}],"author":[{"embeddable":true,"href":"http:\/\/www.friaguinee.net\/index.php\/wp-json\/wp\/v2\/users\/2"}],"replies":[{"embeddable":true,"href":"http:\/\/www.friaguinee.net\/index.php\/wp-json\/wp\/v2\/comments?post=3442"}],"version-history":[{"count":3,"href":"http:\/\/www.friaguinee.net\/index.php\/wp-json\/wp\/v2\/posts\/3442\/revisions"}],"predecessor-version":[{"id":3446,"href":"http:\/\/www.friaguinee.net\/index.php\/wp-json\/wp\/v2\/posts\/3442\/revisions\/3446"}],"wp:featuredmedia":[{"embeddable":true,"href":"http:\/\/www.friaguinee.net\/index.php\/wp-json\/wp\/v2\/media\/3443"}],"wp:attachment":[{"href":"http:\/\/www.friaguinee.net\/index.php\/wp-json\/wp\/v2\/media?parent=3442"}],"wp:term":[{"taxonomy":"category","embeddable":true,"href":"http:\/\/www.friaguinee.net\/index.php\/wp-json\/wp\/v2\/categories?post=3442"},{"taxonomy":"post_tag","embeddable":true,"href":"http:\/\/www.friaguinee.net\/index.php\/wp-json\/wp\/v2\/tags?post=3442"}],"curies":[{"name":"wp","href":"https:\/\/api.w.org\/{rel}","templated":true}]}}