{"id":3409,"date":"2018-05-24T16:43:55","date_gmt":"2018-05-24T16:43:55","guid":{"rendered":"http:\/\/www.friaguinee.net\/?p=3409"},"modified":"2018-05-24T16:43:55","modified_gmt":"2018-05-24T16:43:55","slug":"guinee-mamady-youla-fait-son-bilan","status":"publish","type":"post","link":"http:\/\/www.friaguinee.net\/index.php\/2018\/05\/24\/guinee-mamady-youla-fait-son-bilan\/","title":{"rendered":"Guin\u00e9e: Mamady Youla fait son bilan !"},"content":{"rendered":"<p>A la tete de la primature depuis le 26 d\u00e9cembre 2015, Mamady Youla a pass\u00e9 le t\u00e9moin \u00e0 Kassory Fofana ce jeudi 24 mai 2018.<\/p>\n<p>Dans son discours que nous vous proposons ci-dessous, l&rsquo;ex locataire du palais de la colombe est revenu sur son bilan.<\/p>\n<p><strong>Excellence Monsieur le P remier Ministre, Chef du Gouvernement ; Mesdames et Messieurs les Pr\u00e9sidents des Institutions R\u00e9publicaines ; Mesdames et Messieurs les membres du Gouvernement ; Mesdames et Messieurs les Membres du Cabinet de la Pr\u00e9sidence de la R\u00e9publique ; Excellences Mesdames et Messieurs les membres du Corps ; Diplomatique et Consulaire ; Mesdames et Messieurs les Repr\u00e9sentants des Institutions ; Internationales ; Mesdames et Messieurs les Hauts Cadres de la Primature ; Mesdames et Messieurs les travailleurs de la Primature, Mesdames et Messieurs,<\/strong><\/p>\n<p><strong>Permettez-moi tout d\u2019abord, en ce mois saint de Ramadan, de rendre gr\u00e2ce au Tout Puissant, pour m\u2019avoir gratifi\u00e9 de sa protection, je dirais m\u00eame de sa b\u00e9n\u00e9diction, et de m\u2019avoir donn\u00e9 la force et la sant\u00e9 pour porter sur mes fr\u00eales \u00e9paules les lourdes mais combien exaltantes responsabilit\u00e9s de Premier Ministre, Chef du Gouvernement, du 26 D\u00e9cembre 2015 au 21 Mai 2018.<\/strong><\/p>\n<p><strong> Je voudrais ensuite t\u00e9moigner ma reconnaissance au Professeur Alpha Cond\u00e9, Pr\u00e9sident de la R\u00e9publique, Chef de l\u2019Etat, pour la confiance qu\u2019il a bien voulu placer en ma personne ainsi qu\u2019en l\u2019\u00e9quipe gouvernementale que j\u2019ai eu l\u2019honneur de diriger.<\/strong><\/p>\n<p><strong>Au moment de ma nomination en d\u00e9cembre 2015, nous \u00e9tions pleinement conscients des charges et devoirs qui nous attendaient, au sortir des deux ann\u00e9es, 2014 et 2015, marqu\u00e9es par la terrible \u00e9pid\u00e9mie de la MVE, qui furent parmi les plus difficiles de l\u2019histoire r\u00e9cente de notre pays. Nous \u00e9tions \u00e9galement conscients des effets d\u00e9vastateurs de cette crise sur la situation \u00e9conomique et sociale de la Nation, d\u2019une part, et des attentes pressantes et multiples du peuple de Guin\u00e9e \u00e0 l\u2019endroit des Autorit\u00e9s et, plus particuli\u00e8rement, du Gouvernement, d\u2019autre part.<\/strong><\/p>\n<p><strong>Tr\u00e8s t\u00f4t, suivant en cela les directives du Chef de l\u2019Etat et avec son soutien, le Gouvernement s\u2019est attel\u00e9 \u00e0 mettre en \u0153uvre avec application, abn\u00e9gation, engagement et d\u00e9termination, le train de mesures devant permettre \u00e0 notre pays de retrouver la stabilit\u00e9, la qui\u00e9tude sociale et de renouer avec la croissance.<\/strong><\/p>\n<p><strong>Dans le domaine de la gouvernance de fa\u00e7on g\u00e9n\u00e9rale, le Gouvernement a \u00e9labor\u00e9 de nombreux textes l\u00e9gislatifs et r\u00e9glementaires et revus de nombreux autres textes d\u00e9j\u00e0 existants pour les adapter au contexte de la Guin\u00e9e d\u2019aujourd\u2019hui, am\u00e9liorant ainsi de fa\u00e7on significative le cadre de gouvernance r\u00e9gissant les activit\u00e9s dans les domaines socio-\u00e9conomique, judiciaire, politique, s\u00e9curitaire, etc.<\/strong><\/p>\n<p><strong> Sur le plan politique, bien que les sujets de divergence fussent nombreux et que persistaient la m\u00e9fiance et les ranc\u0153urs, j\u2019ai pris l\u2019initiative de lancer le Dialogue Politique qui a abouti \u00e0 la signature de l\u2019Accord Politique du 12 Octobre 2016. Avec patience, p\u00e9dagogie et fermet\u00e9, le Gouvernement s\u2019est attel\u00e9 \u00e0 la mise en \u0153uvre des dispositions dudit Accord Politique ; ce qui a permis d\u2019arr\u00eater un calendrier \u00e9lectoral consensuel et de tenir les derni\u00e8res \u00e9lections locales de fa\u00e7on globalement satisfaisante.<\/strong><\/p>\n<p><strong>Sur le terrain social, outre l\u2019am\u00e9lioration sensible de nombreux indicateurs sociaux de base, le Gouvernement, une fois de plus, a maintenu le cap des r\u00e9formes dans l\u2019\u00e9ducation et la sant\u00e9. Aujourd\u2019hui, on peut affirmer sans risque de se tromper que, de fa\u00e7on courageuse et d\u00e9termin\u00e9e, d\u2019importants chantiers ont \u00e9t\u00e9 ouverts dans l\u2019\u00e9ducation et la sant\u00e9, ouvrant de r\u00e9elles perspectives de changements qualitatifs dans ces deux secteurs. Par ailleurs, un effort significatif a \u00e9t\u00e9 fait et est en cours pour l\u2019am\u00e9lioration et le renforcement des infrastructures sociales.<\/strong><\/p>\n<p><strong>Sur le plan \u00e9conomique, partant d\u2019une croissance quasi-nulle, de d\u00e9s\u00e9quilibres accrus des finances publiques, de la suspension du Programme avec le FMI et par cons\u00e9quent de la coop\u00e9ration avec la plupart de nos Partenaires Techniques et Financiers (PTF), le Gouvernement s\u2019est attel\u00e9 \u00e0 l\u2019\u00e9laboration et \u00e0 la mise en \u0153uvre d\u2019un vaste et ambitieux programme de r\u00e9formes dont certains des axes majeurs ont \u00e9t\u00e9 les suivants : (i) la relance du Programme avec le FMI et le r\u00e9tablissement de la coop\u00e9ration avec les PTF ; (ii) l\u2019\u00e9laboration d\u2019un nouveau plan de d\u00e9veloppement \u00e0 moyen terme, le PNDES 2016-2020 ; l\u2019ouverture de discussions avec les PTF pour, d\u2019une part, la n\u00e9gociation d\u2019un nouveau programme FEC et, d\u2019une part, la pr\u00e9paration de la r\u00e9union du Groupe Consultatif pour le financement du PNDES 20162020. Dans ce m\u00eame ordre d\u2019id\u00e9es, il y a lieu de noter les discussions engag\u00e9es avec l\u2019Union Europ\u00e9enne qui ont permis de sortir la Guin\u00e9e de la liste des pays non coop\u00e9rants de l\u2019UE dans le cadre de la lutte contre la P\u00eache INN.<\/strong><\/p>\n<p><strong>Dans le domaine de l\u2019environnement des affaires, un suivi beaucoup plus rapproch\u00e9 des r\u00e9formes attendues a permis de faire avancer les choses avec des r\u00e9sultats tangibles ; le Gouvernement s\u2019est notamment pench\u00e9 sur la pr\u00e9paration de la Politique de Contenu Local et l\u2019adoption de la loi sur le Contenu Local et le lancement du Guin\u00e9e Business Forum \u00e9tablissant un cadre de dialogue formel entre les secteurs public et priv\u00e9.<\/strong><\/p>\n<p><strong>Dans le secteur des Mines, nous avons enregistr\u00e9 des avanc\u00e9es d\u00e9cisives, notamment dans la fili\u00e8re bauxite-alumine ; en effet, le projet SMB, partant de z\u00e9ro en 2015, a affich\u00e9 en 2017 une production de l\u2019ordre de 30 millions de tonnes ; en outre, le projet d\u2019extension de la CBG, le projet de bauxite de la soci\u00e9t\u00e9 GAC et le projet ALUFER sont en phases de d\u00e9veloppement tr\u00e8s avanc\u00e9es et devraient prochainement entrer en production.<\/strong><\/p>\n<p><strong>Dans le domaine du d\u00e9veloppement rural, la pr\u00e9paration et l\u2019accompagnement des initiatives pr\u00e9sidentielles, dans l\u2019agriculture, la pisciculture, l\u2019\u00e9levage ainsi que la transformation et la commercialisation de ces productions, ont \u00e9t\u00e9 au c\u0153ur des actions du Gouvernement.<\/strong><\/p>\n<p><strong>En mati\u00e8re de s\u00e9curit\u00e9 en g\u00e9n\u00e9ral et de la s\u00e9curit\u00e9 routi\u00e8re en particulier, d\u2019importants jalons ont \u00e9t\u00e9 pos\u00e9s avec, entre autres actions, l\u2019organisation des Etats G\u00e9n\u00e9raux de la S\u00e9curit\u00e9 Routi\u00e8re et le lancement d\u2019un plan d\u2019urgence pour lever les entraves \u00e0 la circulation routi\u00e8re dans la capitale Conakry, parall\u00e8lement \u00e0 la poursuite et surtout au renforcement des efforts du Gouvernement dans la lutte contre le grand banditisme.<\/strong><\/p>\n<p><strong>Dans le domaine des infrastructures, partant d\u2019une situation tr\u00e8s difficile sur le r\u00e9seau routier en 2015, aussi bien \u00e0 Conakry qu\u2019\u00e0 l\u2019int\u00e9rieur du pays, le Gouvernement a mis en \u0153uvre un plan s\u00e9rieux de r\u00e9habilitation des sections du r\u00e9seau dans une situation critique et de reconstruction d\u2019autres sections, principalement \u00e0 Conakry, afin de les mettre aux standards requis.<\/strong><\/p>\n<p><strong>Dans le domaine de l\u2019assainissement, le Gouvernement a \u00e9labor\u00e9 une strat\u00e9gie de professionnalisation de la gestion des d\u00e9chets pour la ville de Conakry et mobiliser plus de 50 millions de dollars usd pour engager un changement rapide et p\u00e9renne avant la fin de l\u2019ann\u00e9e 2018.<\/strong><\/p>\n<p><strong>Mesdames et Messieurs,<\/strong><\/p>\n<p><strong>Cette \u00e9num\u00e9ration qui ne saurait \u00eatre exhaustive, avait pour but de vous donner un aper\u00e7u sur certains des axes de la politique \u00e9conomique et sociale mise en \u0153uvre par mon Gouvernement au cours des deux ans et demi. Cette politique et l\u2019ensemble des r\u00e9formes que nous avons pu conduire sous le leadership du Chef de l\u2019Etat nous a permis d\u2019obtenir des r\u00e9sultats appr\u00e9ciables parmi lesquels nous rappellerons quelquesuns des plus remarquables :<\/strong><strong><br \/>\n\u2022 pour la premi\u00e8re fois dans l\u2019histoire de notre pays, l\u2019ach\u00e8vement d\u2019un programme avec le FMI, avec la conclusion en Octobre 2016 du Programme 2012-2016 au titre de la FEC ;<br \/>\n\u2022 le lancement d\u2019un nouveau programme, le Programme 2017-2020 au titre de la FEC assorti pour la premi\u00e8re fois d\u2019une enveloppe de pr\u00eats non-concessionnels de USD 650 millions ;<br \/>\n\u2022 la tenue de la r\u00e9union du Groupe Consultatif pour la Guin\u00e9e qui a permis de mobiliser une enveloppe de plus de USD 21 milliards ;<br \/>\n\u2022 la signature d\u2019un Accord-Cadre avec la Chine pour le financement des infrastructures, pour une enveloppe globale de USD 20 milliards ;<br \/>\n\u2022 le bouclage du financement du projet de barrage hydro-\u00e9lectrique de Souapiti pour une enveloppe d\u2019environ USD 1,5 milliards ;<br \/>\n\u2022 l\u2019am\u00e9lioration spectaculaire de certains indicateurs \u00e9conomiques de la Guin\u00e9e : (i) une de croissance du PIB \u00e0 deux chiffres enregistr\u00e9e en 2016 et 2017 avec respectivement des taux de 10,5% et 12,7%, (ii) dix (10) places gagn\u00e9es en un an dans le classement Doing Business de la Banque Mondiale, (iii) la Guin\u00e9e class\u00e9e dans le groupe des cinq (5) pays les plus r\u00e9formateurs dans l\u2019index Banque Mondiale ; \u2022 etc.<\/strong><\/p>\n<p><strong>Au regard de ces r\u00e9sultats plus que flatteurs, on serait tent\u00e9s de penser que notre pays a d\u00e9finitivement lever l\u2019essentiel des obstacles qui jonchent le chemin du d\u00e9veloppement de la Guin\u00e9e. A l\u2019instar du Chef de l\u2019Etat qui nous le rappelait il y a quelques mois, je m\u2019en vais vous dire que de nombreux d\u00e9fis demeurent et que les succ\u00e8s que nous avons obtenus au prix de nombreux sacrifices sont fragiles et doivent imp\u00e9rativement \u00eatre pr\u00e9serv\u00e9s. Toutes ces promesses de financement et de projets \u00e0 venir ne se mat\u00e9rialiseront effectivement que si et seulement si la Guin\u00e9e et les Guin\u00e9ens d\u00e9montrent \u00e0 tous ces partenaires pr\u00eats \u00e0 nous accompagner, que nous serons les premiers \u00e0 pr\u00e9server ces acquis et \u00e0 nous mettre au travail pour sortir notre pays de la pauvret\u00e9. Pour cela nous devons davantage cultiver les vertus du consensus national autour des questions essentielles, taire nos dissensions politiques, promouvoir le dialogue constructif pour r\u00e9soudre nos diff\u00e9rends et redonner \u00e0 la Justice, au Travail et au M\u00e9rite la place essentielle qui doit \u00eatre la leur dans toute soci\u00e9t\u00e9 qui aspire \u00e0 un d\u00e9veloppement assis sur des bases solides et durables.<\/strong><\/p>\n<p><strong>Mesdames et Messieurs les Membres du Cabinet et Chers,<\/strong><\/p>\n<p><strong>Travailleurs de la Primature,<\/strong><\/p>\n<p><strong>Je suis heureux, au terme de ma mission \u00e0 la t\u00eate de cette grande institution de notre pays, de partager avec vous ce moment solennel de transmission du t\u00e9moin \u00e0 Monsieur Ibrahima Kassory FOFANA, qui vient de b\u00e9n\u00e9ficier de la confiance du Chef de l\u2019Etat qui l\u2019a nomm\u00e9 dans les hautes fonctions de Premier Ministre, Chef du Gouvernement.<\/strong><\/p>\n<p><strong>Je voudrais, \u00e0 cet effet, vous inviter \u00e0 lui r\u00e9server un accueil chaleureux et \u00e0 lui t\u00e9moigner la disponibilit\u00e9 et la loyaut\u00e9 requises pour l\u2019accompagner dans ces nouvelles fonctions. Je reste convaincu que Monsieur Ibrahima Kassory FOFANA, qui est un homme d\u2019exp\u00e9rience, saura pleinement prendre en main les destin\u00e9es de cette institution.<\/strong><\/p>\n<p><strong>Monsieur le Premier Ministre,<\/strong><\/p>\n<p><strong>Je voudrais vous renouveler encore une fois toutes mes f\u00e9licitations et vous souhaiter pleine r\u00e9ussite dans l\u2019ex\u00e9cution de l\u2019exaltante mission qui vient de vous \u00eatre confi\u00e9e par le Chef de l\u2019Etat, le Professeur Alpha CONDE.<\/strong><\/p>\n<p><strong>Au regard de votre longue exp\u00e9rience et du parcours qui a \u00e9t\u00e9 le v\u00f4tre, je ne doute pas un seul instant que vous serez \u00e0 la hauteur des d\u00e9fis qui vous attendent \u00e0 la t\u00eate du Gouvernement et saurez pleinement m\u00e9riter la confiance que Monsieur le Pr\u00e9sident de la R\u00e9publique a plac\u00e9e en vous.<\/strong><\/p>\n<p><strong>Je voudrais en outre ajouter que, durant ces deux ans et demi pass\u00e9s dans cette maison, j\u2019ai engag\u00e9 une s\u00e9rie de r\u00e9formes au rang desquelles figurent entre autres la cr\u00e9ation du Bureau d\u2019Ex\u00e9cution Strat\u00e9gique (BES) qui b\u00e9n\u00e9ficie de l\u2019appui du Cabinet de Conseils Dalberg Global Development Advisors, et qui dote ainsi la Primature d\u2019un v\u00e9ritable outil de r\u00e9flexion et d\u2019aide \u00e0 la d\u00e9cision strat\u00e9gique et d\u2019appui \u00e0 la mise en \u0153uvre des priorit\u00e9s gouvernementales. Je voudrais \u00e9galement souligner le lancement d\u2019un important projet d\u2019assistance technique et de renforcement des capacit\u00e9s appuy\u00e9 par la Banque Mondiale (Projet EGTACB II), avec le recrutement en cours d\u2019une quinzaine d\u2019experts internationaux et de consultants nationaux pour redynamiser les leviers de pilotage de la Primature. Il s\u2019agira notamment de l\u2019organisation et du fonctionnement du travail gouvernemental, de la coordination de l\u2019action et de la communication gouvernementales, du suivi des programmes internationaux de gouvernance (CPIA, DOING BUSINESS, MCC\u2026) et de l\u2019am\u00e9lioration de l\u2019absorption des financements ext\u00e9rieurs.<\/strong><\/p>\n<p><strong>Ce sont l\u00e0 des outils qui vous seront, j\u2019en suis certain, utiles dans la conduite de votre mission \u00e0 la t\u00eate du Gouvernement.<\/strong><\/p>\n<p><strong>C\u2019est dans cette m\u00eame perspective que, dans le souci de mettre le cadre de travail en conformit\u00e9 avec la s\u00e9r\u00e9nit\u00e9 et la dignit\u00e9 que requiert la mission de l\u2019institution que repr\u00e9sente la Primature, j\u2019ai pris l\u2019initiative d\u2019engager des travaux de r\u00e9novation de son si\u00e8ge.<\/strong><\/p>\n<p><strong>Monsieur le Premier Ministre,<\/strong><\/p>\n<p><strong>Mesdames et Messieurs,<\/strong><\/p>\n<p><strong>Je voudrais saisir cette occasion solennelle, pour remercier l\u2019ensemble des travailleurs de la Primature qui, avec d\u00e9vouement et comp\u00e9tence et dans des conditions pas toujours faciles, ont accompagn\u00e9 ma mission \u00e0 la t\u00eate de cette institution. A ces remerciements, j\u2019associe l\u2019ensemble des structures rattach\u00e9es, y compris la Cellule de Communication du Gouvernement.<\/strong><\/p>\n<p><strong>Je ne serais pas complet si je n\u2019\u00e9voquais pas les membres de l\u2019\u00e9quipe gouvernementale qui m\u2019ont accompagn\u00e9 dans cette noble et exaltante mission. Tous les succ\u00e8s que j\u2019ai \u00e9voqu\u00e9s plus haut ont \u00e9t\u00e9 possibles gr\u00e2ce \u00e0 la contribution de chacun d\u2019entre eux. L\u2019occasion est opportune pour moi de leur adresser mes plus sinc\u00e8res remerciements et, de leur souhaiter la reconnaissance de la Nation pour le travail accompli.<\/strong><\/p>\n<p><strong>Si j\u2019ai pu me consacrer \u00e0 cette t\u00e2che au service de mon pays, le m\u00e9rite en revient \u00e9galement \u00e0 ma famille dont le soutien sans faille ne m\u2019a jamais fait d\u00e9faut et avec laquelle j\u2019ai partag\u00e9 les moments de joie et d\u2019inqui\u00e9tude.<\/strong><\/p>\n<p><strong>Je voudrais aussi adresser au peuple de Guin\u00e9e, au nom et en faveur duquel mon Gouvernement et moi avons \u0153uvr\u00e9 pour faire avancer notre pays, ma reconnaissance et mes remerciements pour le soutien dont nous avons b\u00e9n\u00e9fici\u00e9.<\/strong><strong><br \/>\nJe voudrais enfin r\u00e9it\u00e9rer ma gratitude et ma reconnaissance \u00e0 l\u2019endroit de Monsieur le Pr\u00e9sident de la R\u00e9publique, qui a plac\u00e9 sa confiance en moi pour l\u2019accompagner dans la conduite des destin\u00e9es de la Nation Guin\u00e9enne.<\/strong><\/p>\n<p><strong>Monsieur le Premier Ministre,<\/strong><\/p>\n<p><strong>En vous r\u00e9it\u00e9rant mes f\u00e9licitations pour votre nomination dans les hautes fonctions de Premier Ministre, Chef du Gouvernement, je formule les v\u0153ux que le Tout Puissant vous accompagne dans cette noble mission \u00e0 la t\u00eate du Gouvernement de la Guin\u00e9e afin qu\u2019elle soit couronn\u00e9e de succ\u00e8s.<\/strong><\/p>\n<p><strong>Je vous remercie<\/strong><\/p>\n<p><strong>Mamady Youla<\/strong><\/p>\n<p><strong>\u00a0<\/strong><\/p>\n","protected":false},"excerpt":{"rendered":"<p>A la tete de la primature depuis le 26 d\u00e9cembre 2015, Mamady Youla a pass\u00e9 le t\u00e9moin \u00e0 Kassory Fofana ce jeudi 24 mai 2018. Dans son discours que nous vous proposons ci-dessous, l&rsquo;ex locataire du palais de la colombe est revenu sur son bilan. Excellence Monsieur le P remier Ministre, Chef du Gouvernement ; [&hellip;]<\/p>\n","protected":false},"author":2,"featured_media":3410,"comment_status":"open","ping_status":"open","sticky":false,"template":"","format":"standard","meta":{"footnotes":""},"categories":[2],"tags":[],"class_list":["post-3409","post","type-post","status-publish","format-standard","has-post-thumbnail","hentry","category-actualites"],"_links":{"self":[{"href":"http:\/\/www.friaguinee.net\/index.php\/wp-json\/wp\/v2\/posts\/3409","targetHints":{"allow":["GET"]}}],"collection":[{"href":"http:\/\/www.friaguinee.net\/index.php\/wp-json\/wp\/v2\/posts"}],"about":[{"href":"http:\/\/www.friaguinee.net\/index.php\/wp-json\/wp\/v2\/types\/post"}],"author":[{"embeddable":true,"href":"http:\/\/www.friaguinee.net\/index.php\/wp-json\/wp\/v2\/users\/2"}],"replies":[{"embeddable":true,"href":"http:\/\/www.friaguinee.net\/index.php\/wp-json\/wp\/v2\/comments?post=3409"}],"version-history":[{"count":1,"href":"http:\/\/www.friaguinee.net\/index.php\/wp-json\/wp\/v2\/posts\/3409\/revisions"}],"predecessor-version":[{"id":3411,"href":"http:\/\/www.friaguinee.net\/index.php\/wp-json\/wp\/v2\/posts\/3409\/revisions\/3411"}],"wp:featuredmedia":[{"embeddable":true,"href":"http:\/\/www.friaguinee.net\/index.php\/wp-json\/wp\/v2\/media\/3410"}],"wp:attachment":[{"href":"http:\/\/www.friaguinee.net\/index.php\/wp-json\/wp\/v2\/media?parent=3409"}],"wp:term":[{"taxonomy":"category","embeddable":true,"href":"http:\/\/www.friaguinee.net\/index.php\/wp-json\/wp\/v2\/categories?post=3409"},{"taxonomy":"post_tag","embeddable":true,"href":"http:\/\/www.friaguinee.net\/index.php\/wp-json\/wp\/v2\/tags?post=3409"}],"curies":[{"name":"wp","href":"https:\/\/api.w.org\/{rel}","templated":true}]}}