{"id":33514,"date":"2021-05-09T13:30:25","date_gmt":"2021-05-09T13:30:25","guid":{"rendered":"http:\/\/www.friaguinee.net\/?p=33514"},"modified":"2021-05-09T13:30:26","modified_gmt":"2021-05-09T13:30:26","slug":"fria-difficile-collaboration-entre-populations-et-agents-de-la-croix-rouge-on-est-souvent-pris-a-partiecharge-de-com-du-cpcr","status":"publish","type":"post","link":"http:\/\/www.friaguinee.net\/index.php\/2021\/05\/09\/fria-difficile-collaboration-entre-populations-et-agents-de-la-croix-rouge-on-est-souvent-pris-a-partiecharge-de-com-du-cpcr\/","title":{"rendered":"Fria\/Difficile collaboration entre populations et agents de la croix rouge : \u00ab\u00a0On est souvent pris \u00e0 partie\u00a0\u00bb(Charg\u00e9 de Com du CPCR)"},"content":{"rendered":"\n<p>La journ\u00e9e internationale de la croix rouge est depuis 1863, c\u00e9l\u00e9br\u00e9e le 8 mai \u00e0 travers le monde. Elle marque la naissance du p\u00e8re fondateur Henry Dunant.<br> Depuis un si\u00e8cle et demi, la croix rouge contribue \u00e0 l&rsquo;extension et \u00e0 la promotion du droit international Humanitaire (DIH) en exer\u00e7ant des activit\u00e9s de b\u00e9n\u00e9volat aupr\u00e8s des \u00c9tats.<\/p>\n\n\n\n<p>Rencontr\u00e9 par un reporter de friaguinee.net, le charg\u00e9 de communication de la croix rouge prefectorale s&rsquo;est montr\u00e9 nostalgique des ann\u00e9es au cours desquelles la journ\u00e9e internationale de la croix \u00e9tait c\u00e9l\u00e9br\u00e9e en grande pompe.<\/p>\n\n\n\n<figure class=\"wp-block-image\"><img loading=\"lazy\" decoding=\"async\" width=\"1024\" height=\"768\" src=\"http:\/\/www.friaguinee.net\/wp-content\/uploads\/2021\/05\/received_609467570448913-1024x768.jpeg\" alt=\"\" class=\"wp-image-33522\" srcset=\"http:\/\/www.friaguinee.net\/wp-content\/uploads\/2021\/05\/received_609467570448913-1024x768.jpeg 1024w, http:\/\/www.friaguinee.net\/wp-content\/uploads\/2021\/05\/received_609467570448913-300x225.jpeg 300w, http:\/\/www.friaguinee.net\/wp-content\/uploads\/2021\/05\/received_609467570448913-768x576.jpeg 768w, http:\/\/www.friaguinee.net\/wp-content\/uploads\/2021\/05\/received_609467570448913-80x60.jpeg 80w, http:\/\/www.friaguinee.net\/wp-content\/uploads\/2021\/05\/received_609467570448913-265x198.jpeg 265w, http:\/\/www.friaguinee.net\/wp-content\/uploads\/2021\/05\/received_609467570448913-696x522.jpeg 696w, http:\/\/www.friaguinee.net\/wp-content\/uploads\/2021\/05\/received_609467570448913-1068x801.jpeg 1068w, http:\/\/www.friaguinee.net\/wp-content\/uploads\/2021\/05\/received_609467570448913-560x420.jpeg 560w, http:\/\/www.friaguinee.net\/wp-content\/uploads\/2021\/05\/received_609467570448913.jpeg 2048w\" sizes=\"auto, (max-width: 1024px) 100vw, 1024px\" \/><figcaption>Antoine Tamba Tenkiano <\/figcaption><\/figure>\n\n\n\n<p>Dans la pr\u00e9fecture de Fria, la c\u00e9l\u00e9bration de cette journ\u00e9e est suspendue depuis deux en raison de la pr\u00e9sence de la maladie \u00e0 coronavirus. <\/p>\n\n\n\n<p>&lt;&lt; <strong><em>D&rsquo;habitude \u00e0 Fria comme dans tout le pays,  nous c\u00e9l\u00e9brons cette journ\u00e9e sous l&rsquo;invitation des autorit\u00e9s pr\u00e9fectorales ou communales, oubien avec les institutions avec lesquelles nous collaborons. Nous pr\u00e9sentons les grands objectifs de la croix rouge, nos habitudes, nos interventions sur le terrain. Bon, l&rsquo;ann\u00e9e derni\u00e8re et cette ann\u00e9e nous n&rsquo;avons pas f\u00eat\u00e9 cet anniversaire en commun accord avec les autorit\u00e9s parce que le pays est frapp\u00e9 par une pand\u00e9mie qui est le coronavirus. Alors pour le respect des normes, nous avons jug\u00e9 n\u00e9cessaire de c\u00e9l\u00e9brer en diff\u00e9r\u00e9 et sur les r\u00e9seaux sociaux, o\u00f9 communiquent les diff\u00e9rents comit\u00e9s de la croix rouge. Voil\u00e0 les raisons qui ont fait que nous n&rsquo;avons pas f\u00eat\u00e9 la journ\u00e9e du 8 mai 2021 sinon nous l&rsquo;avons toujours f\u00eat\u00e9 avec la DPS et les autorit\u00e9s locales<\/em><\/strong> &gt;&gt;, a justifi\u00e9 d\u00e9clar\u00e9 Antoine Tamba Tenkiano.<\/p>\n\n\n\n<figure class=\"wp-block-image\"><img loading=\"lazy\" decoding=\"async\" width=\"720\" height=\"960\" src=\"http:\/\/www.friaguinee.net\/wp-content\/uploads\/2021\/05\/FB_IMG_1620566813729.jpg\" alt=\"\" class=\"wp-image-33521\" srcset=\"http:\/\/www.friaguinee.net\/wp-content\/uploads\/2021\/05\/FB_IMG_1620566813729.jpg 720w, http:\/\/www.friaguinee.net\/wp-content\/uploads\/2021\/05\/FB_IMG_1620566813729-225x300.jpg 225w, http:\/\/www.friaguinee.net\/wp-content\/uploads\/2021\/05\/FB_IMG_1620566813729-696x928.jpg 696w, http:\/\/www.friaguinee.net\/wp-content\/uploads\/2021\/05\/FB_IMG_1620566813729-315x420.jpg 315w\" sizes=\"auto, (max-width: 720px) 100vw, 720px\" \/><\/figure>\n\n\n\n<p>La croix rouge depuis un certain moment est vue d&rsquo;un \u0153il critique sur le terrain. Certains agents sont m\u00eame pris \u00e0 partie quelques fois par la population. Une situation que d\u00e9plore Tamba Tenkiano <\/p>\n\n\n\n<p> &lt;&lt; <strong><em>Le travail de la croix rouge c&rsquo;est la sensibilisation l&rsquo;assistance, mais sur le terrain notre travail est vraiment difficile. On est souvent pris \u00e0 partie. Mais les gens doivent savoir que la croix rouge au del\u00e0 son caract\u00e8re b\u00e9n\u00e9vole, c&rsquo;est une couche sociale. En aucun cas elle ne doit \u00eatre prise en partie<\/em><\/strong> &gt;&gt; a pr\u00e9cis\u00e9 le charg\u00e9 de communication de la croix rouge prefectorale. <\/p>\n\n\n\n<figure class=\"wp-block-image\"><img loading=\"lazy\" decoding=\"async\" width=\"720\" height=\"540\" src=\"http:\/\/www.friaguinee.net\/wp-content\/uploads\/2021\/05\/FB_IMG_1620566864017.jpg\" alt=\"\" class=\"wp-image-33520\" srcset=\"http:\/\/www.friaguinee.net\/wp-content\/uploads\/2021\/05\/FB_IMG_1620566864017.jpg 720w, http:\/\/www.friaguinee.net\/wp-content\/uploads\/2021\/05\/FB_IMG_1620566864017-300x225.jpg 300w, http:\/\/www.friaguinee.net\/wp-content\/uploads\/2021\/05\/FB_IMG_1620566864017-80x60.jpg 80w, http:\/\/www.friaguinee.net\/wp-content\/uploads\/2021\/05\/FB_IMG_1620566864017-265x198.jpg 265w, http:\/\/www.friaguinee.net\/wp-content\/uploads\/2021\/05\/FB_IMG_1620566864017-696x522.jpg 696w, http:\/\/www.friaguinee.net\/wp-content\/uploads\/2021\/05\/FB_IMG_1620566864017-560x420.jpg 560w\" sizes=\"auto, (max-width: 720px) 100vw, 720px\" \/><\/figure>\n\n\n\n<p>Pour rappel, le Mouvement international de la&nbsp;<strong>Croix<\/strong>&#8211;<strong>Rouge<\/strong>&nbsp;et du Croissant-<strong>Rouge<\/strong>&nbsp;est le plus grand r\u00e9seau humanitaire au monde. Sa mission est d&rsquo;all\u00e9ger les souffrances humaines, de prot\u00e9ger la vie et la sant\u00e9 et de faire respecter la dignit\u00e9 humaine, particuli\u00e8rement dans les conflits arm\u00e9s et d&rsquo;autres situations d&rsquo;urgence.<\/p>\n\n\n\n<p><strong>Alimou Gaoual Bah pour friaguinee.net <\/strong><\/p>\n","protected":false},"excerpt":{"rendered":"<p>La journ\u00e9e internationale de la croix rouge est depuis 1863, c\u00e9l\u00e9br\u00e9e le 8 mai \u00e0 travers le monde. Elle marque la naissance du p\u00e8re fondateur Henry Dunant. Depuis un si\u00e8cle et demi, la croix rouge contribue \u00e0 l&rsquo;extension et \u00e0 la promotion du droit international Humanitaire (DIH) en exer\u00e7ant des activit\u00e9s de b\u00e9n\u00e9volat aupr\u00e8s des [&hellip;]<\/p>\n","protected":false},"author":2,"featured_media":33517,"comment_status":"open","ping_status":"open","sticky":false,"template":"","format":"standard","meta":{"footnotes":""},"categories":[2],"tags":[1989,49,6940],"class_list":["post-33514","post","type-post","status-publish","format-standard","has-post-thumbnail","hentry","category-actualites","tag-croix-rouge","tag-fria","tag-journee-internationale-de-la-croix-rouge"],"_links":{"self":[{"href":"http:\/\/www.friaguinee.net\/index.php\/wp-json\/wp\/v2\/posts\/33514","targetHints":{"allow":["GET"]}}],"collection":[{"href":"http:\/\/www.friaguinee.net\/index.php\/wp-json\/wp\/v2\/posts"}],"about":[{"href":"http:\/\/www.friaguinee.net\/index.php\/wp-json\/wp\/v2\/types\/post"}],"author":[{"embeddable":true,"href":"http:\/\/www.friaguinee.net\/index.php\/wp-json\/wp\/v2\/users\/2"}],"replies":[{"embeddable":true,"href":"http:\/\/www.friaguinee.net\/index.php\/wp-json\/wp\/v2\/comments?post=33514"}],"version-history":[{"count":5,"href":"http:\/\/www.friaguinee.net\/index.php\/wp-json\/wp\/v2\/posts\/33514\/revisions"}],"predecessor-version":[{"id":33523,"href":"http:\/\/www.friaguinee.net\/index.php\/wp-json\/wp\/v2\/posts\/33514\/revisions\/33523"}],"wp:featuredmedia":[{"embeddable":true,"href":"http:\/\/www.friaguinee.net\/index.php\/wp-json\/wp\/v2\/media\/33517"}],"wp:attachment":[{"href":"http:\/\/www.friaguinee.net\/index.php\/wp-json\/wp\/v2\/media?parent=33514"}],"wp:term":[{"taxonomy":"category","embeddable":true,"href":"http:\/\/www.friaguinee.net\/index.php\/wp-json\/wp\/v2\/categories?post=33514"},{"taxonomy":"post_tag","embeddable":true,"href":"http:\/\/www.friaguinee.net\/index.php\/wp-json\/wp\/v2\/tags?post=33514"}],"curies":[{"name":"wp","href":"https:\/\/api.w.org\/{rel}","templated":true}]}}