{"id":33004,"date":"2021-04-28T08:21:33","date_gmt":"2021-04-28T08:21:33","guid":{"rendered":"http:\/\/www.friaguinee.net\/?p=33004"},"modified":"2021-04-28T08:21:34","modified_gmt":"2021-04-28T08:21:34","slug":"retrait-de-la-candidature-dantonio-souare-alpha-conde-salue-lacte-et-le-felicite-pour-les-bons-et-loyaux-services-rendus","status":"publish","type":"post","link":"http:\/\/www.friaguinee.net\/index.php\/2021\/04\/28\/retrait-de-la-candidature-dantonio-souare-alpha-conde-salue-lacte-et-le-felicite-pour-les-bons-et-loyaux-services-rendus\/","title":{"rendered":"Retrait de la candidature d&rsquo;Antonio Souar\u00e9 : Alpha Cond\u00e9 salue l\u2019acte et le f\u00e9licite pour les bons et loyaux services rendus&#8230;"},"content":{"rendered":"\n<p>Apr\u00e8s le retrait de sa candidature pour le poste de Pr\u00e9sident de la F\u00e9d\u00e9ration Guin\u00e9enne de Football (FEGUIFOOT), Mamadou Antonio Souar\u00e9 a \u00e9t\u00e9 f\u00e9licit\u00e9 et encourag\u00e9 par le Chef de l&rsquo;Etat.<\/p>\n\n\n\n<p><strong>Ci-dessous le contenu du message lu \u00e0 la t\u00e9l\u00e9vision nationale<\/strong><\/p>\n\n\n\n<p>J<em>e salue l\u2019acte empreint de responsabilit\u00e9 et de patriotisme que vient de poser Mamadou Antonio Souar\u00e9, pr\u00e9sident sortant de la F\u00e9guifoot afin que le football guin\u00e9en qu\u2019il aime tant continue \u00e0 se d\u00e9velopper dans notre pays, dans un climat apais\u00e9 et convivial pour le bonheur de notre jeunesse.<\/em><\/p>\n\n\n\n<p><em>Je le f\u00e9licite pour les bons et loyaux services rendus durant son mandat d\u00fbment rempli.<\/em><\/p>\n\n\n\n<p><em>Je le remercie aussi pour les efforts et les sacrifices qu\u2019il n\u2019a de cesse consentis pour l\u2019honneur et la gloire du football national \u00e0 la fois une passion personnelle et un engagement citoyen de tous les instants.<\/em><\/p>\n\n\n\n<p><em>Mon v\u0153u est que son exemple de d\u00e9passement soit suivi par d\u2019autres acteurs importants et inspire chacun dans la volont\u00e9 que nous partageons de toujours privil\u00e9gier les int\u00e9r\u00eats de notre pays, plut\u00f4t que les ambitions personnelles et \u00e9gocentriques aussi l\u00e9gitimes soient-elles.<\/em><\/p>\n\n\n\n<p><em>Aujourd\u2019hui, la pr\u00e9occupation de tous devrait \u00eatre l\u2019unit\u00e9 indispensable de la famille sportive, en particulier celle du football guin\u00e9en afin qu\u2019il retrouve ses lettres de noblesse au moment o\u00f9 de nombreux d\u00e9fis l\u2019interpellent et d\u2019importantes \u00e9ch\u00e9ances se profilent \u00e0 l\u2019horizon.<\/em><\/p>\n\n\n\n<p><em>J\u2019exhorte chacun et tous \u00e0 s\u2019engager dans la voie de l\u2019unit\u00e9 et de l\u2019union, et \u00e0 donner le meilleur de nous-m\u00eames pour qu\u2019ensemble nous \u00e9crivions de nouvelles pages de l\u2019histoire de notre football, qui malgr\u00e9, toutes les potentialit\u00e9s et talents qu\u2019il regorge en son sein n\u2019a pas encore sa place dans le concert des nations du football africain et mondial.<\/em><\/p>\n\n\n\n<p><em>J\u2019ai la conviction que c\u2019est une \u00e9quipe o\u00f9 chacun aura la place qui lui revient et jouera pleinement son r\u00f4le qui nous fera avancer et obtenir toutes les victoires escompt\u00e9es.<\/em><\/p>\n\n\n\n<p><em>Il nous faut retrouver l\u2019\u00e9lan de confiance et de solidarit\u00e9 qui, dans le pass\u00e9, a fait de la Guin\u00e9e une r\u00e9f\u00e9rence. C\u2019est mon appel pressant \u00e0 tous. C\u2019est l\u2019espoir de notre jeunesse. C\u2019est aussi l\u2019attente de tout le pays.<\/em><\/p>\n\n\n\n<p><em>Je compte sur chacun et exprime le souhait que je sois entendu et compris de tous pour un nouveau d\u00e9part de notre football cher \u00e0 tous.<\/em><\/p>\n\n\n\n<p><strong>Friaguinee.net<\/strong><\/p>\n","protected":false},"excerpt":{"rendered":"<p>Apr\u00e8s le retrait de sa candidature pour le poste de Pr\u00e9sident de la F\u00e9d\u00e9ration Guin\u00e9enne de Football (FEGUIFOOT), Mamadou Antonio Souar\u00e9 a \u00e9t\u00e9 f\u00e9licit\u00e9 et encourag\u00e9 par le Chef de l&rsquo;Etat. Ci-dessous le contenu du message lu \u00e0 la t\u00e9l\u00e9vision nationale Je salue l\u2019acte empreint de responsabilit\u00e9 et de patriotisme que vient de poser Mamadou [&hellip;]<\/p>\n","protected":false},"author":2,"featured_media":33005,"comment_status":"open","ping_status":"open","sticky":false,"template":"","format":"standard","meta":{"footnotes":""},"categories":[2],"tags":[293,2009,1786,2193],"class_list":["post-33004","post","type-post","status-publish","format-standard","has-post-thumbnail","hentry","category-actualites","tag-alpha-conde","tag-antonio-souare","tag-feguifoot","tag-message"],"_links":{"self":[{"href":"http:\/\/www.friaguinee.net\/index.php\/wp-json\/wp\/v2\/posts\/33004","targetHints":{"allow":["GET"]}}],"collection":[{"href":"http:\/\/www.friaguinee.net\/index.php\/wp-json\/wp\/v2\/posts"}],"about":[{"href":"http:\/\/www.friaguinee.net\/index.php\/wp-json\/wp\/v2\/types\/post"}],"author":[{"embeddable":true,"href":"http:\/\/www.friaguinee.net\/index.php\/wp-json\/wp\/v2\/users\/2"}],"replies":[{"embeddable":true,"href":"http:\/\/www.friaguinee.net\/index.php\/wp-json\/wp\/v2\/comments?post=33004"}],"version-history":[{"count":1,"href":"http:\/\/www.friaguinee.net\/index.php\/wp-json\/wp\/v2\/posts\/33004\/revisions"}],"predecessor-version":[{"id":33006,"href":"http:\/\/www.friaguinee.net\/index.php\/wp-json\/wp\/v2\/posts\/33004\/revisions\/33006"}],"wp:featuredmedia":[{"embeddable":true,"href":"http:\/\/www.friaguinee.net\/index.php\/wp-json\/wp\/v2\/media\/33005"}],"wp:attachment":[{"href":"http:\/\/www.friaguinee.net\/index.php\/wp-json\/wp\/v2\/media?parent=33004"}],"wp:term":[{"taxonomy":"category","embeddable":true,"href":"http:\/\/www.friaguinee.net\/index.php\/wp-json\/wp\/v2\/categories?post=33004"},{"taxonomy":"post_tag","embeddable":true,"href":"http:\/\/www.friaguinee.net\/index.php\/wp-json\/wp\/v2\/tags?post=33004"}],"curies":[{"name":"wp","href":"https:\/\/api.w.org\/{rel}","templated":true}]}}