{"id":30952,"date":"2021-03-15T08:49:11","date_gmt":"2021-03-15T08:49:11","guid":{"rendered":"http:\/\/www.friaguinee.net\/?p=30952"},"modified":"2021-03-15T08:49:12","modified_gmt":"2021-03-15T08:49:12","slug":"cote-divoire-programme-des-obseques-du-premier-ministre-hamed-bakayoko","status":"publish","type":"post","link":"http:\/\/www.friaguinee.net\/index.php\/2021\/03\/15\/cote-divoire-programme-des-obseques-du-premier-ministre-hamed-bakayoko\/","title":{"rendered":"C\u00f4te d&rsquo;ivoire : programme des obs\u00e8ques du Premier Ministre Hamed Bakayoko"},"content":{"rendered":"\n<p> PROGRAMME DES OBS\u00c8QUES DU PREMIER MINISTRE HAMED BAKAYOKO<\/p>\n\n\n\n<p><strong>Lundi 15 Mars<\/strong><\/p>\n\n\n\n<p>\u25cf 18h30 \u00e0 21h00 &#8211; Pr\u00e9sentation des condol\u00e9ances \u00e0 la R\u00e9sidence du Premier Ministre \u00e0 la Riviera<\/p>\n\n\n\n<p><strong>Mardi 16 Mars<\/strong><\/p>\n\n\n\n<p>\u25cf 18h00 \u00e0 21h00 &#8211; Pr\u00e9sentation des condol\u00e9ances \u00e0 la R\u00e9sidence du Premier Ministre \u00e0 la Riviera<\/p>\n\n\n\n<p><strong>Mercredi 17 Mars<\/strong><\/p>\n\n\n\n<p>\u25cf 07h30 \u00e0 12h00 &#8211; C\u00e9r\u00e9monie d\u2019hommage de la nation au Premier Ministre sur l\u2019esplanade du Palais Pr\u00e9sidentiel<\/p>\n\n\n\n<p>\u25cf 16h00 \u00e0 18h00 &#8211; Hommage du RHDP, des Partis Politiques et des Associations au stade d&rsquo;Ebimp\u00e9<\/p>\n\n\n\n<p>\u25cf 18h30 \u00e0 22h30 &#8211; Veill\u00e9e artistique au stade d&rsquo;Ebimp\u00e9<\/p>\n\n\n\n<p><strong>Jeudi 18 Mars<\/strong><\/p>\n\n\n\n<p>\u25cf 10h00 \u00e0 12h00 &#8211; Lev\u00e9e de Corps \u00e0 Ivosep suivie du transfert \u00e0 S\u00e9gu\u00e9la<\/p>\n\n\n\n<p>\u25cf 21h00 \u00e0 22h00 &#8211; Veill\u00e9e religieuse au Stade Losseni Soumahoro de S\u00e9gu\u00e9la<\/p>\n\n\n\n<p><strong>Vendredi 19 Mars<\/strong><\/p>\n\n\n\n<p>\u25cf 13h00 &#8211; Pri\u00e8re du vendredi suivie de l\u2019inhumation dans la stricte intimit\u00e9 familiale<\/p>\n\n\n\n<p><strong>Dimanche 21 Mars<\/strong><\/p>\n\n\n\n<p>\u25cf 09h00 &#8211; C\u00e9r\u00e9monie du Septi\u00e8me Jour \u00e0 la Mosqu\u00e9e Falikou Diaby \u00e0 Abobo<\/p>\n\n\n\n<p><strong>(Le Service communication) <\/strong><\/p>\n","protected":false},"excerpt":{"rendered":"<p>PROGRAMME DES OBS\u00c8QUES DU PREMIER MINISTRE HAMED BAKAYOKO Lundi 15 Mars \u25cf 18h30 \u00e0 21h00 &#8211; Pr\u00e9sentation des condol\u00e9ances \u00e0 la R\u00e9sidence du Premier Ministre \u00e0 la Riviera Mardi 16 Mars \u25cf 18h00 \u00e0 21h00 &#8211; Pr\u00e9sentation des condol\u00e9ances \u00e0 la R\u00e9sidence du Premier Ministre \u00e0 la Riviera Mercredi 17 Mars \u25cf 07h30 \u00e0 12h00 [&hellip;]<\/p>\n","protected":false},"author":2,"featured_media":30954,"comment_status":"open","ping_status":"open","sticky":false,"template":"","format":"standard","meta":{"footnotes":""},"categories":[151],"tags":[4579,3037,2110],"class_list":["post-30952","post","type-post","status-publish","format-standard","has-post-thumbnail","hentry","category-necrologie","tag-hamed-bakayoko","tag-obseques","tag-premier-ministre"],"_links":{"self":[{"href":"http:\/\/www.friaguinee.net\/index.php\/wp-json\/wp\/v2\/posts\/30952","targetHints":{"allow":["GET"]}}],"collection":[{"href":"http:\/\/www.friaguinee.net\/index.php\/wp-json\/wp\/v2\/posts"}],"about":[{"href":"http:\/\/www.friaguinee.net\/index.php\/wp-json\/wp\/v2\/types\/post"}],"author":[{"embeddable":true,"href":"http:\/\/www.friaguinee.net\/index.php\/wp-json\/wp\/v2\/users\/2"}],"replies":[{"embeddable":true,"href":"http:\/\/www.friaguinee.net\/index.php\/wp-json\/wp\/v2\/comments?post=30952"}],"version-history":[{"count":1,"href":"http:\/\/www.friaguinee.net\/index.php\/wp-json\/wp\/v2\/posts\/30952\/revisions"}],"predecessor-version":[{"id":30955,"href":"http:\/\/www.friaguinee.net\/index.php\/wp-json\/wp\/v2\/posts\/30952\/revisions\/30955"}],"wp:featuredmedia":[{"embeddable":true,"href":"http:\/\/www.friaguinee.net\/index.php\/wp-json\/wp\/v2\/media\/30954"}],"wp:attachment":[{"href":"http:\/\/www.friaguinee.net\/index.php\/wp-json\/wp\/v2\/media?parent=30952"}],"wp:term":[{"taxonomy":"category","embeddable":true,"href":"http:\/\/www.friaguinee.net\/index.php\/wp-json\/wp\/v2\/categories?post=30952"},{"taxonomy":"post_tag","embeddable":true,"href":"http:\/\/www.friaguinee.net\/index.php\/wp-json\/wp\/v2\/tags?post=30952"}],"curies":[{"name":"wp","href":"https:\/\/api.w.org\/{rel}","templated":true}]}}