{"id":30280,"date":"2021-02-26T16:44:35","date_gmt":"2021-02-26T16:44:35","guid":{"rendered":"http:\/\/www.friaguinee.net\/?p=30280"},"modified":"2021-02-26T16:44:36","modified_gmt":"2021-02-26T16:44:36","slug":"senegal-limmunite-parlementaire-dousmane-sonko-a-ete-levee-par-lassemblee-nationale","status":"publish","type":"post","link":"http:\/\/www.friaguinee.net\/index.php\/2021\/02\/26\/senegal-limmunite-parlementaire-dousmane-sonko-a-ete-levee-par-lassemblee-nationale\/","title":{"rendered":"S\u00e9n\u00e9gal : l\u2019immunit\u00e9 parlementaire d\u2019Ousmane Sonko a \u00e9t\u00e9 lev\u00e9e par l\u2019Assembl\u00e9e nationale"},"content":{"rendered":"\n<p>Sans surprise, l\u2019immunit\u00e9 parlementaire d\u2019Ousmane Sonko a \u00e9t\u00e9 lev\u00e9e par l\u2019Assembl\u00e9e nationale ce vendredi.<\/p>\n\n\n\n<p>L\u2019immunit\u00e9 parlementaire du d\u00e9put\u00e9 Ousmane Sonko vient d\u2019\u00eatre lev\u00e9e. Les parlementaires du S\u00e9n\u00e9gal se r\u00e9unissent, ce vendredi 26 f\u00e9vrier 2021, en s\u00e9ance pl\u00e9ni\u00e8re pour l\u2019examen des conclusions de la Commission ad hoc charg\u00e9e de statuer sur la demande de lev\u00e9e de l\u2019immunit\u00e9 parlementaire du d\u00e9put\u00e9 Ousmane Sonko.<\/p>\n\n\n\n<p>L\u2019immunit\u00e9 parlementaire du d\u00e9put\u00e9 Ousmane Sonko, accus\u00e9 de \u201cviols r\u00e9p\u00e9titifs et menaces de mort\u201d par la masseuse Adji Sarr, vient d\u2019\u00eatre lev\u00e9e. A noter que les d\u00e9put\u00e9s de l\u2019opposition et les non-inscrits ont refus\u00e9 de participer au vote. En principe, il devrait d\u00e9f\u00e9rer \u00e0 la convocation du juge. Mais hier, face \u00e0 la presse, Ousmane Sonko s\u2019est braqu\u00e9 une fois de plus en soutenant qu\u2019il ne d\u00e9f\u00e9rera pas \u00e0 la convocation du juge.<\/p>\n\n\n\n<p>Avec Sanslimitesn<\/p>\n","protected":false},"excerpt":{"rendered":"<p>Sans surprise, l\u2019immunit\u00e9 parlementaire d\u2019Ousmane Sonko a \u00e9t\u00e9 lev\u00e9e par l\u2019Assembl\u00e9e nationale ce vendredi. L\u2019immunit\u00e9 parlementaire du d\u00e9put\u00e9 Ousmane Sonko vient d\u2019\u00eatre lev\u00e9e. Les parlementaires du S\u00e9n\u00e9gal se r\u00e9unissent, ce vendredi 26 f\u00e9vrier 2021, en s\u00e9ance pl\u00e9ni\u00e8re pour l\u2019examen des conclusions de la Commission ad hoc charg\u00e9e de statuer sur la demande de lev\u00e9e de [&hellip;]<\/p>\n","protected":false},"author":2,"featured_media":30003,"comment_status":"open","ping_status":"open","sticky":false,"template":"","format":"standard","meta":{"footnotes":""},"categories":[42],"tags":[2112,6241,6114,719],"class_list":["post-30280","post","type-post","status-publish","format-standard","has-post-thumbnail","hentry","category-afrique","tag-assemblee-nationale","tag-immunite-parlementaire-levee","tag-ousmane-sonko","tag-senegal"],"_links":{"self":[{"href":"http:\/\/www.friaguinee.net\/index.php\/wp-json\/wp\/v2\/posts\/30280","targetHints":{"allow":["GET"]}}],"collection":[{"href":"http:\/\/www.friaguinee.net\/index.php\/wp-json\/wp\/v2\/posts"}],"about":[{"href":"http:\/\/www.friaguinee.net\/index.php\/wp-json\/wp\/v2\/types\/post"}],"author":[{"embeddable":true,"href":"http:\/\/www.friaguinee.net\/index.php\/wp-json\/wp\/v2\/users\/2"}],"replies":[{"embeddable":true,"href":"http:\/\/www.friaguinee.net\/index.php\/wp-json\/wp\/v2\/comments?post=30280"}],"version-history":[{"count":1,"href":"http:\/\/www.friaguinee.net\/index.php\/wp-json\/wp\/v2\/posts\/30280\/revisions"}],"predecessor-version":[{"id":30281,"href":"http:\/\/www.friaguinee.net\/index.php\/wp-json\/wp\/v2\/posts\/30280\/revisions\/30281"}],"wp:featuredmedia":[{"embeddable":true,"href":"http:\/\/www.friaguinee.net\/index.php\/wp-json\/wp\/v2\/media\/30003"}],"wp:attachment":[{"href":"http:\/\/www.friaguinee.net\/index.php\/wp-json\/wp\/v2\/media?parent=30280"}],"wp:term":[{"taxonomy":"category","embeddable":true,"href":"http:\/\/www.friaguinee.net\/index.php\/wp-json\/wp\/v2\/categories?post=30280"},{"taxonomy":"post_tag","embeddable":true,"href":"http:\/\/www.friaguinee.net\/index.php\/wp-json\/wp\/v2\/tags?post=30280"}],"curies":[{"name":"wp","href":"https:\/\/api.w.org\/{rel}","templated":true}]}}