{"id":2983,"date":"2018-05-02T15:15:08","date_gmt":"2018-05-02T15:15:08","guid":{"rendered":"http:\/\/www.friaguinee.net\/?p=2983"},"modified":"2018-05-02T15:15:08","modified_gmt":"2018-05-02T15:15:08","slug":"gabon-le-gouvernement-demissionne-apres-la-dissolution-de-lassemblee-nationale","status":"publish","type":"post","link":"http:\/\/www.friaguinee.net\/index.php\/2018\/05\/02\/gabon-le-gouvernement-demissionne-apres-la-dissolution-de-lassemblee-nationale\/","title":{"rendered":"Gabon: le gouvernement d\u00e9missionne apr\u00e8s la dissolution de l\u2019Assembl\u00e9e nationale"},"content":{"rendered":"<h5>Le gouvernement gabonais a d\u00e9missionn\u00e9 mardi 1<sup>er<\/sup>\u00a0mai, au lendemain de la dissolution de l\u2019Assembl\u00e9e nationale par la Cour constitutionnelle. Le premier ministre\u00a0<em>\u00ab\u00a0Emmanuel Issoze Ngondet a pr\u00e9sent\u00e9 la lettre de d\u00e9mission de son gouvernement \u00e0 la suite de la d\u00e9cision de la Cour constitutionnelle de\u00a0<a href=\"https:\/\/conjugaison.lemonde.fr\/conjugaison\/troisieme-groupe\/mettre\/\">mettre<\/a>\u00a0fin aux pouvoirs de la l\u00e9gislature actuelle dont la cons\u00e9quence est la d\u00e9mission du gouvernement actuel\u00a0\u00bb<\/em>, selon un communiqu\u00e9.<\/h5>\n<p>Le nouveau gouvernement sera responsable devant le pr\u00e9sident de la R\u00e9publique, Ali Bongo Ondimba, comme le veut la nouvelle Constitution gabonaise adopt\u00e9e en janvier et d\u00e9cri\u00e9e par l\u2019opposition, qui y voit une tentative de\u00a0<em>\u00ab\u00a0monarchisation\u00a0\u00bb<\/em>\u00a0du\u00a0<a href=\"https:\/\/conjugaison.lemonde.fr\/conjugaison\/troisieme-groupe\/pouvoir\/\">pouvoir<\/a>.<\/p>\n<h2>Echec dans l\u2019organisation des l\u00e9gislatives<\/h2>\n<p>Lundi, la Cour constitutionnelle gabonaise a dissous l\u2019Assembl\u00e9e nationale tout en demandant la d\u00e9mission du gouvernement, alors que le Gabon aurait d\u00fb\u00a0<a href=\"https:\/\/conjugaison.lemonde.fr\/conjugaison\/premier-groupe\/organiser\/\">organiser<\/a>\u00a0des \u00e9lections l\u00e9gislatives avant fin avril. Selon la Cour, le gouvernement a \u00e9chou\u00e9 dans l\u2019organisation des l\u00e9gislatives au plus tard le 30\u00a0avril, apr\u00e8s deux reports de ces \u00e9lections depuis d\u00e9cembre\u00a02016. Les commentateurs expliquent ces reports par les remous suscit\u00e9s par la pr\u00e9sidentielle d\u2019ao\u00fbt\u00a02016, dont les r\u00e9sultats donnant le pr\u00e9sident sortant vainqueur sont contest\u00e9s par l\u2019opposition.<\/p>\n<p><em>\u00a0\u00ab\u00a0Dans l\u2019histoire du Gabon, c\u2019est la premi\u00e8re fois que l\u2019on reporte autant de fois des l\u00e9gislatives\u00a0\u00bb<\/em>, indique le politologue Wilson-Andr\u00e9 Ndombet, de l\u2019universit\u00e9 Omar-Bongo de Libreville. Le S\u00e9nat prend le relais de l\u2019Assembl\u00e9e nationale en attendant l\u2019\u00e9lection de nouveaux d\u00e9put\u00e9s, a pr\u00e9cis\u00e9 la Cour lundi.\u00a0<em>\u00ab\u00a0On n\u2019a jamais vu dans une r\u00e9publique qu\u2019une institution\u00a0<\/em>[soit]<em>remplac\u00e9e par une autre\u00a0\u00bb<\/em>, estime M.\u00a0Ndombet.<\/p>\n<p>Le Gabon se pr\u00e9pare \u00e0 des l\u00e9gislatives dont la date sera annonc\u00e9e par la Cour apr\u00e8s\u00a0<a href=\"https:\/\/conjugaison.lemonde.fr\/conjugaison\/auxiliaire\/avoir\/\">avoir<\/a>\u00a0\u00e9t\u00e9 saisie par le Centre gabonais des \u00e9lections (CGE), une instance rassemblant des membres de la majorit\u00e9 et de l\u2019opposition qui vient de se mettre en place et doit\u00a0<a href=\"https:\/\/conjugaison.lemonde.fr\/conjugaison\/premier-groupe\/pr%C3%AAter\/\">pr\u00eater<\/a>\u00a0serment mercredi. Ce pays d\u2019Afrique centrale est dirig\u00e9 depuis 2009 par Ali Bongo Ondimba, fils d\u2019Omar Bongo, pr\u00e9sident de 1967 \u00e0 sa mort en\u00a02009.<\/p>\n<p>LE MONDE<\/p>\n","protected":false},"excerpt":{"rendered":"<p>Le gouvernement gabonais a d\u00e9missionn\u00e9 mardi 1er\u00a0mai, au lendemain de la dissolution de l\u2019Assembl\u00e9e nationale par la Cour constitutionnelle. Le premier ministre\u00a0\u00ab\u00a0Emmanuel Issoze Ngondet a pr\u00e9sent\u00e9 la lettre de d\u00e9mission de son gouvernement \u00e0 la suite de la d\u00e9cision de la Cour constitutionnelle de\u00a0mettre\u00a0fin aux pouvoirs de la l\u00e9gislature actuelle dont la cons\u00e9quence est la [&hellip;]<\/p>\n","protected":false},"author":2,"featured_media":2984,"comment_status":"open","ping_status":"open","sticky":false,"template":"","format":"standard","meta":{"footnotes":""},"categories":[42],"tags":[],"class_list":["post-2983","post","type-post","status-publish","format-standard","has-post-thumbnail","hentry","category-afrique"],"_links":{"self":[{"href":"http:\/\/www.friaguinee.net\/index.php\/wp-json\/wp\/v2\/posts\/2983","targetHints":{"allow":["GET"]}}],"collection":[{"href":"http:\/\/www.friaguinee.net\/index.php\/wp-json\/wp\/v2\/posts"}],"about":[{"href":"http:\/\/www.friaguinee.net\/index.php\/wp-json\/wp\/v2\/types\/post"}],"author":[{"embeddable":true,"href":"http:\/\/www.friaguinee.net\/index.php\/wp-json\/wp\/v2\/users\/2"}],"replies":[{"embeddable":true,"href":"http:\/\/www.friaguinee.net\/index.php\/wp-json\/wp\/v2\/comments?post=2983"}],"version-history":[{"count":1,"href":"http:\/\/www.friaguinee.net\/index.php\/wp-json\/wp\/v2\/posts\/2983\/revisions"}],"predecessor-version":[{"id":2985,"href":"http:\/\/www.friaguinee.net\/index.php\/wp-json\/wp\/v2\/posts\/2983\/revisions\/2985"}],"wp:featuredmedia":[{"embeddable":true,"href":"http:\/\/www.friaguinee.net\/index.php\/wp-json\/wp\/v2\/media\/2984"}],"wp:attachment":[{"href":"http:\/\/www.friaguinee.net\/index.php\/wp-json\/wp\/v2\/media?parent=2983"}],"wp:term":[{"taxonomy":"category","embeddable":true,"href":"http:\/\/www.friaguinee.net\/index.php\/wp-json\/wp\/v2\/categories?post=2983"},{"taxonomy":"post_tag","embeddable":true,"href":"http:\/\/www.friaguinee.net\/index.php\/wp-json\/wp\/v2\/tags?post=2983"}],"curies":[{"name":"wp","href":"https:\/\/api.w.org\/{rel}","templated":true}]}}