{"id":2975,"date":"2018-05-02T10:11:43","date_gmt":"2018-05-02T10:11:43","guid":{"rendered":"http:\/\/www.friaguinee.net\/?p=2975"},"modified":"2018-05-02T10:11:43","modified_gmt":"2018-05-02T10:11:43","slug":"guinee-les-syndicalistes-font-dimportantes-demandes-au-gouvernement","status":"publish","type":"post","link":"http:\/\/www.friaguinee.net\/index.php\/2018\/05\/02\/guinee-les-syndicalistes-font-dimportantes-demandes-au-gouvernement\/","title":{"rendered":"Guin\u00e9e: les syndicalistes font d&rsquo;importantes demandes au gouvernement"},"content":{"rendered":"<p>La Guin\u00e9e \u00e0 l\u2019instar des autres pays du monde, a c\u00e9l\u00e9br\u00e9 ce mardi 1<sup>er<\/sup> mai, la f\u00eate internationale des travailleurs.<\/p>\n<p>C\u2019est au palais du peuple, \u00e0 Conakry que le premier ministre Mamady Youla a pr\u00e9sid\u00e9 la c\u00e9r\u00e9monie en pr\u00e9sence de repr\u00e9sentants de plusieurs centrales syndicales qui ont proc\u00e9d\u00e9 au traditionnel d\u00e9fil\u00e9 avant de pr\u00e9senter leur cahier de dol\u00e9ances.<\/p>\n<p>Le secr\u00e9taire g\u00e9n\u00e9ral de la CNTG, est revenu sur l\u2019injustice sociale qui r\u00e8gne en Guin\u00e9e avant de formuler son v\u0153u.<em>\u00a0<\/em><\/p>\n<p>\u00ab\u00a0L\u2019inter centrale voudrait que les structures mises en place pour r\u00e9guler, voire anticiper les conflits soient effectivement fonctionnels \u00e0 tous les niveaux. Je prends par exemple le conseil national du dialogue social qui n\u2019est toujours pas op\u00e9rationnel depuis sa cr\u00e9ation en 2015\u00bb a fait remarquer Amadou Diallo<\/p>\n<p>Le secr\u00e9taire g\u00e9n\u00e9ral de l\u2019USTG a quant \u00e0 lui, fait plusieurs demandes notamment la hausse du SMIG.<\/p>\n<p><em>\u00ab<\/em>le traitement d\u00e9finitif du dossier des agents recrut\u00e9s de la fonction publique qui n\u2019a que trop dur\u00e9; la cr\u00e9ation avant \u00a0fin juillet 2018 du tribunal administratif; le paiement des pensions des retrait\u00e9s au m\u00eame moment que le salaire des actifs; ouverture imm\u00e9diate des n\u00e9gociations entre les directions et les syndicats dans les entreprises priv\u00e9es, mixtes et parapubliques suite au protocole d\u2019accord du 9 octobre 2017\u00a0; la protection du consommateur guin\u00e9ens par des mesures de surveillance des produits mis sur le march\u00e9\u00a0; L\u2019arr\u00eat des licenciements abusifs au niveau des entreprises, soci\u00e9t\u00e9s priv\u00e9es et parapubliques, le paiement des pensions des retrait\u00e9s, l\u2019acc\u00e9l\u00e9ration de la reprise des entreprises ferm\u00e9es entre , la r\u00e9vision \u00e0 la hausse du SMIG de 440\u00a0000 FG \u00e0 1\u00a0200\u00a0000FG<em> \u00bb<\/em>\u00a0a d\u00e9clar\u00e9 Louis Bemba Soumah.<\/p>\n<p>Le Syndicat Libre des enseignants et chercheurs de Guin\u00e9e (SLECG) n\u2019\u00e9tait pas invit\u00e9 \u00e0 cette fete. Malgr\u00e9 tout, son secr\u00e9taire g\u00e9n\u00e9ral Aboubacar Soumah a pris part \u00e0 la c\u00e9r\u00e9monie o\u00f9 il a \u00e9t\u00e9 emp\u00each\u00e9 de serrer la main au premier ministre.<\/p>\n<p><strong>N\u00e8n\u00e8 Aissatou Bald\u00e9<\/strong><\/p>\n<p>&nbsp;<\/p>\n<p>&nbsp;<\/p>\n<p>&nbsp;<\/p>\n<p>&nbsp;<\/p>\n","protected":false},"excerpt":{"rendered":"<p>La Guin\u00e9e \u00e0 l\u2019instar des autres pays du monde, a c\u00e9l\u00e9br\u00e9 ce mardi 1er mai, la f\u00eate internationale des travailleurs. C\u2019est au palais du peuple, \u00e0 Conakry que le premier ministre Mamady Youla a pr\u00e9sid\u00e9 la c\u00e9r\u00e9monie en pr\u00e9sence de repr\u00e9sentants de plusieurs centrales syndicales qui ont proc\u00e9d\u00e9 au traditionnel d\u00e9fil\u00e9 avant de pr\u00e9senter leur [&hellip;]<\/p>\n","protected":false},"author":2,"featured_media":2976,"comment_status":"open","ping_status":"open","sticky":false,"template":"","format":"standard","meta":{"footnotes":""},"categories":[2],"tags":[],"class_list":["post-2975","post","type-post","status-publish","format-standard","has-post-thumbnail","hentry","category-actualites"],"_links":{"self":[{"href":"http:\/\/www.friaguinee.net\/index.php\/wp-json\/wp\/v2\/posts\/2975","targetHints":{"allow":["GET"]}}],"collection":[{"href":"http:\/\/www.friaguinee.net\/index.php\/wp-json\/wp\/v2\/posts"}],"about":[{"href":"http:\/\/www.friaguinee.net\/index.php\/wp-json\/wp\/v2\/types\/post"}],"author":[{"embeddable":true,"href":"http:\/\/www.friaguinee.net\/index.php\/wp-json\/wp\/v2\/users\/2"}],"replies":[{"embeddable":true,"href":"http:\/\/www.friaguinee.net\/index.php\/wp-json\/wp\/v2\/comments?post=2975"}],"version-history":[{"count":1,"href":"http:\/\/www.friaguinee.net\/index.php\/wp-json\/wp\/v2\/posts\/2975\/revisions"}],"predecessor-version":[{"id":2977,"href":"http:\/\/www.friaguinee.net\/index.php\/wp-json\/wp\/v2\/posts\/2975\/revisions\/2977"}],"wp:featuredmedia":[{"embeddable":true,"href":"http:\/\/www.friaguinee.net\/index.php\/wp-json\/wp\/v2\/media\/2976"}],"wp:attachment":[{"href":"http:\/\/www.friaguinee.net\/index.php\/wp-json\/wp\/v2\/media?parent=2975"}],"wp:term":[{"taxonomy":"category","embeddable":true,"href":"http:\/\/www.friaguinee.net\/index.php\/wp-json\/wp\/v2\/categories?post=2975"},{"taxonomy":"post_tag","embeddable":true,"href":"http:\/\/www.friaguinee.net\/index.php\/wp-json\/wp\/v2\/tags?post=2975"}],"curies":[{"name":"wp","href":"https:\/\/api.w.org\/{rel}","templated":true}]}}