{"id":2940,"date":"2018-04-28T12:26:55","date_gmt":"2018-04-28T12:26:55","guid":{"rendered":"http:\/\/www.friaguinee.net\/?p=2940"},"modified":"2018-04-28T13:05:58","modified_gmt":"2018-04-28T13:05:58","slug":"mali-les-electeurs-officiellement-convoques-pour-la-presidentielle-le-29-juillet","status":"publish","type":"post","link":"http:\/\/www.friaguinee.net\/index.php\/2018\/04\/28\/mali-les-electeurs-officiellement-convoques-pour-la-presidentielle-le-29-juillet\/","title":{"rendered":"Mali : les \u00e9lecteurs officiellement convoqu\u00e9s pour la pr\u00e9sidentielle le 29 juillet"},"content":{"rendered":"<p>Le gouvernement malien a officiellement convoqu\u00e9 vendredi le corps \u00e9lectoral pour le scrutin pr\u00e9sidentiel du 29 juillet, selon un communiqu\u00e9 du Conseil des ministres.<\/p>\n<p>Le pr\u00e9sident Ibrahim Boubacar Ke\u00efta et son Premier ministre Soumeylou Boubeye Ma\u00efga assurent depuis plusieurs mois que le vote se d\u00e9roulera \u00e0 la date pr\u00e9vue, malgr\u00e9 les reports successifs enregistr\u00e9s pour les pr\u00e9c\u00e9dentes \u00e9lections programm\u00e9es depuis 2013, en raison notamment de la menace jihadiste dans le pays.<\/p>\n<p>La campagne \u00e9lectorale du premier tour sera \u00ab\u00a0ouverte le samedi 7 juillet 2018 \u00e0 z\u00e9ro heure\u00a0\u00bb et sera \u00ab\u00a0close le vendredi 27 juillet 2018 \u00e0 minuit\u00a0\u00bb, selon le texte.<\/p>\n<p>Si un second tour est n\u00e9cessaire, il se tiendra le 12 ao\u00fbt.<\/p>\n<p>Cette annonce intervient apr\u00e8s l\u2019approbation lundi par l\u2019Assembl\u00e9e nationale, avec 109 voix pour et 35 contre, de la d\u00e9claration de politique g\u00e9n\u00e9rale du Premier ministre.<\/p>\n<p>Bien que Ibrahim Boubacar Ke\u00efta ne se soit pas d\u00e9clar\u00e9, une centaine d\u2019associations de la majorit\u00e9 ont apport\u00e9 leur soutien \u00e0 sa candidature en mars.<\/p>\n<p><a href=\"http:\/\/www.jeuneafrique.com\/555691\/politique\/mali-imbroglio-autour-des-accusations-de-tiebile-drame-contre-ibk\/\">Une dizaine de candidats se sont lanc\u00e9s dans la course, d\u00e9non\u00e7ant la \u00ab\u00a0mauvaise gouvernance\u00a0\u00bb du pays.<\/a><\/p>\n<h2>Violences dans le nord et le centre<\/h2>\n<p>Les \u00e9lections r\u00e9gionales, d\u00e9j\u00e0 report\u00e9es de d\u00e9cembre \u00e0 avril, ont de nouveau \u00e9t\u00e9 repouss\u00e9es en mars \u00e0 la fin de l\u2019ann\u00e9e. Les \u00e9lections municipales, diff\u00e9r\u00e9es \u00e0 plusieurs reprises, n\u2019ont pu se tenir qu\u2019en novembre 2016 sur une partie seulement du territoire en raison des violences dans le nord et le centre du pays.<\/p>\n<p>Le nord du Mali \u00e9tait tomb\u00e9 en mars-avril 2012 sous la coupe de groupes jihadistes li\u00e9s \u00e0 Al-Qa\u00efda. Ces groupes ont \u00e9t\u00e9 en grande partie chass\u00e9s et dispers\u00e9s par une op\u00e9ration militaire lanc\u00e9e en janvier 2013, \u00e0 l\u2019initiative de la France, qui se poursuit actuellement.<\/p>\n<p>Mais des zones enti\u00e8res du pays \u00e9chappent encore au contr\u00f4le des forces maliennes, fran\u00e7aises et de l\u2019ONU (Minusma),\u00a0<a href=\"http:\/\/www.jeuneafrique.com\/553917\/politique\/mali-fortes-explosions-a-tombouctou-pres-de-bases-de-la-minusma-et-des-forces-francaises-de-barkhane\/\">r\u00e9guli\u00e8rement vis\u00e9es par des attaques<\/a>, malgr\u00e9 la signature en mai-juin 2015 d\u2019un accord de paix, cens\u00e9 isoler d\u00e9finitivement les jihadistes, dont l\u2019application accumule les retards.<\/p>\n<p>Depuis 2015, ces attaques se sont \u00e9tendues au centre et au sud du Mali et le ph\u00e9nom\u00e8ne d\u00e9borde sur les pays voisins, en particulier le Burkina Faso et le Niger.<\/p>\n<p>BBC<\/p>\n<p>&nbsp;<\/p>\n<p>&nbsp;<\/p>\n<p>&nbsp;<\/p>\n<p>&nbsp;<\/p>\n","protected":false},"excerpt":{"rendered":"<p>Le gouvernement malien a officiellement convoqu\u00e9 vendredi le corps \u00e9lectoral pour le scrutin pr\u00e9sidentiel du 29 juillet, selon un communiqu\u00e9 du Conseil des ministres. Le pr\u00e9sident Ibrahim Boubacar Ke\u00efta et son Premier ministre Soumeylou Boubeye Ma\u00efga assurent depuis plusieurs mois que le vote se d\u00e9roulera \u00e0 la date pr\u00e9vue, malgr\u00e9 les reports successifs enregistr\u00e9s pour [&hellip;]<\/p>\n","protected":false},"author":2,"featured_media":2941,"comment_status":"open","ping_status":"open","sticky":false,"template":"","format":"standard","meta":{"footnotes":""},"categories":[42],"tags":[],"class_list":["post-2940","post","type-post","status-publish","format-standard","has-post-thumbnail","hentry","category-afrique"],"_links":{"self":[{"href":"http:\/\/www.friaguinee.net\/index.php\/wp-json\/wp\/v2\/posts\/2940","targetHints":{"allow":["GET"]}}],"collection":[{"href":"http:\/\/www.friaguinee.net\/index.php\/wp-json\/wp\/v2\/posts"}],"about":[{"href":"http:\/\/www.friaguinee.net\/index.php\/wp-json\/wp\/v2\/types\/post"}],"author":[{"embeddable":true,"href":"http:\/\/www.friaguinee.net\/index.php\/wp-json\/wp\/v2\/users\/2"}],"replies":[{"embeddable":true,"href":"http:\/\/www.friaguinee.net\/index.php\/wp-json\/wp\/v2\/comments?post=2940"}],"version-history":[{"count":1,"href":"http:\/\/www.friaguinee.net\/index.php\/wp-json\/wp\/v2\/posts\/2940\/revisions"}],"predecessor-version":[{"id":2942,"href":"http:\/\/www.friaguinee.net\/index.php\/wp-json\/wp\/v2\/posts\/2940\/revisions\/2942"}],"wp:featuredmedia":[{"embeddable":true,"href":"http:\/\/www.friaguinee.net\/index.php\/wp-json\/wp\/v2\/media\/2941"}],"wp:attachment":[{"href":"http:\/\/www.friaguinee.net\/index.php\/wp-json\/wp\/v2\/media?parent=2940"}],"wp:term":[{"taxonomy":"category","embeddable":true,"href":"http:\/\/www.friaguinee.net\/index.php\/wp-json\/wp\/v2\/categories?post=2940"},{"taxonomy":"post_tag","embeddable":true,"href":"http:\/\/www.friaguinee.net\/index.php\/wp-json\/wp\/v2\/tags?post=2940"}],"curies":[{"name":"wp","href":"https:\/\/api.w.org\/{rel}","templated":true}]}}