{"id":2902,"date":"2018-04-26T17:51:09","date_gmt":"2018-04-26T17:51:09","guid":{"rendered":"http:\/\/www.friaguinee.net\/?p=2902"},"modified":"2018-04-26T17:51:09","modified_gmt":"2018-04-26T17:51:09","slug":"guinee-le-projet-de-loi-portant-lorganisation-generale-de-ladministration-publique-approuve-par-le-conseil-des-ministres","status":"publish","type":"post","link":"http:\/\/www.friaguinee.net\/index.php\/2018\/04\/26\/guinee-le-projet-de-loi-portant-lorganisation-generale-de-ladministration-publique-approuve-par-le-conseil-des-ministres\/","title":{"rendered":"Guin\u00e9e : le projet de loi portant l\u2019organisation g\u00e9n\u00e9rale de l\u2019Administration Publique approuv\u00e9 par le conseil des ministres"},"content":{"rendered":"<p><strong><\/strong>Sous la pr\u00e9sidence de son Excellence Monsieur le Pr\u00e9sident de la R\u00e9publique, le Conseil des ministres a tenu sa session ordinaire ce jeudi 26 avril 2018 de 10h \u00e0 12h, avec l&rsquo;ordre du jour suivant\u00a0:<\/p>\n<p>&nbsp;<\/p>\n<ol>\n<li><strong>Message de son Excellence Monsieur le Pr\u00e9sident de la R\u00e9publique\u00a0;<\/strong><\/li>\n<li><strong>Compte rendu de la session ordinaire du Conseil interminist\u00e9riel tenue le 24 avril 2018\u00a0;<\/strong><\/li>\n<li><strong>D\u00e9cisions\u00a0;<\/strong><\/li>\n<li><strong>Divers.<\/strong><\/li>\n<\/ol>\n<p>Au titre du premier point de l\u2019ordre du jour, Monsieur le Pr\u00e9sident de la R\u00e9publique a demand\u00e9 aux ministres en charge des Transport et de la S\u00e9curit\u00e9 de prendre les mesures n\u00e9cessaires pour pr\u00e9venir les accidents de gros porteurs qui se multiplient sur certains axes de circulation. Le Chef de l\u2019Etat a exig\u00e9 une vigilance accrue sur les transversales avec l\u2019installation de panneaux de signalisation appropri\u00e9s et la pr\u00e9sence d\u2019agents de police charg\u00e9s de faire respecter les restrictions de circulation.<\/p>\n<p>Le Pr\u00e9sident de la R\u00e9publique a invit\u00e9 le Gouvernement \u00e0 r\u00e9activer les mesures de rationalisation de la circulation des camions et gros porteurs aux heures de pointe.<\/p>\n<p>Le Chef de l\u2019Etat a demand\u00e9 une revue des structures parall\u00e8les \u00e0 l\u2019administration publique qui \u00e9margent au Budget de l\u2019Etat et accomplissent des missions normalement d\u00e9volues aux services publics qui devraient \u00eatre r\u00e9alis\u00e9es par des fonctionnaires d\u00e9sign\u00e9s \u00e0 cet effet.<\/p>\n<p>Le Pr\u00e9sident de la R\u00e9publique a invit\u00e9 la Ministre de l\u2019Environnement \u00e0 acc\u00e9l\u00e9rer le reboisement de la For\u00eat de D\u00e9moudoula. Le Chef de l\u2019Etat a insist\u00e9 pour que cette for\u00eat soit s\u00e9curis\u00e9e et qu\u2019aucun occupant ne r\u00e9investisse les lieux.<\/p>\n<p>Le Pr\u00e9sident de la R\u00e9publique a demand\u00e9 au Ministre en charge de la S\u00e9curit\u00e9 de veiller au respect des droits de l\u2019homme dans les lieux de d\u00e9tention.<\/p>\n<p>Le Chef de l\u2019Etat a invit\u00e9 les Ministres en charge de la Ville et de l\u2019Administration du Territoire \u00e0 une r\u00e9union de concertation et de partage d\u2019informations afin de mieux recenser et s\u00e9curiser le patrimoine foncier de l\u2019Etat et, particuli\u00e8rement, les r\u00e9serves fonci\u00e8res.<\/p>\n<p>Au titre du deuxi\u00e8me point de l\u2019ordre du jour, Monsieur le Premier Ministre a introduit le compte rendu de la session ordinaire du Conseil interminist\u00e9riel tenue le 24 avril 2018.<\/p>\n<p>Le Conseil a entendu successivement\u00a0:<\/p>\n<p><strong>AU TITRE DES EXAMENS DE TEXTES<\/strong><\/p>\n<p><strong>\u00a0<\/strong><strong>Le Ministre de la Fonction Publique, de la R\u00e9forme de l\u2019Etat et de la Modernisation de l\u2019Administration\u00a0<\/strong>a soumis pour examen en seconde lecture le projet de Loi portant Organisation G\u00e9n\u00e9rale de l\u2019Administration Publique.<\/p>\n<p><strong>\u00a0<\/strong>Il a rappel\u00e9 que le diagnotic de l\u2019administration guin\u00e9enne a r\u00e9v\u00e9l\u00e9 plusieurs dysfonctionnements et inad\u00e9quations qui constituent des handicaps \u00e0 l\u2019accomplissement de sa mission d\u2019administration performante au service du d\u00e9veloppement et du citoyen.<\/p>\n<p>Le Ministre a pr\u00e9cis\u00e9 que les experts de la Fonction publique, appuy\u00e9s par l\u2019assistance technique de l\u2019Union europ\u00e9enne et des personnes ressources ont mis en exergue les insuffisances de la Loi L\/029\u00a0qui se traduisent par le manque de normes d\u2019organisation, les chevauchements, les redondances et doublons, l\u2019opacit\u00e9 dans le fonctionnement normal de l\u2019administration, l\u2019impr\u00e9cision dans les r\u00f4les de certains services, la non prise en compte des exigences de la nouvelle Constitution et des r\u00e8gles de gestion des finances publiques (LORLF, budgets programmes) ainsi que le manque de suivi-\u00e9valuation pour s\u2019assurer des r\u00e9sultats attendus.<\/p>\n<p>&nbsp;<\/p>\n<p>Il a justifi\u00e9 que l\u2019opportunit\u00e9 d\u2019une r\u00e9vision de la Loi L\/029\/AN est motiv\u00e9e dans ce contexte par la n\u00e9cessit\u00e9 d\u2019une prise en compte d\u2019\u00e9l\u00e9ments majeurs issus des enseignements et des pratiques de son application actuelle, ainsi que des \u00e9volutions et autres changements significatifs intervenus depuis le 31 d\u00e9cembre 2001, date de sa promulgation. Par cons\u00e9quent, la Loi actuelle n\u2019est plus adapt\u00e9e \u00e0 l\u2019\u00e9volution de l\u2019administration guin\u00e9enne.<\/p>\n<p>Le Ministre a soutenu que la nouvelle Loi permettra d\u2019apporter les \u00e9l\u00e9ments d\u2019am\u00e9liorations suivantes\u00a0:<\/p>\n<p>&#8211;\u00a0\u00a0\u00a0\u00a0\u00a0\u00a0\u00a0\u00a0\u00a0\u00a0La simplification et la clarification des proc\u00e9dures de cr\u00e9ation et de modification des structures\u00a0;<\/p>\n<p>&#8211;\u00a0\u00a0\u00a0\u00a0\u00a0\u00a0\u00a0\u00a0\u00a0\u00a0L\u2019adaptation, la mise en coh\u00e9rence, et la simplification de la typologie des services\u00a0;<\/p>\n<p>&#8211;\u00a0\u00a0\u00a0\u00a0\u00a0\u00a0\u00a0\u00a0\u00a0\u00a0La r\u00e9duction des chevauchements d\u2019attributions, et des redondances d\u2019activit\u00e9s et de structures entre diff\u00e9rents minist\u00e8res participants \u00e0 la mise en \u0153uvre de la m\u00eame politique publique;<\/p>\n<p>&#8211;\u00a0\u00a0\u00a0\u00a0\u00a0\u00a0\u00a0\u00a0\u00a0\u00a0La recherche de la modularit\u00e9 des structures administratives, et l\u2019utilisation des modalit\u00e9s de contractualisation entre structures\u00a0;<\/p>\n<p>&#8211;\u00a0\u00a0\u00a0\u00a0\u00a0\u00a0\u00a0\u00a0\u00a0\u00a0L\u2019organisation et la d\u00e9finition des modalit\u00e9s de gouvernance, entre la hi\u00e9rarchie charg\u00e9e de la d\u00e9finition des strat\u00e9gies, des objectifs et du contr\u00f4le, et les responsables charg\u00e9s de la gestion des structures et des services\u00a0;<\/p>\n<p>&#8211;\u00a0\u00a0\u00a0\u00a0\u00a0\u00a0\u00a0\u00a0\u00a0\u00a0La clarification des r\u00f4les au sein des cabinets minist\u00e9riels, et des services centraux\u00a0;<\/p>\n<p>&#8211;\u00a0\u00a0\u00a0\u00a0\u00a0\u00a0\u00a0\u00a0\u00a0\u00a0La prise en compte des objectifs de d\u00e9concentration, corollaires de la politique nationale de d\u00e9centralisation\u00a0;<\/p>\n<p>&#8211;\u00a0\u00a0\u00a0\u00a0\u00a0\u00a0\u00a0\u00a0\u00a0\u00a0La conformit\u00e9 aux r\u00e8gles nouvelles de gestion des finances publiques\u00a0: LORLF, Budgets programmes.<\/p>\n<p><strong>Au cours des d\u00e9bats,\u00a0<\/strong>les observations ont essentiellement port\u00e9 sur\u00a0la n\u00e9cessit\u00e9 de :<\/p>\n<p>&#8211;\u00a0\u00a0\u00a0\u00a0\u00a0\u00a0\u00a0\u00a0\u00a0\u00a0Harmoniser les articles 3 et 20 portant sur le Secr\u00e9taire G\u00e9n\u00e9ral\u00a0des D\u00e9partements Minist\u00e9riels;<\/p>\n<p>&#8211;\u00a0\u00a0\u00a0\u00a0\u00a0\u00a0\u00a0\u00a0\u00a0\u00a0Revoir l\u2019Article 31\u00a0;<\/p>\n<p>&#8211;\u00a0\u00a0\u00a0\u00a0\u00a0\u00a0\u00a0\u00a0\u00a0\u00a0Supprimer les Articles 11 et 41\u00a0;<\/p>\n<p>&#8211;\u00a0\u00a0\u00a0\u00a0\u00a0\u00a0\u00a0\u00a0\u00a0\u00a0D\u00e9finir les r\u00e8gles qui r\u00e9gissent les autres structures de notre Administration non pr\u00e9vues dans ce texte\u00a0;<\/p>\n<p>&#8211;\u00a0\u00a0\u00a0\u00a0\u00a0\u00a0\u00a0\u00a0\u00a0\u00a0Reformuler l\u2019Article 19 en y ajoutant \u00ab\u00a0sur proposition du Ministre\u00a0\u00bb;<\/p>\n<p>&#8211;\u00a0\u00a0\u00a0\u00a0\u00a0\u00a0\u00a0\u00a0\u00a0\u00a0Revoir l\u2019Article 3 alin\u00e9a a) et renvoyer les ali\u00e9nas c) \u00e0 h) au Titre III.<\/p>\n<p><strong>Au terme des d\u00e9bats,\u00a0<\/strong>le Conseil a recommand\u00e9 l\u2019adoption du Projet de Loi\u00a0portant Organisation G\u00e9n\u00e9rale de l\u2019Administration Publique,\u00a0sous r\u00e9serve de la prise en compte des observations formul\u00e9es.<\/p>\n<p><strong>\u00a0<\/strong><strong>Le Ministre de l\u2019Energie et de l\u2019Hydraulique\u00a0<\/strong>a soumis pour examen en seconde lecture le projet de D\u00e9cret portant modalit\u00e9s d\u2019application de la Loi L\/2017\/0050\/AN du 29 novembre 2017, portant Cr\u00e9ation, Attributions, Organisation et Fonctionnement de l\u2019Autorit\u00e9 de R\u00e9gulation des Services Publics de l\u2019Electricit\u00e9 et de l\u2019Eau Potable en R\u00e9publique de Guin\u00e9e.<\/p>\n<p><strong>\u00a0<\/strong><\/p>\n<p>Il a indiqu\u00e9 que l\u2019objet de la communication est de finaliser le cadre l\u00e9gal et r\u00e9glementaire pour la mise en \u0153uvre de l\u2019Autorit\u00e9 de R\u00e9gulation des secteurs de l\u2019Electricit\u00e9 et de l\u2019Eau Potable en Guin\u00e9e.<\/p>\n<p>&nbsp;<\/p>\n<p>Le ministre a rappel\u00e9 que l\u2019Assembl\u00e9e Nationale, en sa session pl\u00e9ni\u00e8re du 29 novembre 2017 a adopt\u00e9 la Loi L\/0050\/2017\/AN, portant Cr\u00e9ation, Attributions, Organisation et Fonctionnement de l\u2019Autorit\u00e9 de R\u00e9gulation des Secteurs de l\u2019Electricit\u00e9 et de l\u2019Eau Potable, promulgu\u00e9e par le Pr\u00e9sident de la R\u00e9publique le 13 f\u00e9vrier 2018 par d\u00e9cret D\/2018\/024\/PRG, publi\u00e9e au journal officiel de la R\u00e9publique.<\/p>\n<p>Pour rendre op\u00e9rationnel l\u2019Autorit\u00e9 de R\u00e9gulation, le Pr\u00e9sident de la R\u00e9publique doit signer un d\u00e9cret fixant les modalit\u00e9s de son application pour sa mise en \u0153uvre en vertu des articles 5\u00a0; 12\u00a0; 13 et 16 de la Loi.<\/p>\n<p>Il a justifi\u00e9 la signature du d\u00e9cret d\u2019application de la Loi par des imp\u00e9ratifs importants, \u00e0 savoir\u00a0:<\/p>\n<p>&#8211;\u00a0\u00a0\u00a0\u00a0\u00a0\u00a0\u00a0\u00a0\u00a0\u00a0La tenue des engagements de la Guin\u00e9e dans le cadre de la directive C\/DIR\/1\/06\/2013 de la CEDAO portant mise en place et organisation d\u2019un march\u00e9 r\u00e9gional de l\u2019\u00e9lectricit\u00e9 dans l\u2019espace CEDEAO\u00a0;<\/p>\n<p>&#8211;\u00a0\u00a0\u00a0\u00a0\u00a0\u00a0\u00a0\u00a0\u00a0\u00a0Dans le cadre de la facilit\u00e9 d\u2019assistance technique de l\u2019initiative \u00e9nergie durable pour tous (SE4ALL), points 3 et 6 des recommandations et la d\u00e9claration conjointe de la Guin\u00e9e, de l\u2019Union Europ\u00e9enne et de la France\u00a0;<\/p>\n<p>&#8211;\u00a0\u00a0\u00a0\u00a0\u00a0\u00a0\u00a0\u00a0\u00a0\u00a0<em>Dans le cadre de la gouvernance du secteur de l\u2019Energie, l\u2019Union Europ\u00e9enne conditionne son appui \u00e0 la signature de ce d\u00e9cret d\u2019application de la Loi, la nomination des responsables, la pr\u00e9sentation de la vision et de l\u2019orientation du march\u00e9 national de l\u2019\u00e9lectricit\u00e9.<\/em><\/p>\n<p>Le Ministre a indiqu\u00e9 que\u00a0\u00a0les efforts financiers consentis dans le d\u00e9veloppement du secteur de l\u2019\u00e9lectricit\u00e9, notamment dans la construction des complexes hydro\u00e9lectriques et les lignes de transports, conduisent vers le march\u00e9 r\u00e9gional de l\u2019\u00e9lectricit\u00e9 de la CEDEAO en cours de construction. L\u2019op\u00e9rationnalisation effective de l\u2019Autorit\u00e9 de R\u00e9gulation sera la r\u00e9ponse de notre pays pour participer \u00e0 ce challenge.<\/p>\n<p>Il a sollicit\u00e9 le soutien et l\u2019appui du conseil pour l\u2019adoption de ce projet de d\u00e9cret d\u2019application de la Loi L\/0050\/2017\/AN et sa signature par Son Excellence Monsieur le Pr\u00e9sident de la R\u00e9publique.<\/p>\n<p><strong>Au cours des d\u00e9bats,\u00a0<\/strong>les observations ont essentiellement port\u00e9 sur\u00a0la n\u00e9cessit\u00e9 de :<\/p>\n<p>&#8211;\u00a0\u00a0\u00a0\u00a0\u00a0\u00a0\u00a0\u00a0\u00a0\u00a0Enlever les Articles 6, 7, 8, 9, 10 et 11 pour les mettre dans le R\u00e8glement Int\u00e9rieur\u00a0;<\/p>\n<p>&#8211;\u00a0\u00a0\u00a0\u00a0\u00a0\u00a0\u00a0\u00a0\u00a0\u00a0Rappeler la composition du Conseil\u00a0;<\/p>\n<p>&#8211;\u00a0\u00a0\u00a0\u00a0\u00a0\u00a0\u00a0\u00a0\u00a0\u00a0Revoir l\u2019article 5 en enlevant les membres du Conseil de l\u2019Autorit\u00e9 de R\u00e9gulation du processus de passation des march\u00e9s, afin d\u2019\u00e9viter d\u2019\u00eatre juge et partie\u00a0;<\/p>\n<p>&#8211;\u00a0\u00a0\u00a0\u00a0\u00a0\u00a0\u00a0\u00a0\u00a0\u00a0Pr\u00e9voir la possibilit\u00e9 de voter \u00e0 distance par courriel\u00a0;<\/p>\n<p>&#8211;\u00a0\u00a0\u00a0\u00a0\u00a0\u00a0\u00a0\u00a0\u00a0\u00a0Revoir l\u2019Article 17 en \u00e9vitant de fixer l\u2019organigramme dans le d\u00e9cret\u00a0;<\/p>\n<p>&#8211;\u00a0\u00a0\u00a0\u00a0\u00a0\u00a0\u00a0\u00a0\u00a0\u00a0Revoir le niveau des droits de licences dans l\u2019Article 29.<\/p>\n<p><strong>Au terme des d\u00e9bats,\u00a0<\/strong>le Conseil a recommand\u00e9 l\u2019adoption du Projet\u00a0de D\u00e9cret portant modalit\u00e9s d\u2019application de la Loi L\/2017\/0050\/AN du 29 novembre 2017,\u00a0sous r\u00e9serve de la prise en compte des observations formul\u00e9es. Il a demand\u00e9 au Ministre de travailler avec le Secr\u00e9taire G\u00e9n\u00e9ral du Gouvernement, pour la mise en forme juridique du texte.<\/p>\n<p><strong>\u00a0<\/strong><strong>AU TITRE DES COMMUNICATIONS<\/strong><\/p>\n<p><strong>\u00a0<\/strong><strong>Le Ministre des Mines et de la G\u00e9ologie\u00a0<\/strong>a fait une communication relative \u00e0 la Convention de Base portant sur la construction et l\u2019exploitation d\u2019une mine de bauxite et d\u2019une raffinerie d\u2019alumine par la Soci\u00e9t\u00e9 de Bauxites de Guin\u00e9e S.A (SBG).<\/p>\n<p><strong>\u00a0<\/strong>Le Ministre a indiqu\u00e9 que la Soci\u00e9t\u00e9 des Bauxites de Guin\u00e9e (SBG.SA) est une soci\u00e9t\u00e9 de droit guin\u00e9en, d\u00e9tentrice d\u2019une concession mini\u00e8re qui souhaiterait n\u00e9gocier une Convention mini\u00e8re avec le Gouvernement pour la construction et le d\u00e9veloppement d\u2019une raffinerie \u00e0 D\u00e9b\u00e9l\u00e9 et une mine de bauxite \u00e0 Garafiri. Cette volont\u00e9 s\u2019inscrit dans la politique du Chef de l\u2019Etat qui consiste \u00e0 favoriser les projets de transformation locale des minerais.<\/p>\n<p>Il s\u2019agit d\u2019un projet industriel int\u00e9gr\u00e9 pour la construction et l\u2019exploitation d\u2019une raffinerie d\u2019alumine, d\u2019une capacit\u00e9 initiale de 1,6 million de tonnes d\u2019alumine par an, la construction et l\u2019exploitation d\u2019une mine de bauxite avec une production de 8 millions de tonnes, dont 3 millions de tonnes \u00e0 l\u2019exportation et 5 millions de tonnes \u00e0 la transformation par la raffinerie. Les activit\u00e9s de la soci\u00e9t\u00e9 sont principalement bas\u00e9es dans la Pr\u00e9fecture de Kindia.<\/p>\n<p>Il a affirm\u00e9 que cette convention en faveur de la Soci\u00e9t\u00e9 des Bauxites de Guin\u00e9e (SBG S.A) va contribuer \u00e0 mitiger les crises sociales \u00e0 travers\u00a0: la cr\u00e9ation de 1.803 emplois directs et 6.000 emplois indirects pendant la phase d\u2019exploitation et 10.000 emplois directs et indirects pendant la phase de construction, avec un Investissement\u00a0d\u2019un milliard quatre cents millions de dollars am\u00e9ricains (1.400.000.000\u00a0\u00a0U$).<\/p>\n<p>Le Ministre a inform\u00e9 que l\u2019Etat guin\u00e9en b\u00e9n\u00e9ficiera au titre de ce projet des avantages sp\u00e9cifiques pendant les phases de la construction\u00a0et d\u2019exploitation :<\/p>\n<p>&#8211;\u00a0\u00a0\u00a0\u00a0\u00a0\u00a0\u00a0\u00a0\u00a0\u00a0Droits et taxes\u00a0: 2.510.000 $US vers\u00e9s \u00e0 l\u2019Etat\u00a0;<\/p>\n<p>&#8211;\u00a0\u00a0\u00a0\u00a0\u00a0\u00a0\u00a0\u00a0\u00a0\u00a0Imp\u00f4ts et taxes attendus\u00a0: 6.000.000 $US par an pour l\u2019Etat\u00a0;<\/p>\n<p>&#8211;\u00a0\u00a0\u00a0\u00a0\u00a0\u00a0\u00a0\u00a0\u00a0\u00a0Taxes superficiaires pour les communaut\u00e9s\u00a0: 75.300 $US par an\u00a0;<\/p>\n<p>&#8211;\u00a0\u00a0\u00a0\u00a0\u00a0\u00a0\u00a0\u00a0\u00a0\u00a0Taxe mini\u00e8re \u00e0 l\u2019extraction et \u00e0 l\u2019exportation\u00a0:\u00a0\u00a0\u00a0\u00a09.000.000 $US par an\u00a0;<\/p>\n<p>&#8211;\u00a0\u00a0\u00a0\u00a0\u00a0\u00a0\u00a0\u00a0\u00a0\u00a0Autres taxes et imp\u00f4ts\u00a0: 72.520.000 $US par an\u00a0;<\/p>\n<p>&#8211;\u00a0\u00a0\u00a0\u00a0\u00a0\u00a0\u00a0\u00a0\u00a0\u00a0Contribution au d\u00e9veloppement local\u00a0\u00a00,5% du chiffre d\u2019affaires.<\/p>\n<p>&nbsp;<\/p>\n<p>En plus des imp\u00f4ts, taxes et la cr\u00e9ation d\u2019emplois, la SBG S.A construira des infrastructures n\u00e9cessaires pour la r\u00e9alisation de son projet et qui b\u00e9n\u00e9ficieront aux infrastructures ferroviaires dans le cadre de la mutualisation. Elles auront un effet consid\u00e9rable sur les activit\u00e9s mini\u00e8res mais \u00e9galement sur celles agricoles, de construction d\u2019infrastructures sanitaires et scolaires dans la r\u00e9gion. Le projet favorisera aussi l\u2019am\u00e9nagement et le d\u00e9veloppement de la zone Est du Port de Conakry, projet\u00e9s par le Gouvernement.<\/p>\n<p>Le Ministre a expliqu\u00e9 que les \u00e9l\u00e9ments constitutifs de ce projet de Convention de Base n\u00e9goci\u00e9 entre l\u2019Etat Guin\u00e9en et ceux de l\u2019Investisseur comportent 37 articles parmi lesquels, on peut citer :<\/p>\n<p>&#8211;\u00a0\u00a0\u00a0\u00a0\u00a0\u00a0\u00a0\u00a0\u00a0\u00a0Droit applicable et Stabilisation Fiscale et Douani\u00e8re\u00a0;<\/p>\n<p>&#8211;\u00a0\u00a0\u00a0\u00a0\u00a0\u00a0\u00a0\u00a0\u00a0\u00a0R\u00e9gime fiscal et douanier pendant les phases de construction et d\u2019exploitation\u00a0;<\/p>\n<p>&#8211;\u00a0\u00a0\u00a0\u00a0\u00a0\u00a0\u00a0\u00a0\u00a0\u00a0Participation de l\u2019Etat\u00a0;<\/p>\n<p>&#8211;\u00a0\u00a0\u00a0\u00a0\u00a0\u00a0\u00a0\u00a0\u00a0\u00a0Date de la 1<sup>\u00e8re<\/sup>\u00a0production commerciale et maintien de la production\u00a0;<\/p>\n<p>&#8211;\u00a0\u00a0\u00a0\u00a0\u00a0\u00a0\u00a0\u00a0\u00a0\u00a0Protection de l\u2019Environnement\u00a0;<\/p>\n<p>&#8211;\u00a0\u00a0\u00a0\u00a0\u00a0\u00a0\u00a0\u00a0\u00a0\u00a0Transparence et lutte contre la corruption\u00a0;<\/p>\n<p>&#8211;\u00a0\u00a0\u00a0\u00a0\u00a0\u00a0\u00a0\u00a0\u00a0\u00a0D\u00e9veloppement de la communaut\u00e9 locale\u00a0;<\/p>\n<p>&#8211;\u00a0\u00a0\u00a0\u00a0\u00a0\u00a0\u00a0\u00a0\u00a0\u00a0Personnel et emplois\u00a0;<\/p>\n<p>&#8211;\u00a0\u00a0\u00a0\u00a0\u00a0\u00a0\u00a0\u00a0\u00a0\u00a0R\u00e9siliation.<\/p>\n<p><strong>Au cours des d\u00e9bats,<\/strong>\u00a0les observations essentielles ont port\u00e9 sur\u00a0la n\u00e9cessit\u00e9 de :<\/p>\n<p>&#8211;\u00a0\u00a0\u00a0\u00a0\u00a0\u00a0\u00a0\u00a0\u00a0\u00a0Evaluer la fourchette de la valeur des exon\u00e9rations et de la prise de participation\u00a0;<\/p>\n<p>&#8211;\u00a0\u00a0\u00a0\u00a0\u00a0\u00a0\u00a0\u00a0\u00a0\u00a0Eclaircir le point 14 sur la R\u00e9siliation.<\/p>\n<p><strong>\u00a0<\/strong><strong>Au terme des d\u00e9bats,\u00a0<\/strong>le Conseil a apport\u00e9 son soutien au Ministre et recommand\u00e9 l\u2019adoption du document de Convention de Base portant sur la construction et l\u2019exploitation de la mine de bauxite et d\u2019une raffinerie d\u2019alumine par la Soci\u00e9t\u00e9 de Bauxites de Guin\u00e9e S.A (SBG).<\/p>\n<p><strong>AU TITRE DES DECISIONS<\/strong><\/p>\n<p><strong>A l\u2019issue des d\u00e9bats sur les diff\u00e9rentes questions suscit\u00e9es, le Conseil a d\u00e9cid\u00e9 ce qui suit\u00a0:<\/strong><\/p>\n<p>1.Le Conseil approuve\u00a0le projet de Loi portant Organisation G\u00e9n\u00e9rale de l\u2019Administration Publique pr\u00e9sent\u00e9 par le Ministre en charge de la Fonction Publique,\u00a0sous r\u00e9serve de la prise en compte des observations formul\u00e9es. Le Conseil demande au Ministre de travailler avec le Secr\u00e9taire G\u00e9n\u00e9ral du Gouvernement, pour finaliser le texte avant sa transmission \u00e0 l\u2019Assembl\u00e9e Nationale.<\/p>\n<p>2.Le Conseil approuve le Projet\u00a0de D\u00e9cret portant modalit\u00e9s d\u2019application de la Loi L\/2017\/0050\/AN du 29 novembre 2017 portant Cr\u00e9ation, Attributions, Organisation et Fonctionnement de l\u2019Autorit\u00e9 de R\u00e9gulation des Services Publics de l\u2019Electricit\u00e9 et de l\u2019Eau Potable en R\u00e9publique de Guin\u00e9e, pr\u00e9sent\u00e9 par le Ministre en charge de l\u2019Hydraulique,\u00a0sous r\u00e9serve de la prise en compte des observations formul\u00e9es.<\/p>\n<p>3.Le Conseil approuve la Convention de Base portant sur la construction et l\u2019exploitation de la mine de bauxite et d\u2019une raffinerie d\u2019alumine par la Soci\u00e9t\u00e9 de Bauxites de Guin\u00e9e S.A (SBG SA) pr\u00e9sent\u00e9 par le Ministre en charge des Mines.<\/p>\n<p><strong>AU TITRE DES DIVERS<\/strong><\/p>\n<p>Le Secr\u00e9taire G\u00e9n\u00e9ral des Affaires Religieuses a inform\u00e9 du lancement officiel, le mardi 24 avril 2018, du projet de pr\u00e9vention du radicalisme et l\u2019extr\u00e9misme violent dans les zones \u00e0 risque en R\u00e9publique de Guin\u00e9e, en partenariat avec l\u2019UNESCO pour une dur\u00e9e de 18 mois.<\/p>\n<p>Le Ministre des Postes, T\u00e9l\u00e9communication et de l\u2019Economie Num\u00e9rique a inform\u00e9 que dans le cadre de la semaine nationale de l\u2019entreprenariat dans le num\u00e9rique tenue \u00e0 Conakry, du 17 au 20 avril 2018, un concours national des d\u00e9veloppeurs et des promoteurs de Startups a \u00e9t\u00e9 lanc\u00e9. Sur 92 candidats pr\u00e9s\u00e9lectionn\u00e9s, 18 laur\u00e9ats ont re\u00e7u des prix y compris des voyages d\u2019\u00e9tudes \u00e0 l\u2019ESMT de Dakar et en France. Le 1<sup>er<\/sup>\u00a0Prix revient \u00e0 un \u00e9tudiant de l\u2019Universit\u00e9 Julius Nyerere de Kankan.<\/p>\n<p>Avant de lever la s\u00e9ance, le Chef de l\u2019Etat a f\u00e9licit\u00e9 le Ministre d\u2019Etat, Ministre secr\u00e9taire g\u00e9n\u00e9rale \u00e0 la Pr\u00e9sidence, pour la r\u00e9ussite de sa mission effectu\u00e9e en Guin\u00e9e Bissau.<\/p>\n<p><strong>Le Conseil des Ministres<\/strong><\/p>\n<p>&nbsp;<\/p>\n","protected":false},"excerpt":{"rendered":"<p>Sous la pr\u00e9sidence de son Excellence Monsieur le Pr\u00e9sident de la R\u00e9publique, le Conseil des ministres a tenu sa session ordinaire ce jeudi 26 avril 2018 de 10h \u00e0 12h, avec l&rsquo;ordre du jour suivant\u00a0: &nbsp; Message de son Excellence Monsieur le Pr\u00e9sident de la R\u00e9publique\u00a0; Compte rendu de la session ordinaire du Conseil interminist\u00e9riel [&hellip;]<\/p>\n","protected":false},"author":2,"featured_media":2903,"comment_status":"open","ping_status":"open","sticky":false,"template":"","format":"standard","meta":{"footnotes":""},"categories":[1],"tags":[],"class_list":["post-2902","post","type-post","status-publish","format-standard","has-post-thumbnail","hentry","category-non-classe"],"_links":{"self":[{"href":"http:\/\/www.friaguinee.net\/index.php\/wp-json\/wp\/v2\/posts\/2902","targetHints":{"allow":["GET"]}}],"collection":[{"href":"http:\/\/www.friaguinee.net\/index.php\/wp-json\/wp\/v2\/posts"}],"about":[{"href":"http:\/\/www.friaguinee.net\/index.php\/wp-json\/wp\/v2\/types\/post"}],"author":[{"embeddable":true,"href":"http:\/\/www.friaguinee.net\/index.php\/wp-json\/wp\/v2\/users\/2"}],"replies":[{"embeddable":true,"href":"http:\/\/www.friaguinee.net\/index.php\/wp-json\/wp\/v2\/comments?post=2902"}],"version-history":[{"count":2,"href":"http:\/\/www.friaguinee.net\/index.php\/wp-json\/wp\/v2\/posts\/2902\/revisions"}],"predecessor-version":[{"id":2905,"href":"http:\/\/www.friaguinee.net\/index.php\/wp-json\/wp\/v2\/posts\/2902\/revisions\/2905"}],"wp:featuredmedia":[{"embeddable":true,"href":"http:\/\/www.friaguinee.net\/index.php\/wp-json\/wp\/v2\/media\/2903"}],"wp:attachment":[{"href":"http:\/\/www.friaguinee.net\/index.php\/wp-json\/wp\/v2\/media?parent=2902"}],"wp:term":[{"taxonomy":"category","embeddable":true,"href":"http:\/\/www.friaguinee.net\/index.php\/wp-json\/wp\/v2\/categories?post=2902"},{"taxonomy":"post_tag","embeddable":true,"href":"http:\/\/www.friaguinee.net\/index.php\/wp-json\/wp\/v2\/tags?post=2902"}],"curies":[{"name":"wp","href":"https:\/\/api.w.org\/{rel}","templated":true}]}}