{"id":2876,"date":"2018-04-26T10:56:13","date_gmt":"2018-04-26T10:56:13","guid":{"rendered":"http:\/\/www.friaguinee.net\/?p=2876"},"modified":"2018-04-26T10:56:13","modified_gmt":"2018-04-26T10:56:13","slug":"conakry-des-agents-de-service-de-securite-mis-a-la-disposition-de-la-police-judiciaire","status":"publish","type":"post","link":"http:\/\/www.friaguinee.net\/index.php\/2018\/04\/26\/conakry-des-agents-de-service-de-securite-mis-a-la-disposition-de-la-police-judiciaire\/","title":{"rendered":"Conakry\u00a0: des agents de service de s\u00e9curit\u00e9 mis \u00e0 la disposition de la police judiciaire"},"content":{"rendered":"<p>Suite au d\u00e9c\u00e8s de Aboubacar Soumah, un jeune qui \u00e9tait en garde \u00e0 vue au commissariat sp\u00e9cial du stade du 28 septembre, le porte-parole de la police a annonc\u00e9 sur les ondes de la t\u00e9l\u00e9vision nationale, que les agents du service du jour ont \u00e9t\u00e9 mis \u00e0 la disposition de la police judiciaire.<\/p>\n<p>Dans le communiqu\u00e9 qu\u2019a lu Boubacar Kass\u00e9, il exprime le regret du minist\u00e8re de la s\u00e9curit\u00e9 et annonce que des enquetes sont en cours pour \u00e9lucider cette affaire.<\/p>\n<p>\u00ab\u00a0Le minist\u00e8re de la s\u00e9curit\u00e9 et de la protection civile a constat\u00e9 avec regret la mort dans la nuit du 17 au 18 avril 2018 dans les circonstances non encore \u00e9lucid\u00e9es d\u2019un citoyen d\u00e9nomm\u00e9 Abdoulaye Soumah \u00e2g\u00e9 de 38ans, peintre de profession dans la salle de garde \u00e0 vue du commissariat sp\u00e9cial du stade du 28 septembre dans la salle de garde-\u00e0-vue o\u00f9 il \u00e9tait gard\u00e9 pour un cas de vol. Aussit\u00f4t inform\u00e9, le procureur de la R\u00e9publique pr\u00e8s le tribunal de 1<sup>\u00e8re<\/sup>\u00a0instance de Dixin a ordonn\u00e9 l\u2019ouverture d\u2019une enqu\u00eate. Le corps a \u00e9t\u00e9 d\u00e9pos\u00e9 \u00e0 la morgue de l\u2019h\u00f4pital Ignass-Deen et mis \u00e0 la disposition du m\u00e9decin l\u00e9giste afin de d\u00e9terminer les causes et les circonstances qui ont entra\u00een\u00e9 la mort de cette personne. D\u00e9j\u00e0 le commissaire sp\u00e9cial, les officiers et agents de fonctions au commissariat ce jour ont \u00e9t\u00e9 suspendus de leurs fonctions et mis \u00e0 la disposition de la direction nationale de la police judiciaire pour enqu\u00eate\u00a0\u00bb a annonc\u00e9 le porte-parole de la police.<\/p>\n<p>Selon les proches de la victime, Aboubacar Soumah a \u00e9t\u00e9 maltrait\u00e9 et tu\u00e9 au commissariat sp\u00e9cial du stade du 28 septembre, apr\u00e8s avoir y pass\u00e9 six jours sans manger. Il serait accus\u00e9 de vol d\u2019undemi sac de carreau cass\u00e9.<\/p>\n<p><strong>N\u00e8n\u00e8 Aissatou Bald\u00e9, correspondante \u00e0 Conakry<\/strong><\/p>\n","protected":false},"excerpt":{"rendered":"<p>Suite au d\u00e9c\u00e8s de Aboubacar Soumah, un jeune qui \u00e9tait en garde \u00e0 vue au commissariat sp\u00e9cial du stade du 28 septembre, le porte-parole de la police a annonc\u00e9 sur les ondes de la t\u00e9l\u00e9vision nationale, que les agents du service du jour ont \u00e9t\u00e9 mis \u00e0 la disposition de la police judiciaire. Dans le [&hellip;]<\/p>\n","protected":false},"author":2,"featured_media":2878,"comment_status":"open","ping_status":"open","sticky":false,"template":"","format":"standard","meta":{"footnotes":""},"categories":[45],"tags":[],"class_list":["post-2876","post","type-post","status-publish","format-standard","has-post-thumbnail","hentry","category-securite"],"_links":{"self":[{"href":"http:\/\/www.friaguinee.net\/index.php\/wp-json\/wp\/v2\/posts\/2876","targetHints":{"allow":["GET"]}}],"collection":[{"href":"http:\/\/www.friaguinee.net\/index.php\/wp-json\/wp\/v2\/posts"}],"about":[{"href":"http:\/\/www.friaguinee.net\/index.php\/wp-json\/wp\/v2\/types\/post"}],"author":[{"embeddable":true,"href":"http:\/\/www.friaguinee.net\/index.php\/wp-json\/wp\/v2\/users\/2"}],"replies":[{"embeddable":true,"href":"http:\/\/www.friaguinee.net\/index.php\/wp-json\/wp\/v2\/comments?post=2876"}],"version-history":[{"count":1,"href":"http:\/\/www.friaguinee.net\/index.php\/wp-json\/wp\/v2\/posts\/2876\/revisions"}],"predecessor-version":[{"id":2879,"href":"http:\/\/www.friaguinee.net\/index.php\/wp-json\/wp\/v2\/posts\/2876\/revisions\/2879"}],"wp:featuredmedia":[{"embeddable":true,"href":"http:\/\/www.friaguinee.net\/index.php\/wp-json\/wp\/v2\/media\/2878"}],"wp:attachment":[{"href":"http:\/\/www.friaguinee.net\/index.php\/wp-json\/wp\/v2\/media?parent=2876"}],"wp:term":[{"taxonomy":"category","embeddable":true,"href":"http:\/\/www.friaguinee.net\/index.php\/wp-json\/wp\/v2\/categories?post=2876"},{"taxonomy":"post_tag","embeddable":true,"href":"http:\/\/www.friaguinee.net\/index.php\/wp-json\/wp\/v2\/tags?post=2876"}],"curies":[{"name":"wp","href":"https:\/\/api.w.org\/{rel}","templated":true}]}}