{"id":28561,"date":"2021-01-07T08:57:16","date_gmt":"2021-01-07T08:57:16","guid":{"rendered":"http:\/\/www.friaguinee.net\/?p=28561"},"modified":"2021-01-07T09:00:27","modified_gmt":"2021-01-07T09:00:27","slug":"etats-unis-washington-en-etat-de-choc-apres-lattaque-du-capitole1","status":"publish","type":"post","link":"http:\/\/www.friaguinee.net\/index.php\/2021\/01\/07\/etats-unis-washington-en-etat-de-choc-apres-lattaque-du-capitole1\/","title":{"rendered":"\u00c9tats-Unis\u2009: Washington en \u00e9tat de choc apr\u00e8s l\u2019attaque du Capitole"},"content":{"rendered":"\n<p> L\u2019attaque du Capitole, mercredi 6&nbsp;janvier, a choqu\u00e9 l\u2019Am\u00e9rique. In\u00e9dit, cet assaut de la foule, qui s\u2019est sold\u00e9 par un bilan \u00e9tabli dans la nuit \u00e0 quatre morts, a retard\u00e9 la confirmation de la victoire de Joe Biden. <\/p>\n\n\n\n<p> Le 6 janvier 2021 est d\u00e9j\u00e0 rentr\u00e9 dans l\u2019histoire : pour la premi\u00e8re fois, le Capitole de Washington, si\u00e8ge de la d\u00e9mocratie&nbsp;<a href=\"https:\/\/www.la-croix.com\/Monde\/Ameriques\/etats-unis-usa-actualite-info\">am\u00e9ricaine<\/a>, a \u00e9t\u00e9 pris d\u2019assaut par des assaillants portant le drapeau am\u00e9ricain. <\/p>\n\n\n\n<p> Cette attaque des partisans de&nbsp;<a href=\"https:\/\/www.la-croix.com\/Monde\/Ameriques\/Donald-Trump-2017-01-19\">Donald Trump<\/a>, peu apr\u00e8s un meeting du pr\u00e9sident aux abords de la Maison-Blanche, a retard\u00e9 la confirmation, par le Congr\u00e8s, de la victoire de&nbsp;<a href=\"https:\/\/www.la-croix.com\/Monde\/joe-biden-actualite-info\">Joe Biden<\/a>&nbsp;\u00e0 la pr\u00e9sidentielle. <\/p>\n\n\n\n<h3 class=\"wp-block-heading\">Un assaut sans pr\u00e9c\u00e9dent<\/h3>\n\n\n\n<p>Les images ont beau tourner en boucle \u00e0 t\u00e9l\u00e9vision am\u00e9ricaine depuis le milieu de l\u2019apr\u00e8s-midi, elles semblent venues d\u2019ailleurs. On y voit des assaillants vandalisant les acc\u00e8s au Capitole, des \u00e9lus couch\u00e9s dans les trav\u00e9es de la Chambre des repr\u00e9sentants, des forces de l\u2019ordre l\u2019arme au poing, au c\u0153ur du pouvoir de la premi\u00e8re puissance mondiale.<\/p>\n\n\n\n<p>Sur la pelouse devant le Congr\u00e8s, ou sur les marches o\u00f9, le 20 janvier, Joe Biden pr\u00eatera serment pour succ\u00e9der \u00e0 Donald Trump, les premi\u00e8res sc\u00e8nes de chaos ont donn\u00e9 lieu \u00e0 des applaudissements. \u00ab<em>&nbsp;J\u2019aime l\u2019Am\u00e9rique, j\u2019aime l\u2019Am\u00e9rique<\/em>&nbsp;\u00bb, pouvait-on entendre dans la foule qui avait converg\u00e9 en d\u00e9but d\u2019apr\u00e8s-midi vers le Capitole.<\/p>\n\n\n\n<p>\u00ab&nbsp;<em>Les \u00e9lus n\u2019ont que ce qu\u2019ils m\u00e9ritent,&nbsp;<\/em>se f\u00e9licitait Josh, la quarantaine, d\u00e9non\u00e7ant la corruption des parlementaires, tout parti confondu.<em>&nbsp;Ils re\u00e7oivent de l\u2019argent de la Chine, c\u2019est pour \u00e7a qu\u2019ils abandonnent Trump aujourd\u2019hui ! \u00bb<\/em><\/p>\n\n\n\n<h3 class=\"wp-block-heading\">Un pr\u00e9sident plus isol\u00e9 que jamais<\/h3>\n\n\n\n<p>Dans la matin\u00e9e, Donald Trump s\u2019\u00e9tait adress\u00e9 \u00e0 ses sympathisants depuis les abords de la Maison-Blanche. Pendant plus d\u2019une heure, il avait r\u00e9p\u00e9t\u00e9 les accusations de fraude, que la justice n\u2019a cess\u00e9 de rejeter depuis&nbsp;<a href=\"https:\/\/www.la-croix.com\/Monde\/Ameriques\/elections-americaines\">les \u00e9lections du 3 novembre<\/a>. Avant d\u2019encourager la foule \u00e0 marcher sur le Capitole, ajoutant qu\u2019il serait de la partie.<\/p>\n\n\n\n<p>Mais en d\u00e9pit de la foule, Donald Trump est aujourd\u2019hui plus isol\u00e9 que jamais. Les \u00e9meutes, qui se sont traduites par quatre morts et dont les images ont choqu\u00e9 l\u2019Am\u00e9rique, ont donn\u00e9 lieu \u00e0 une avalanche de critiques, y compris au sein du parti r\u00e9publicain, parti de la loi et de l\u2019ordre. La presse s\u2019est fait l\u2019\u00e9cho de possibles d\u00e9missions \u00e0 venir au sein de l\u2019entourage du pr\u00e9sident, notamment parmi ses conseilleurs \u00e0 la s\u00e9curit\u00e9 nationale.<\/p>\n\n\n\n<p>Si le processus de certification du r\u00e9sultat de l\u2019\u00e9lection, une proc\u00e9dure formelle qui ne dure habituellement pas plus d\u2019une heure, a \u00e9t\u00e9 interrompu par l\u2019intrusion des \u00e9meutiers, il a repris dans la soir\u00e9e au Congr\u00e8s. Pour ne pas diff\u00e9rer l\u2019in\u00e9vitable, certains \u00e9lus r\u00e9publicains ont finalement renonc\u00e9 \u00e0 se joindre aux objections des derniers fid\u00e8les du pr\u00e9sident r\u00e9publicain.&nbsp;<em>\u00ab<\/em>&nbsp;<em>C\u2019est fini<\/em>&nbsp;\u00bb, a l\u00e2ch\u00e9 le s\u00e9nateur de Caroline du Sud Lindsay Graham, pourtant fid\u00e8le alli\u00e9 de l\u2019homme d\u2019affaires du Queens.<\/p>\n\n\n\n<h3 class=\"wp-block-heading\">Mike Pence, le \u00ab tra\u00eetre \u00bb<\/h3>\n\n\n\n<p>Comme lors des pr\u00e9c\u00e9dentes crises travers\u00e9es par le pays au cours de sa pr\u00e9sidence, comme \u00e0 Charlottesville en 2017, Donald Trump a souffl\u00e9 le chaud et le froid. Si dans un premier message, il avait appel\u00e9 ses partisans \u00e0 \u00ab rentrer chez eux \u00bb, il leur a manifest\u00e9 peu apr\u00e8s un soutien sans \u00e9quivoque. En r\u00e9ponse, Twitter et Facebook ont supprim\u00e9 la vid\u00e9o et bloqu\u00e9 temporairement le compte du pr\u00e9sident sortant.<\/p>\n\n\n\n<p>Dans ce climat d\u00e9l\u00e9t\u00e8re, beaucoup s\u2019interrogent sur le d\u00e9roul\u00e9 des deux derni\u00e8res semaines du mandat de Donald Trump. En particulier sur ses relations avec le \u00ab fid\u00e8le \u00bb Mike Pence, devenu le 6 janvier le \u00ab tra\u00eetre \u00bb pour ne pas avoir soutenu le locataire du bureau ovale dans ses d\u00e9marches post-\u00e9lectorales. Et s\u2019\u00eatre content\u00e9 du r\u00f4le que la Constitution lui assignait.<\/p>\n\n\n\n<p><strong>Avec lacroix.fr<\/strong><\/p>\n","protected":false},"excerpt":{"rendered":"<p>L\u2019attaque du Capitole, mercredi 6&nbsp;janvier, a choqu\u00e9 l\u2019Am\u00e9rique. In\u00e9dit, cet assaut de la foule, qui s\u2019est sold\u00e9 par un bilan \u00e9tabli dans la nuit \u00e0 quatre morts, a retard\u00e9 la confirmation de la victoire de Joe Biden. Le 6 janvier 2021 est d\u00e9j\u00e0 rentr\u00e9 dans l\u2019histoire : pour la premi\u00e8re fois, le Capitole de Washington, [&hellip;]<\/p>\n","protected":false},"author":2,"featured_media":28562,"comment_status":"open","ping_status":"open","sticky":false,"template":"","format":"standard","meta":{"footnotes":""},"categories":[43],"tags":[5875,3684,2276,5368,5876],"class_list":["post-28561","post","type-post","status-publish","format-standard","has-post-thumbnail","hentry","category-monde","tag-attaque-du-capitole","tag-choc","tag-etats-unis","tag-joe-biden","tag-pro-trump"],"_links":{"self":[{"href":"http:\/\/www.friaguinee.net\/index.php\/wp-json\/wp\/v2\/posts\/28561","targetHints":{"allow":["GET"]}}],"collection":[{"href":"http:\/\/www.friaguinee.net\/index.php\/wp-json\/wp\/v2\/posts"}],"about":[{"href":"http:\/\/www.friaguinee.net\/index.php\/wp-json\/wp\/v2\/types\/post"}],"author":[{"embeddable":true,"href":"http:\/\/www.friaguinee.net\/index.php\/wp-json\/wp\/v2\/users\/2"}],"replies":[{"embeddable":true,"href":"http:\/\/www.friaguinee.net\/index.php\/wp-json\/wp\/v2\/comments?post=28561"}],"version-history":[{"count":2,"href":"http:\/\/www.friaguinee.net\/index.php\/wp-json\/wp\/v2\/posts\/28561\/revisions"}],"predecessor-version":[{"id":28565,"href":"http:\/\/www.friaguinee.net\/index.php\/wp-json\/wp\/v2\/posts\/28561\/revisions\/28565"}],"wp:featuredmedia":[{"embeddable":true,"href":"http:\/\/www.friaguinee.net\/index.php\/wp-json\/wp\/v2\/media\/28562"}],"wp:attachment":[{"href":"http:\/\/www.friaguinee.net\/index.php\/wp-json\/wp\/v2\/media?parent=28561"}],"wp:term":[{"taxonomy":"category","embeddable":true,"href":"http:\/\/www.friaguinee.net\/index.php\/wp-json\/wp\/v2\/categories?post=28561"},{"taxonomy":"post_tag","embeddable":true,"href":"http:\/\/www.friaguinee.net\/index.php\/wp-json\/wp\/v2\/tags?post=28561"}],"curies":[{"name":"wp","href":"https:\/\/api.w.org\/{rel}","templated":true}]}}