{"id":2724,"date":"2018-04-17T17:53:14","date_gmt":"2018-04-17T17:53:14","guid":{"rendered":"http:\/\/www.friaguinee.net\/?p=2724"},"modified":"2018-04-17T17:53:14","modified_gmt":"2018-04-17T17:53:14","slug":"mission-fmi-en-guinee-les-recettes-se-sont-retrouvees-plus-basses-officiel","status":"publish","type":"post","link":"http:\/\/www.friaguinee.net\/index.php\/2018\/04\/17\/mission-fmi-en-guinee-les-recettes-se-sont-retrouvees-plus-basses-officiel\/","title":{"rendered":"Mission FMI en Guin\u00e9e : \u00ab Les recettes se sont retrouv\u00e9es plus basses \u00bb (Officiel)"},"content":{"rendered":"<p>Conakry, le 16 Avril 2018 \u2013\u00a0Apr\u00e8s deux semaines de mission d\u2019\u00e9valuation\u00a0dans le cadre de la premi\u00e8re revue du programme Facilit\u00e9 \u00e9largie de cr\u00e9dit (FEC), les experts du FMI ont boucl\u00e9 ce dimanche leur s\u00e9jour en Guin\u00e9e.<\/p>\n<p>L\u2019objectif de cette visite de travail\u00a0\u00e9tait d\u2019examiner\u00a0en collaboration avec le Gouvernement Guin\u00e9en \u00e0 travers\u00a0son pool \u00e9conomique (Minist\u00e8res de l\u2019Economie et des Finances\u00a0; du Budget\u00a0; du Plan et de la Coop\u00e9ration Internationale et Banque centrale de la R\u00e9publique de Guin\u00e9e)\u00a0un certain nombre de points portant sur la performance\u00a0\u00e9conomique en fin 2017.\u00a0Parmi ces points figuraient entre autres : le volet des recettes\u00a0;\u00a0le volet des d\u00e9penses, les questions li\u00e9es \u00e0 l\u2019ex\u00e9cution du budget d\u2019investissement et les aspects mon\u00e9taires avec la banque centrale.<\/p>\n<p>Revenant sur les grandes lignes des travaux entre les deux parties, le Ministre de l\u2019\u00e9conomie et des Finances dira que les discussions ont \u00e9t\u00e9 comme \u00e0 l\u2019accoutum\u00e9 emprunts\u00a0d\u2019un climat de tr\u00e8s bonne cordialit\u00e9 \u00e0 la recherche d\u2019un consensus en vue de trouver des solutions appropri\u00e9es.<\/p>\n<p>Parlant de la performance macro-\u00e9conomique en fin d\u00e9cembre, Malado Kaka reconnait quelle a \u00e9t\u00e9 moins bonne comme pr\u00e9vu, et cela en particulier sur le plan budg\u00e9taire\u00a0: \u00ab\u00a0nous avons donc accus\u00e9 des moins valus au niveau de nos recettes et \u00e9galement des d\u00e9penses suppl\u00e9mentaires. Les principales sources de ce d\u00e9rapage -explique-t-elle- sont \u00e0 attribuer au secteur de l\u2019\u00e9lectricit\u00e9 o\u00f9 l\u2019Etat a eu \u00e0 augmenter la subvention au-del\u00e0 des montants pr\u00e9vus dans le budget initial de 2017. Il y a \u00e9galement des pertes dues notamment \u00e0 des exon\u00e9rations qui ne sont pas r\u00e9glementaires, des d\u00e9penses suppl\u00e9mentaires pour des projets d\u2019investissements notamment les pistes rurales et certaines d\u00e9penses additionnelles en ce qui concerne la pr\u00e9paration des \u00e9lections locales.<\/p>\n<p>Face \u00e0 cette baisse de performance, la Ministre de l\u2019Economie et des finances rassure que le Gouvernement a d\u00e9j\u00e0 pris des mesures\u00a0n\u00e9cessaires, et identifi\u00e9 un certain nombres de mesures correctives qui visent \u00e0 amender les \u00e9carts concert\u00e9s en fin d\u2019ann\u00e9e derni\u00e8re: \u00ab\u00a0et je peux d\u00e9j\u00e0 vous dire que d\u00e8s le mois de janvier ces mesures ont port\u00e9 leurs effets puisque au niveau du plan budg\u00e9taire nous venons \u00e0 une situation o\u00f9 nous visons d\u00e9sormais un exc\u00e9dent budg\u00e9taire. Toutefois, nous avons \u00e9galement identifi\u00e9 d\u2019autres mesures qui nous permettrons de r\u00e9tablir la situation d\u2019ici la fin de l\u2019ann\u00e9e et de permettre bien s\u00fbr une ex\u00e9cution ad\u00e9quate de notre programme macro-\u00e9conomique comme nous nous y sommes engag\u00e9s\u00a0\u00bb soutient Malado Kaba.<\/p>\n<p>&nbsp;<\/p>\n<p>Dans leur rapport, les experts du FMI\u00a0ont fait remarquer une augmentation de l\u2019inflation en 2017 et des faiblesses par rapport aux r\u00e9sultats qui \u00e9taient attendus dans le domaine budg\u00e9taire, mais aussi des performances en ce qui concerne l\u2019\u00e9volution des r\u00e9serves internationales.<\/p>\n<p>On s\u2019attend encore \u00e0 une croissance autour de 7% pour l\u2019ann\u00e9e 2018. La Guin\u00e9e est en train de b\u00e9n\u00e9ficier d\u2019une p\u00e9riode de croissance \u00e9lev\u00e9e qui, en partie, s\u2019explique par la grande production dans le secteur minier. Un autre point important \u00e0 souligner, c\u2019est la bonne \u00e9volution des r\u00e9serves internationales, l\u2019augmentation des r\u00e9serves au cours de l\u2019ann\u00e9e 2017 gr\u00e2ce \u00e0 l\u2019exploitation mini\u00e8re brillante durant cette p\u00e9riode. J\u2019esp\u00e8re que d\u2019autres vont continuer au cours de 2018. Au niveau de la politique des r\u00e9sultats budg\u00e9taires, on a vu des faiblesses par rapport aux r\u00e9sultats auxquels on s\u2019attendait, \u00e0 cause de plusieurs facteurs. Les recettes se sont retrouv\u00e9es plus basses qu\u2019attendu et des d\u00e9penses\u00a0plus \u00e9lev\u00e9es. Mais, on a aussi pu appr\u00e9cier les efforts et les mesures au cours des deux premiers mois de 2018. On a bien appr\u00e9ci\u00e9 leur engagement d\u2019orienter ces politiques internes de stabilit\u00e9 macro-\u00e9conomique et budg\u00e9taire, \u00e0 continuer dans les efforts pour une bonne\u00a0mobilisation des recettes tout en ma\u00eetrisant les d\u00e9penses\u00a0\u00bb, a confi\u00e9 Georgia Albertin, Cheffe de la mission du FMI.<\/p>\n<p>Cette mission d\u2019\u00e9valuation avec l\u2019ensemble des politiques \u00e9conomiques, vise \u00e0 soutenir une croissance plus inclusive en vue de r\u00e9duire la pauvret\u00e9, mais tout en gardant la stabilit\u00e9 \u00e9conomique.<\/p>\n<p><strong>La Cellule de Communication du Gouvernement<\/strong><\/p>\n","protected":false},"excerpt":{"rendered":"<p>Conakry, le 16 Avril 2018 \u2013\u00a0Apr\u00e8s deux semaines de mission d\u2019\u00e9valuation\u00a0dans le cadre de la premi\u00e8re revue du programme Facilit\u00e9 \u00e9largie de cr\u00e9dit (FEC), les experts du FMI ont boucl\u00e9 ce dimanche leur s\u00e9jour en Guin\u00e9e. L\u2019objectif de cette visite de travail\u00a0\u00e9tait d\u2019examiner\u00a0en collaboration avec le Gouvernement Guin\u00e9en \u00e0 travers\u00a0son pool \u00e9conomique (Minist\u00e8res de l\u2019Economie [&hellip;]<\/p>\n","protected":false},"author":2,"featured_media":2725,"comment_status":"open","ping_status":"open","sticky":false,"template":"","format":"standard","meta":{"footnotes":""},"categories":[2],"tags":[],"class_list":["post-2724","post","type-post","status-publish","format-standard","has-post-thumbnail","hentry","category-actualites"],"_links":{"self":[{"href":"http:\/\/www.friaguinee.net\/index.php\/wp-json\/wp\/v2\/posts\/2724","targetHints":{"allow":["GET"]}}],"collection":[{"href":"http:\/\/www.friaguinee.net\/index.php\/wp-json\/wp\/v2\/posts"}],"about":[{"href":"http:\/\/www.friaguinee.net\/index.php\/wp-json\/wp\/v2\/types\/post"}],"author":[{"embeddable":true,"href":"http:\/\/www.friaguinee.net\/index.php\/wp-json\/wp\/v2\/users\/2"}],"replies":[{"embeddable":true,"href":"http:\/\/www.friaguinee.net\/index.php\/wp-json\/wp\/v2\/comments?post=2724"}],"version-history":[{"count":1,"href":"http:\/\/www.friaguinee.net\/index.php\/wp-json\/wp\/v2\/posts\/2724\/revisions"}],"predecessor-version":[{"id":2726,"href":"http:\/\/www.friaguinee.net\/index.php\/wp-json\/wp\/v2\/posts\/2724\/revisions\/2726"}],"wp:featuredmedia":[{"embeddable":true,"href":"http:\/\/www.friaguinee.net\/index.php\/wp-json\/wp\/v2\/media\/2725"}],"wp:attachment":[{"href":"http:\/\/www.friaguinee.net\/index.php\/wp-json\/wp\/v2\/media?parent=2724"}],"wp:term":[{"taxonomy":"category","embeddable":true,"href":"http:\/\/www.friaguinee.net\/index.php\/wp-json\/wp\/v2\/categories?post=2724"},{"taxonomy":"post_tag","embeddable":true,"href":"http:\/\/www.friaguinee.net\/index.php\/wp-json\/wp\/v2\/tags?post=2724"}],"curies":[{"name":"wp","href":"https:\/\/api.w.org\/{rel}","templated":true}]}}