{"id":2717,"date":"2018-04-17T13:39:17","date_gmt":"2018-04-17T13:39:17","guid":{"rendered":"http:\/\/www.friaguinee.net\/?p=2717"},"modified":"2018-04-17T13:39:17","modified_gmt":"2018-04-17T13:39:17","slug":"guinee-levee-du-mot-dordre-de-greve-des-boulangers","status":"publish","type":"post","link":"http:\/\/www.friaguinee.net\/index.php\/2018\/04\/17\/guinee-levee-du-mot-dordre-de-greve-des-boulangers\/","title":{"rendered":"Guin\u00e9e: lev\u00e9e du mot d&rsquo;ordre de gr\u00e8ve des boulangers"},"content":{"rendered":"<p>Les boulangers de Guin\u00e9e ont lev\u00e9 leur mot d\u2019ordre de gr\u00e8ve a annonc\u00e9 le Ministre du commerce, Marc Yombouno , qui menait depuis hier lundi, des n\u00e9gociations entre l\u2019union nationale des boulangers, l\u2019association des consommateurs, la CNTG, la f\u00e9d\u00e9ration nationale des artisans de Guin\u00e9e et des repr\u00e9sentants des unit\u00e9s industrielles qui fabriquent de la farine.<\/p>\n<p>\u00ab\u00a0Toutes les parties prenantes ont \u00a0unanimement d\u00e9cid\u00e9 de lever le mot d\u2019ordre de gr\u00e8ve qui \u00e9tait pr\u00e9vu le mercredi prochain \u00bb, a annonc\u00e9 Marc Yombouno.<\/p>\n<p>Ces boulangers voulaient protester contre la \u00ab\u00a0mauvaise\u00a0\u00bb qualit\u00e9 de la farine vendue en Guin\u00e9e ainsi que la quantit\u00e9 \u00ab\u00a0insuffisante\u00a0\u00bb contenue dans les sacs. Mais selon le ministre, des recommandations allant dans le sens de l\u2019appui des boulangers en mati\u00e8re de formation, d\u2019\u00e9quipement, d\u2019acc\u00e8s aux cr\u00e9dits, de structuration et aussi pour att\u00e9nuer un peu la situation du prix ont \u00e9t\u00e9 convenus.<\/p>\n<p>Au niveau du prix, des actions seront engag\u00e9es sur la chaine de distribution et de vente des produits, a-t-il pr\u00e9cis\u00e9.<\/p>\n<p>Du c\u00f4t\u00e9 des boulangers, les regards sont d\u00e9sormais tourn\u00e9s vers le ministre du commerce sur qui, ils portent toutes leurs confiances. \u00ab Tous nos points de revendications ont \u00e9t\u00e9 pris en compte. Avec le ministre du commerce, depuis que nous sommes ensemble, il ne nous a jamais tromp\u00e9s. Il a toujours \u0153uvr\u00e9 pour que les boulangeries guin\u00e9ennes travaillent dans les meilleures conditions. C\u2019est pourquoi depuis 2011 lorsque nous avons sign\u00e9 le protocole d\u2019accord, m\u00eame pendant les moments difficiles, le pain n\u2019a jamais manqu\u00e9 \u00bb souligne El Hadj Alpha Oumar Sacko secr\u00e9taire g\u00e9n\u00e9ral de l\u2019Union nationale des boulangers de Guin\u00e9e.<\/p>\n<p>Parlant de la qualit\u00e9 et de la quantit\u00e9 qu\u2019exigent les boulangers, le PDG du groupe Sonoco rassure. \u00ab C\u2019est \u00e0 cause des boulangers que j\u2019ai commenc\u00e9 \u00e0 faire la farine en Guin\u00e9e. Depuis que j\u2019ai commenc\u00e9 \u00e0 faire la farine et depuis que j\u2019ai commenc\u00e9 l\u2019exportation jusqu\u2019\u00e0 pr\u00e9sent, on n\u2019a jamais rencontr\u00e9 la mauvaise qualit\u00e9. Nous allons continuer \u00e0 leur donner de la bonne qualit\u00e9. Concernant la quantit\u00e9 aujourd\u2019hui, nous sommes en train d\u2019\u2019exporter dans la sous-r\u00e9gion \u00bb.<\/p>\n<p>Poursuivant, il promet aller au-del\u00e0 \u00ab Nous allons former les boulangers guin\u00e9ens ensuite, nous allons les accompagner dans la modernisation des fours, parce qu\u2019aujourd\u2019hui, dans tout le monde entier, c\u2019est seul la Guin\u00e9e qui a les boulangeries traditionnelles dans la capitale. On a pris l\u2019engagement de les accompagner dans ce sens pour qu\u2019ils deviennent aussi des petits industriels \u00bb promet Mamadou Saliou Diallo PDG de Sonoco.<\/p>\n<p><strong>La Cellule de communication du Minist\u00e8re<\/strong><\/p>\n","protected":false},"excerpt":{"rendered":"<p>Les boulangers de Guin\u00e9e ont lev\u00e9 leur mot d\u2019ordre de gr\u00e8ve a annonc\u00e9 le Ministre du commerce, Marc Yombouno , qui menait depuis hier lundi, des n\u00e9gociations entre l\u2019union nationale des boulangers, l\u2019association des consommateurs, la CNTG, la f\u00e9d\u00e9ration nationale des artisans de Guin\u00e9e et des repr\u00e9sentants des unit\u00e9s industrielles qui fabriquent de la farine. [&hellip;]<\/p>\n","protected":false},"author":2,"featured_media":2718,"comment_status":"open","ping_status":"open","sticky":false,"template":"","format":"standard","meta":{"footnotes":""},"categories":[2],"tags":[],"class_list":["post-2717","post","type-post","status-publish","format-standard","has-post-thumbnail","hentry","category-actualites"],"_links":{"self":[{"href":"http:\/\/www.friaguinee.net\/index.php\/wp-json\/wp\/v2\/posts\/2717","targetHints":{"allow":["GET"]}}],"collection":[{"href":"http:\/\/www.friaguinee.net\/index.php\/wp-json\/wp\/v2\/posts"}],"about":[{"href":"http:\/\/www.friaguinee.net\/index.php\/wp-json\/wp\/v2\/types\/post"}],"author":[{"embeddable":true,"href":"http:\/\/www.friaguinee.net\/index.php\/wp-json\/wp\/v2\/users\/2"}],"replies":[{"embeddable":true,"href":"http:\/\/www.friaguinee.net\/index.php\/wp-json\/wp\/v2\/comments?post=2717"}],"version-history":[{"count":1,"href":"http:\/\/www.friaguinee.net\/index.php\/wp-json\/wp\/v2\/posts\/2717\/revisions"}],"predecessor-version":[{"id":2719,"href":"http:\/\/www.friaguinee.net\/index.php\/wp-json\/wp\/v2\/posts\/2717\/revisions\/2719"}],"wp:featuredmedia":[{"embeddable":true,"href":"http:\/\/www.friaguinee.net\/index.php\/wp-json\/wp\/v2\/media\/2718"}],"wp:attachment":[{"href":"http:\/\/www.friaguinee.net\/index.php\/wp-json\/wp\/v2\/media?parent=2717"}],"wp:term":[{"taxonomy":"category","embeddable":true,"href":"http:\/\/www.friaguinee.net\/index.php\/wp-json\/wp\/v2\/categories?post=2717"},{"taxonomy":"post_tag","embeddable":true,"href":"http:\/\/www.friaguinee.net\/index.php\/wp-json\/wp\/v2\/tags?post=2717"}],"curies":[{"name":"wp","href":"https:\/\/api.w.org\/{rel}","templated":true}]}}