{"id":270,"date":"2017-12-23T15:30:03","date_gmt":"2017-12-23T14:30:03","guid":{"rendered":"http:\/\/www.friaguinee.net\/?p=270"},"modified":"2017-12-27T14:25:45","modified_gmt":"2017-12-27T13:25:45","slug":"fritival-2017-ouverture-de-la-foire-prefectorale","status":"publish","type":"post","link":"http:\/\/www.friaguinee.net\/index.php\/2017\/12\/23\/fritival-2017-ouverture-de-la-foire-prefectorale\/","title":{"rendered":"Fristival\u00a02017\u00a0: Ouverture de la foire pr\u00e9fectorale"},"content":{"rendered":"<p style=\"text-align: justify;\">Comme l\u2019ann\u00e9e pr\u00e9c\u00e9dente, cette ann\u00e9e encore la structure\u00a0\u00bb Fria Rel\u00e8ve Toi \u00ab\u00a0compte \u00e9gailler\u00a0 la population de la cit\u00e9 de l\u2019alumine \u00e0 travers le grand \u00e9v\u00e9nement culturel d\u00e9nomm\u00e9 Fristival\u00a0.<\/p>\n<p>C\u2019est en pr\u00e9lude de cet \u00e9v\u00e9nement qu\u2019une foire artisanale \u00e0 dimension pr\u00e9fectorale a \u00e9t\u00e9 initi\u00e9e par les forces vives de la cit\u00e9.<\/p>\n<p>Ouverte le mercredi 20 D\u00e9cembre dans l\u2019enceinte du parc de jeux, des produits artisanaux, aquatiques, des jouets, des parures et de la nourriture y sont expos\u00e9s pour le bonheur de la population de Fria qui, \u00e0 travers cette foire se retrouve tous les jours pour manifester leur joie.<\/p>\n<p><img loading=\"lazy\" decoding=\"async\" class=\"aligncenter size-medium wp-image-272\" src=\"http:\/\/www.friaguinee.net\/wp-content\/uploads\/2017\/12\/friastival36-300x180.jpg\" alt=\"\" width=\"300\" height=\"180\" srcset=\"http:\/\/www.friaguinee.net\/wp-content\/uploads\/2017\/12\/friastival36-300x180.jpg 300w, http:\/\/www.friaguinee.net\/wp-content\/uploads\/2017\/12\/friastival36.jpg 621w\" sizes=\"auto, (max-width: 300px) 100vw, 300px\" \/><\/p>\n<p>Selon Abdoulaye Diallo, le Pr\u00e9sident du comit\u00e9 d\u2019organisation, cette foire a pour but de permettre le brassage culturel et la confrontation des diff\u00e9rents g\u00e9nies cr\u00e9ateurs et produits mais surtout de favoriser un espace d\u2019echange permettant de promouvoir nos produits.<\/p>\n<p><img loading=\"lazy\" decoding=\"async\" class=\"aligncenter wp-image-273\" src=\"http:\/\/www.friaguinee.net\/wp-content\/uploads\/2017\/12\/abdoulaye-diallo.jpg\" alt=\"\" width=\"215\" height=\"215\" \/><\/p>\n<p>Contrairement au Fristival qui prendra fin avant la fin de l\u2019ann\u00e9e 2017, la foire elle se poursuivra jusqu\u2019au 5 janvier 2018.<\/p>\n<p>Dj\u00e9nabou Batco Diallo<\/p>\n<p><img loading=\"lazy\" decoding=\"async\" class=\"wp-image-479 alignleft\" src=\"http:\/\/www.friaguinee.net\/wp-content\/uploads\/2017\/12\/FB_IMG_1513980162666.jpg\" alt=\"\" width=\"71\" height=\"88\" \/><\/p>\n<p>Tel: 628286744\/657106995<\/p>\n<p>&nbsp;<\/p>\n<p>&nbsp;<\/p>\n<p>&nbsp;<\/p>\n","protected":false},"excerpt":{"rendered":"<p>Comme l\u2019ann\u00e9e pr\u00e9c\u00e9dente, cette ann\u00e9e encore la structure\u00a0\u00bb Fria Rel\u00e8ve Toi \u00ab\u00a0compte \u00e9gailler\u00a0 la population de la cit\u00e9 de l\u2019alumine \u00e0 travers le grand \u00e9v\u00e9nement culturel d\u00e9nomm\u00e9 Fristival\u00a0. C\u2019est en pr\u00e9lude de cet \u00e9v\u00e9nement qu\u2019une foire artisanale \u00e0 dimension pr\u00e9fectorale a \u00e9t\u00e9 initi\u00e9e par les forces vives de la cit\u00e9. Ouverte le mercredi 20 D\u00e9cembre [&hellip;]<\/p>\n","protected":false},"author":2,"featured_media":271,"comment_status":"open","ping_status":"open","sticky":false,"template":"","format":"standard","meta":{"footnotes":""},"categories":[8],"tags":[28],"class_list":["post-270","post","type-post","status-publish","format-standard","has-post-thumbnail","hentry","category-culture","tag-featured"],"_links":{"self":[{"href":"http:\/\/www.friaguinee.net\/index.php\/wp-json\/wp\/v2\/posts\/270","targetHints":{"allow":["GET"]}}],"collection":[{"href":"http:\/\/www.friaguinee.net\/index.php\/wp-json\/wp\/v2\/posts"}],"about":[{"href":"http:\/\/www.friaguinee.net\/index.php\/wp-json\/wp\/v2\/types\/post"}],"author":[{"embeddable":true,"href":"http:\/\/www.friaguinee.net\/index.php\/wp-json\/wp\/v2\/users\/2"}],"replies":[{"embeddable":true,"href":"http:\/\/www.friaguinee.net\/index.php\/wp-json\/wp\/v2\/comments?post=270"}],"version-history":[{"count":0,"href":"http:\/\/www.friaguinee.net\/index.php\/wp-json\/wp\/v2\/posts\/270\/revisions"}],"wp:featuredmedia":[{"embeddable":true,"href":"http:\/\/www.friaguinee.net\/index.php\/wp-json\/wp\/v2\/media\/271"}],"wp:attachment":[{"href":"http:\/\/www.friaguinee.net\/index.php\/wp-json\/wp\/v2\/media?parent=270"}],"wp:term":[{"taxonomy":"category","embeddable":true,"href":"http:\/\/www.friaguinee.net\/index.php\/wp-json\/wp\/v2\/categories?post=270"},{"taxonomy":"post_tag","embeddable":true,"href":"http:\/\/www.friaguinee.net\/index.php\/wp-json\/wp\/v2\/tags?post=270"}],"curies":[{"name":"wp","href":"https:\/\/api.w.org\/{rel}","templated":true}]}}