{"id":2690,"date":"2018-04-16T18:57:38","date_gmt":"2018-04-16T18:57:38","guid":{"rendered":"http:\/\/www.friaguinee.net\/?p=2690"},"modified":"2018-04-16T20:03:30","modified_gmt":"2018-04-16T20:03:30","slug":"fria-les-conducteurs-de-taxi-motos-en-colere","status":"publish","type":"post","link":"http:\/\/www.friaguinee.net\/index.php\/2018\/04\/16\/fria-les-conducteurs-de-taxi-motos-en-colere\/","title":{"rendered":"Fria : les conducteurs de taxi-motos en col\u00e8re !"},"content":{"rendered":"<p>Suite aux nouvelles mesures prises par les autorit\u00e9s s\u00e9curitaires contre les conducteurs de taxi moto de la ville de Fria en vue d\u2019\u00e9viter des cas d&rsquo;accidents souvent enregistr\u00e9s dans la la pr\u00e9fecture , les conducteurs \u00a0ont exprim\u00e9 leur m\u00e9contentement face \u00e0 cette d\u00e9cision qu\u2019ils qualifient de \u00ab\u00a0 loi contre leur travail\u00a0\u00bb.<\/p>\n<p>Ils ont massivement investi la route principale ce lundi \u00a0pour disent-ils, r\u00e9clamer leur droit.<\/p>\n<p><img loading=\"lazy\" decoding=\"async\" class=\"size-medium wp-image-2692 alignleft\" src=\"http:\/\/www.friaguinee.net\/wp-content\/uploads\/2018\/04\/30725592_356256034865416_5916344886491086848_n-225x300.jpg\" alt=\"\" width=\"225\" height=\"300\" srcset=\"http:\/\/www.friaguinee.net\/wp-content\/uploads\/2018\/04\/30725592_356256034865416_5916344886491086848_n-225x300.jpg 225w, http:\/\/www.friaguinee.net\/wp-content\/uploads\/2018\/04\/30725592_356256034865416_5916344886491086848_n-315x420.jpg 315w, http:\/\/www.friaguinee.net\/wp-content\/uploads\/2018\/04\/30725592_356256034865416_5916344886491086848_n.jpg 641w\" sizes=\"auto, (max-width: 225px) 100vw, 225px\" \/><\/p>\n<p>Selon leur porte-parole, la journ\u00e9e de ce lundi est consacr\u00e9e uniquement \u00e0 la r\u00e9clamation pacifique \u00a0de leur droit.<\/p>\n<p>\u00ab\u00a0Nous ne sommes pas venus pour faire la pagaille, mais trop c&rsquo;est trop. Nous sommes tous des fils natifs de Fria, nous voulons tous le bonheur de notre ville, tout ce que les agents de s\u00e9curit\u00e9 on dit d&rsquo;une part ils ont raison mais d&rsquo;autre part il y a des mesures prises qui sont contre nous voire m\u00eame contre la population\u00a0\u00bb a d\u00e9clar\u00e9 Moustapha Keita.<\/p>\n<p>Parlant des surcharges, principale raison de leur col\u00e8re, le porte-parole d\u00e9fend sa corporation en ces termes\u00a0:<\/p>\n<p><img loading=\"lazy\" decoding=\"async\" class=\"size-medium wp-image-2693 alignright\" src=\"http:\/\/www.friaguinee.net\/wp-content\/uploads\/2018\/04\/30714273_356255924865427_6139761362877808640_n-225x300.jpg\" alt=\"\" width=\"225\" height=\"300\" srcset=\"http:\/\/www.friaguinee.net\/wp-content\/uploads\/2018\/04\/30714273_356255924865427_6139761362877808640_n-225x300.jpg 225w, http:\/\/www.friaguinee.net\/wp-content\/uploads\/2018\/04\/30714273_356255924865427_6139761362877808640_n-315x420.jpg 315w, http:\/\/www.friaguinee.net\/wp-content\/uploads\/2018\/04\/30714273_356255924865427_6139761362877808640_n.jpg 641w\" sizes=\"auto, (max-width: 225px) 100vw, 225px\" \/><\/p>\n<p>\u00ab\u00a0En ce qui concerne les surcharges, on ne les fait pas seulement pour notre propre int\u00e9r\u00eat parce que nous savons tous la situation \u00e9conomique de notre ville. L\u2019usine vient de faire un pas mais ce n\u2019est pas tout le monde qui est employ\u00e9 d&rsquo;abord, \u00a0si un p\u00e8re de famille donne 20000 francs de d\u00e9pense par jour sans compter les frais de transport, et que la femme ne fait pas de surcharge alors qu\u2019 on n\u2019envoie quelqu&rsquo;un \u00e0 2000 francs, si le transport aller-retour \u00a0est \u00e0 4000 francs la femme ne peut faire que 16000 francs de d\u00e9penses. Du c\u00f4t\u00e9 des \u00e9l\u00e8ves, on peut prendre deux \u00e9l\u00e8ves \u00e0 1000 francs pour les amener dans leur \u00e9tablissement.\u00a0 On fait tout cela pour aider la population\u00a0\u00bb pr\u00e9cise-t-il.<\/p>\n<p>Plus loin, Moustapha Sylla, fustige l\u2019implication de la justice.<\/p>\n<p>\u00ab\u00a0Si les forces de l&rsquo;ordre disent \u00a0qu&rsquo;il n&rsquo;y a pas de surcharge \u00a0maintenant et que la situation des taxi-motos ne s&rsquo;arrange plus au commissariat sauf \u00e0 la justice, nous ne pouvons plus supporter.\u00a0 Nous sommes pr\u00eats \u00e0 porter le casque, \u00a0nous sommes pr\u00eats \u00e0 porter les chaussures ferm\u00e9es et nous sommes pr\u00eats \u00e0 respecter toutes les mesures qu&rsquo;ils ont prises mais nous ne sommes pas d\u2019accord pour les deux l\u00e0\u00a0\u00bb a-t-il martel\u00e9.<\/p>\n<p>Cette manifestation ne concerne pas seulement \u00a0que les \u00a0conducteurs de taxis moto de la commune urbaine, ceux de toute la pr\u00e9fecture sont concern\u00e9s. C\u2019est\u00a0 pourquoi ils ont d\u00e9cid\u00e9 de rencontrer la premi\u00e8re autorit\u00e9 de la pr\u00e9fecture.<\/p>\n<p><img loading=\"lazy\" decoding=\"async\" class=\"size-medium wp-image-2694 alignleft\" src=\"http:\/\/www.friaguinee.net\/wp-content\/uploads\/2018\/04\/30727518_356255941532092_1969115588932403200_n-300x225.jpg\" alt=\"\" width=\"300\" height=\"225\" srcset=\"http:\/\/www.friaguinee.net\/wp-content\/uploads\/2018\/04\/30727518_356255941532092_1969115588932403200_n-300x225.jpg 300w, http:\/\/www.friaguinee.net\/wp-content\/uploads\/2018\/04\/30727518_356255941532092_1969115588932403200_n-768x576.jpg 768w, http:\/\/www.friaguinee.net\/wp-content\/uploads\/2018\/04\/30727518_356255941532092_1969115588932403200_n-80x60.jpg 80w, http:\/\/www.friaguinee.net\/wp-content\/uploads\/2018\/04\/30727518_356255941532092_1969115588932403200_n-265x198.jpg 265w, http:\/\/www.friaguinee.net\/wp-content\/uploads\/2018\/04\/30727518_356255941532092_1969115588932403200_n-696x522.jpg 696w, http:\/\/www.friaguinee.net\/wp-content\/uploads\/2018\/04\/30727518_356255941532092_1969115588932403200_n-560x420.jpg 560w, http:\/\/www.friaguinee.net\/wp-content\/uploads\/2018\/04\/30727518_356255941532092_1969115588932403200_n.jpg 854w\" sizes=\"auto, (max-width: 300px) 100vw, 300px\" \/><\/p>\n<p>Tr\u00e8s contente de la mobilisation et le respect accord\u00e9 \u00a0\u00e0 sa personne, Madame le pr\u00e9fet s&rsquo;est engag\u00e9e \u00e0 trouver un consensus entre les conducteurs et les agents de s\u00e9curit\u00e9.<\/p>\n<p>&nbsp;<\/p>\n<p>\u00ab\u00a0Vraiment je suis combl\u00e9e de joie \u00a0pas parce que j&rsquo;ai vu ce mouvement dans ma pr\u00e9fecture mais \u00a0pour le respect que vous m&rsquo;avez accord\u00e9. Je m&rsquo;engage \u00e0 trouver un terrain d&rsquo;entente entre vous et les agents de s\u00e9curit\u00e9 parce que moi je sais que c&rsquo;est vous qui travaillez pour ma population, une ville sans circulation n&rsquo;est plus une ville, la preuve en est que depuis ce matin , il y a peu de mouvement \u00e0 Fria mais je vous demande de garder cette allure. Je vais faire appel \u00e0 la gendarmerie, la police, la justice et vos repr\u00e9sentants pour aller trouver un terrain d&rsquo;entente\u00a0\u00bb a promis Hadja Gnalen Cond\u00e9.<\/p>\n<p><img loading=\"lazy\" decoding=\"async\" class=\"aligncenter size-medium wp-image-2695\" src=\"http:\/\/www.friaguinee.net\/wp-content\/uploads\/2018\/04\/30714603_356256044865415_7482799208295038976_n-225x300.jpg\" alt=\"\" width=\"225\" height=\"300\" srcset=\"http:\/\/www.friaguinee.net\/wp-content\/uploads\/2018\/04\/30714603_356256044865415_7482799208295038976_n-225x300.jpg 225w, http:\/\/www.friaguinee.net\/wp-content\/uploads\/2018\/04\/30714603_356256044865415_7482799208295038976_n-315x420.jpg 315w, http:\/\/www.friaguinee.net\/wp-content\/uploads\/2018\/04\/30714603_356256044865415_7482799208295038976_n.jpg 641w\" sizes=\"auto, (max-width: 225px) 100vw, 225px\" \/><\/p>\n<p>&nbsp;<\/p>\n<p>Bien que plusieurs cas d\u2019accidents soient enregistr\u00e9s ces derniers temps \u00e0 Fria, les taxi-motos jouent un r\u00f4le important dans la vie des Friakas, c\u2019est pourquoi leur arr\u00eat inqui\u00e8te plus d\u2019un.<\/p>\n<p><strong>Mohamed Kolya Bangoura<\/strong><\/p>\n<p><strong>Tel: 620 05 05 47<\/strong><\/p>\n","protected":false},"excerpt":{"rendered":"<p>Suite aux nouvelles mesures prises par les autorit\u00e9s s\u00e9curitaires contre les conducteurs de taxi moto de la ville de Fria en vue d\u2019\u00e9viter des cas d&rsquo;accidents souvent enregistr\u00e9s dans la la pr\u00e9fecture , les conducteurs \u00a0ont exprim\u00e9 leur m\u00e9contentement face \u00e0 cette d\u00e9cision qu\u2019ils qualifient de \u00ab\u00a0 loi contre leur travail\u00a0\u00bb. Ils ont massivement investi [&hellip;]<\/p>\n","protected":false},"author":2,"featured_media":2691,"comment_status":"open","ping_status":"open","sticky":false,"template":"","format":"standard","meta":{"footnotes":""},"categories":[3],"tags":[],"class_list":["post-2690","post","type-post","status-publish","format-standard","has-post-thumbnail","hentry","category-societe"],"_links":{"self":[{"href":"http:\/\/www.friaguinee.net\/index.php\/wp-json\/wp\/v2\/posts\/2690","targetHints":{"allow":["GET"]}}],"collection":[{"href":"http:\/\/www.friaguinee.net\/index.php\/wp-json\/wp\/v2\/posts"}],"about":[{"href":"http:\/\/www.friaguinee.net\/index.php\/wp-json\/wp\/v2\/types\/post"}],"author":[{"embeddable":true,"href":"http:\/\/www.friaguinee.net\/index.php\/wp-json\/wp\/v2\/users\/2"}],"replies":[{"embeddable":true,"href":"http:\/\/www.friaguinee.net\/index.php\/wp-json\/wp\/v2\/comments?post=2690"}],"version-history":[{"count":6,"href":"http:\/\/www.friaguinee.net\/index.php\/wp-json\/wp\/v2\/posts\/2690\/revisions"}],"predecessor-version":[{"id":2702,"href":"http:\/\/www.friaguinee.net\/index.php\/wp-json\/wp\/v2\/posts\/2690\/revisions\/2702"}],"wp:featuredmedia":[{"embeddable":true,"href":"http:\/\/www.friaguinee.net\/index.php\/wp-json\/wp\/v2\/media\/2691"}],"wp:attachment":[{"href":"http:\/\/www.friaguinee.net\/index.php\/wp-json\/wp\/v2\/media?parent=2690"}],"wp:term":[{"taxonomy":"category","embeddable":true,"href":"http:\/\/www.friaguinee.net\/index.php\/wp-json\/wp\/v2\/categories?post=2690"},{"taxonomy":"post_tag","embeddable":true,"href":"http:\/\/www.friaguinee.net\/index.php\/wp-json\/wp\/v2\/tags?post=2690"}],"curies":[{"name":"wp","href":"https:\/\/api.w.org\/{rel}","templated":true}]}}