{"id":2585,"date":"2018-04-11T11:44:40","date_gmt":"2018-04-11T11:44:40","guid":{"rendered":"http:\/\/www.friaguinee.net\/?p=2585"},"modified":"2018-04-11T11:44:40","modified_gmt":"2018-04-11T11:44:40","slug":"algerie-257-morts-dans-le-crash-dun-avion-militaire","status":"publish","type":"post","link":"http:\/\/www.friaguinee.net\/index.php\/2018\/04\/11\/algerie-257-morts-dans-le-crash-dun-avion-militaire\/","title":{"rendered":"Alg\u00e9rie\u00a0: 257 morts dans le crash d\u2019un avion militaire"},"content":{"rendered":"<p>Crash-Un avion de l&rsquo;arm\u00e9e de l&rsquo;air\u00a0alg\u00e9rienne s&rsquo;est \u00e9cras\u00e9 ce mercredi \u00e0 l&rsquo;a\u00e9roport de Boufarik, pr\u00e8s d&rsquo;Alger. Selon un bilan provisoire, au moins 257 personnes ont p\u00e9ri dans la catastrophe.<\/p>\n<p>Un avion militaire alg\u00e9rien de transport s&rsquo;est \u00e9cras\u00e9 ce mercredi en milieu de matin\u00e9e peu apr\u00e8s son d\u00e9collage pr\u00e8s de la base a\u00e9rienne de Boufarik, \u00e0 une trentaine de kilom\u00e8tres d&rsquo;Alger.<\/p>\n<p>Selon un bilan diffus\u00e9 par le minist\u00e8re alg\u00e9rien de la D\u00e9fense vers 13h, heure fran\u00e7aise, 257 personnes ont p\u00e9ri dans la catastrophe.\u00a0Les victimes sont les dix membres d&rsquo;\u00e9quipage et 247 passagers, \u00ab\u00a0dont la plupart sont des personnels de l&rsquo;Arm\u00e9e nationale populaire ainsi que des membres de leurs familles\u00a0\u00bb, pr\u00e9cisent les autorit\u00e9s, sans faire \u00e9tat d&rsquo;\u00e9ventuels survivants.<\/p>\n<p>Selon une source militaire de l&rsquo;AFP, l&rsquo;avion est un Iliouchine IL-76, un appareil militaire de fabrication sovi\u00e9tique puis russe, capable de transporter environ 120 passagers (soit moiti\u00e9 moins que le nombre de victimes). Il s&rsquo;est \u00e9cras\u00e9 dans un champ \u00e0 proximit\u00e9 imm\u00e9diate de la base.<\/p>\n","protected":false},"excerpt":{"rendered":"<p>Crash-Un avion de l&rsquo;arm\u00e9e de l&rsquo;air\u00a0alg\u00e9rienne s&rsquo;est \u00e9cras\u00e9 ce mercredi \u00e0 l&rsquo;a\u00e9roport de Boufarik, pr\u00e8s d&rsquo;Alger. Selon un bilan provisoire, au moins 257 personnes ont p\u00e9ri dans la catastrophe. Un avion militaire alg\u00e9rien de transport s&rsquo;est \u00e9cras\u00e9 ce mercredi en milieu de matin\u00e9e peu apr\u00e8s son d\u00e9collage pr\u00e8s de la base a\u00e9rienne de Boufarik, \u00e0 [&hellip;]<\/p>\n","protected":false},"author":2,"featured_media":2586,"comment_status":"open","ping_status":"open","sticky":false,"template":"","format":"standard","meta":{"footnotes":""},"categories":[42],"tags":[],"class_list":["post-2585","post","type-post","status-publish","format-standard","has-post-thumbnail","hentry","category-afrique"],"_links":{"self":[{"href":"http:\/\/www.friaguinee.net\/index.php\/wp-json\/wp\/v2\/posts\/2585","targetHints":{"allow":["GET"]}}],"collection":[{"href":"http:\/\/www.friaguinee.net\/index.php\/wp-json\/wp\/v2\/posts"}],"about":[{"href":"http:\/\/www.friaguinee.net\/index.php\/wp-json\/wp\/v2\/types\/post"}],"author":[{"embeddable":true,"href":"http:\/\/www.friaguinee.net\/index.php\/wp-json\/wp\/v2\/users\/2"}],"replies":[{"embeddable":true,"href":"http:\/\/www.friaguinee.net\/index.php\/wp-json\/wp\/v2\/comments?post=2585"}],"version-history":[{"count":1,"href":"http:\/\/www.friaguinee.net\/index.php\/wp-json\/wp\/v2\/posts\/2585\/revisions"}],"predecessor-version":[{"id":2587,"href":"http:\/\/www.friaguinee.net\/index.php\/wp-json\/wp\/v2\/posts\/2585\/revisions\/2587"}],"wp:featuredmedia":[{"embeddable":true,"href":"http:\/\/www.friaguinee.net\/index.php\/wp-json\/wp\/v2\/media\/2586"}],"wp:attachment":[{"href":"http:\/\/www.friaguinee.net\/index.php\/wp-json\/wp\/v2\/media?parent=2585"}],"wp:term":[{"taxonomy":"category","embeddable":true,"href":"http:\/\/www.friaguinee.net\/index.php\/wp-json\/wp\/v2\/categories?post=2585"},{"taxonomy":"post_tag","embeddable":true,"href":"http:\/\/www.friaguinee.net\/index.php\/wp-json\/wp\/v2\/tags?post=2585"}],"curies":[{"name":"wp","href":"https:\/\/api.w.org\/{rel}","templated":true}]}}