{"id":2546,"date":"2018-04-09T20:40:39","date_gmt":"2018-04-09T20:40:39","guid":{"rendered":"http:\/\/www.friaguinee.net\/?p=2546"},"modified":"2018-04-09T20:40:39","modified_gmt":"2018-04-09T20:40:39","slug":"fria-child-fund-lance-un-grand-projet-dappui-au-centre-dautonomisation-et-de-promotion-des-femmes","status":"publish","type":"post","link":"http:\/\/www.friaguinee.net\/index.php\/2018\/04\/09\/fria-child-fund-lance-un-grand-projet-dappui-au-centre-dautonomisation-et-de-promotion-des-femmes\/","title":{"rendered":"Fria\u00a0: Child Fund lance un grand projet d\u2019appui au centre d\u2019autonomisation et de promotion des femmes"},"content":{"rendered":"<p>Dans le souci d\u2019am\u00e9liorer les conditions de vie des femmes et filles de Fria, la direction du centre d\u2019autonomisation et de promotion des femmes et filles et son partenaire <strong>Child Fund<\/strong> ont proc\u00e9d\u00e9 ce lundi 9 avril 2018, au lancement du projet \u00ab\u00a0d&rsquo;am\u00e9lioration des comp\u00e9tences d&rsquo;apprentissage et des services de base pour les femmes et les filles fr\u00e9quentant le CAPF de Fria.<\/p>\n<p><img loading=\"lazy\" decoding=\"async\" class=\"size-medium wp-image-2548 alignleft\" src=\"http:\/\/www.friaguinee.net\/wp-content\/uploads\/2018\/04\/30126025_2059229684315048_59444195_o-225x300.jpg\" alt=\"\" width=\"225\" height=\"300\" srcset=\"http:\/\/www.friaguinee.net\/wp-content\/uploads\/2018\/04\/30126025_2059229684315048_59444195_o-225x300.jpg 225w, http:\/\/www.friaguinee.net\/wp-content\/uploads\/2018\/04\/30126025_2059229684315048_59444195_o-768x1024.jpg 768w, http:\/\/www.friaguinee.net\/wp-content\/uploads\/2018\/04\/30126025_2059229684315048_59444195_o-696x928.jpg 696w, http:\/\/www.friaguinee.net\/wp-content\/uploads\/2018\/04\/30126025_2059229684315048_59444195_o-1068x1424.jpg 1068w, http:\/\/www.friaguinee.net\/wp-content\/uploads\/2018\/04\/30126025_2059229684315048_59444195_o-315x420.jpg 315w, http:\/\/www.friaguinee.net\/wp-content\/uploads\/2018\/04\/30126025_2059229684315048_59444195_o.jpg 1440w\" sizes=\"auto, (max-width: 225px) 100vw, 225px\" \/><\/p>\n<p>La c\u00e9r\u00e9monie de lancement de ce projet s\u2019est tenue dans les locaux dudit centre, en pr\u00e9sence des autorit\u00e9s pr\u00e9fectorales et communales.<\/p>\n<p>Apr\u00e8s le discours de bienvenue, le responsable du projet \u00e9ducation \u00e0 <strong>Child Fund<\/strong> a donn\u00e9 les motifs du projet.<\/p>\n<p>\u00ab\u00a0Ce projet constitue une r\u00e9ponse aux d\u00e9fis li\u00e9s \u00e0 l&rsquo;\u00e9tat de d\u00e9cr\u00e9pitude du centre, l&rsquo;insuffisance des mat\u00e9riaux d&rsquo;apprentissage, la capacit\u00e9 limit\u00e9e des services notamment dans les fili\u00e8res couture, savon, teinture et restauration\u00a0\u00bb a expliqu\u00e9 Julien Kamano.<\/p>\n<p>La mise en \u0153uvre de ce projet permet non seulement de renforcer les comp\u00e9tences\u00a0des filles et femmes dans diff\u00e9rentes fili\u00e8res, mais aussi de faciliter l&rsquo;insertion sociale et \u00e9conomique d&rsquo;au moins 50% des apprenantes inscrites dans le CAPF de Fria d&rsquo;ici la fin de cette ann\u00e9e. Une nouvelle bien accueillie par les autorit\u00e9s pr\u00e9fectorales et communales qui ont remerci\u00e9 <strong>Child Fund<\/strong> pour l&rsquo;appui qu&rsquo;elle ne cesse d&rsquo;apporter au CAPF.<\/p>\n<p>\u00ab\u00a0Au nom de Mme le pr\u00e9fet permettez-moi de remercier les partenaires <strong>Child Fund<\/strong> pour l&rsquo;initiative qu&rsquo;ils apportent dans le cadre du renforcement des comp\u00e9tences des filles et femmes de Fria. Il y a quelques ann\u00e9es en arri\u00e8re, ce centre \u00e9tait dans un \u00e9tat d\u00e9labr\u00e9, mais avec l&rsquo;appui de ces partenaires et la volont\u00e9 de bien faire de l&rsquo;actuel Directeur, le CAPF rena\u00eet de ses cendres. Les autorit\u00e9s pr\u00e9fectorales et toute la population de Fria vous remercie pour tous vos efforts d\u00e9ploy\u00e9s dans ce sens\u00a0\u00bb s\u2019est r\u00e9joui Alpha Mamoudou Diallo, le secr\u00e9taire G\u00e9n\u00e9ral charg\u00e9 des affaires administratives de la pr\u00e9fecture.<\/p>\n<p><img loading=\"lazy\" decoding=\"async\" class=\"size-medium wp-image-2549 alignright\" src=\"http:\/\/www.friaguinee.net\/wp-content\/uploads\/2018\/04\/30126503_2059230014315015_2126878234_o-300x225.jpg\" alt=\"\" width=\"300\" height=\"225\" srcset=\"http:\/\/www.friaguinee.net\/wp-content\/uploads\/2018\/04\/30126503_2059230014315015_2126878234_o-300x225.jpg 300w, http:\/\/www.friaguinee.net\/wp-content\/uploads\/2018\/04\/30126503_2059230014315015_2126878234_o-768x576.jpg 768w, http:\/\/www.friaguinee.net\/wp-content\/uploads\/2018\/04\/30126503_2059230014315015_2126878234_o-1024x768.jpg 1024w, http:\/\/www.friaguinee.net\/wp-content\/uploads\/2018\/04\/30126503_2059230014315015_2126878234_o-80x60.jpg 80w, http:\/\/www.friaguinee.net\/wp-content\/uploads\/2018\/04\/30126503_2059230014315015_2126878234_o-265x198.jpg 265w, http:\/\/www.friaguinee.net\/wp-content\/uploads\/2018\/04\/30126503_2059230014315015_2126878234_o-696x522.jpg 696w, http:\/\/www.friaguinee.net\/wp-content\/uploads\/2018\/04\/30126503_2059230014315015_2126878234_o-1068x801.jpg 1068w, http:\/\/www.friaguinee.net\/wp-content\/uploads\/2018\/04\/30126503_2059230014315015_2126878234_o-560x420.jpg 560w, http:\/\/www.friaguinee.net\/wp-content\/uploads\/2018\/04\/30126503_2059230014315015_2126878234_o.jpg 1920w\" sizes=\"auto, (max-width: 300px) 100vw, 300px\" \/><\/p>\n<p>Quant aux moyens qui seront utilis\u00e9s pour atteindre les objectifs du projet, Julien Kamano \u00e9num\u00e8re plusieurs axes d\u2019interventions.<\/p>\n<p>\u00ab\u00a0Nous allons d&rsquo;abord renforcer les capacit\u00e9s des formateurs du centre, et eux \u00e0 leur tour, feront un transfert de comp\u00e9tence. Nous allons \u00e9galement renforcer les capacit\u00e9s du centre \u00e0 travers l&rsquo;\u00e9quipement de l&rsquo;unit\u00e9 de couture par des machines \u00e0 coudre et autres, \u00e0 travers l&rsquo;\u00e9quipement de l&rsquo;unit\u00e9 de saponification, l&rsquo;unit\u00e9 de la teinture et la restauration, en tout ce qui est mat\u00e9riel et intrants\u00a0\u00bb a d\u00e9clin\u00e9 le repr\u00e9sentant de la Directrice pays de <strong>Child Fund<\/strong>.<\/p>\n<p>Ce projet va profiter \u00e0 127 apprenantes constitu\u00e9es de filles et de femmes, 14 moniteurs et 30 enfants \u00e2g\u00e9s de 0 \u00e0 5 ans.<\/p>\n<p><strong>Fod\u00e9 Gouly Camara<\/strong><\/p>\n<p><strong>Tel\u00a0: 621 26 66 21<\/strong><\/p>\n","protected":false},"excerpt":{"rendered":"<p>Dans le souci d\u2019am\u00e9liorer les conditions de vie des femmes et filles de Fria, la direction du centre d\u2019autonomisation et de promotion des femmes et filles et son partenaire Child Fund ont proc\u00e9d\u00e9 ce lundi 9 avril 2018, au lancement du projet \u00ab\u00a0d&rsquo;am\u00e9lioration des comp\u00e9tences d&rsquo;apprentissage et des services de base pour les femmes et [&hellip;]<\/p>\n","protected":false},"author":2,"featured_media":2547,"comment_status":"open","ping_status":"open","sticky":false,"template":"","format":"standard","meta":{"footnotes":""},"categories":[9],"tags":[],"class_list":["post-2546","post","type-post","status-publish","format-standard","has-post-thumbnail","hentry","category-publireportage"],"_links":{"self":[{"href":"http:\/\/www.friaguinee.net\/index.php\/wp-json\/wp\/v2\/posts\/2546","targetHints":{"allow":["GET"]}}],"collection":[{"href":"http:\/\/www.friaguinee.net\/index.php\/wp-json\/wp\/v2\/posts"}],"about":[{"href":"http:\/\/www.friaguinee.net\/index.php\/wp-json\/wp\/v2\/types\/post"}],"author":[{"embeddable":true,"href":"http:\/\/www.friaguinee.net\/index.php\/wp-json\/wp\/v2\/users\/2"}],"replies":[{"embeddable":true,"href":"http:\/\/www.friaguinee.net\/index.php\/wp-json\/wp\/v2\/comments?post=2546"}],"version-history":[{"count":2,"href":"http:\/\/www.friaguinee.net\/index.php\/wp-json\/wp\/v2\/posts\/2546\/revisions"}],"predecessor-version":[{"id":2551,"href":"http:\/\/www.friaguinee.net\/index.php\/wp-json\/wp\/v2\/posts\/2546\/revisions\/2551"}],"wp:featuredmedia":[{"embeddable":true,"href":"http:\/\/www.friaguinee.net\/index.php\/wp-json\/wp\/v2\/media\/2547"}],"wp:attachment":[{"href":"http:\/\/www.friaguinee.net\/index.php\/wp-json\/wp\/v2\/media?parent=2546"}],"wp:term":[{"taxonomy":"category","embeddable":true,"href":"http:\/\/www.friaguinee.net\/index.php\/wp-json\/wp\/v2\/categories?post=2546"},{"taxonomy":"post_tag","embeddable":true,"href":"http:\/\/www.friaguinee.net\/index.php\/wp-json\/wp\/v2\/tags?post=2546"}],"curies":[{"name":"wp","href":"https:\/\/api.w.org\/{rel}","templated":true}]}}