{"id":25369,"date":"2020-09-21T18:34:45","date_gmt":"2020-09-21T18:34:45","guid":{"rendered":"http:\/\/www.friaguinee.net\/?p=25369"},"modified":"2020-09-21T18:34:46","modified_gmt":"2020-09-21T18:34:46","slug":"kouroussa-le-cortege-du-ministre-du-budget-a-t-il-provoque-un-accident","status":"publish","type":"post","link":"http:\/\/www.friaguinee.net\/index.php\/2020\/09\/21\/kouroussa-le-cortege-du-ministre-du-budget-a-t-il-provoque-un-accident\/","title":{"rendered":"Kouroussa: le cort\u00e8ge du Ministre du Budget a-t-il provoqu\u00e9 un accident ?"},"content":{"rendered":"\n<p>Le<em><strong> <\/strong><\/em>Minist\u00e8re du Budget informe l\u2019opinion que l\u2019accident survenu \u00e0 Kouroussa n\u2019est ni de pr\u00e8s ni de loin li\u00e9 au cort\u00e8ge de la campagne pr\u00e9sidentielle que conduisait Monsieur le Ministre du Budget.<\/p>\n\n\n\n<p>Il est important de pr\u00e9ciser que le malheureux accident est intervenu plusieurs heures apr\u00e8s le d\u00e9part de l\u2019\u00e9quipe de la campagne pr\u00e9sidentielle \u00e0 Kouroussa. Le Ministre et son \u00e9quipe se portent bien.<br>D\u00e8s qu\u2019ils ont \u00e9t\u00e9 inform\u00e9s de la tragique nouvelle, Monsieur le Ministre du Budget et toute son \u00e9quipe ont imm\u00e9diatement ralli\u00e9 le lieu de l\u2019accident pour assister les victimes et leurs familles dans cette dure \u00e9preuve.<br>Le Service Communication du d\u00e9partement invite les m\u00e9dias \u00e0 faire preuve de professionnalisme et d\u2019\u00e9viter la propagation de fausses informations en cette p\u00e9riode douloureuse pour les familles.<br>L\u2019heure est aujourd\u2019hui \u00e0 la pri\u00e8re pour le repos de l\u2019\u00e2me des d\u00e9funts et l\u2019assistance aux bless\u00e9s.<\/p>\n\n\n\n<p><strong>Le Service Communication du Minist\u00e8re du Budget<\/strong><\/p>\n","protected":false},"excerpt":{"rendered":"<p>Le Minist\u00e8re du Budget informe l\u2019opinion que l\u2019accident survenu \u00e0 Kouroussa n\u2019est ni de pr\u00e8s ni de loin li\u00e9 au cort\u00e8ge de la campagne pr\u00e9sidentielle que conduisait Monsieur le Ministre du Budget. Il est important de pr\u00e9ciser que le malheureux accident est intervenu plusieurs heures apr\u00e8s le d\u00e9part de l\u2019\u00e9quipe de la campagne pr\u00e9sidentielle \u00e0 [&hellip;]<\/p>\n","protected":false},"author":2,"featured_media":25371,"comment_status":"open","ping_status":"open","sticky":false,"template":"","format":"standard","meta":{"footnotes":""},"categories":[2],"tags":[67,2093,5054,5058],"class_list":["post-25369","post","type-post","status-publish","format-standard","has-post-thumbnail","hentry","category-actualites","tag-accident","tag-cortege","tag-kouroussa","tag-ministre-du-budget"],"_links":{"self":[{"href":"http:\/\/www.friaguinee.net\/index.php\/wp-json\/wp\/v2\/posts\/25369","targetHints":{"allow":["GET"]}}],"collection":[{"href":"http:\/\/www.friaguinee.net\/index.php\/wp-json\/wp\/v2\/posts"}],"about":[{"href":"http:\/\/www.friaguinee.net\/index.php\/wp-json\/wp\/v2\/types\/post"}],"author":[{"embeddable":true,"href":"http:\/\/www.friaguinee.net\/index.php\/wp-json\/wp\/v2\/users\/2"}],"replies":[{"embeddable":true,"href":"http:\/\/www.friaguinee.net\/index.php\/wp-json\/wp\/v2\/comments?post=25369"}],"version-history":[{"count":2,"href":"http:\/\/www.friaguinee.net\/index.php\/wp-json\/wp\/v2\/posts\/25369\/revisions"}],"predecessor-version":[{"id":25372,"href":"http:\/\/www.friaguinee.net\/index.php\/wp-json\/wp\/v2\/posts\/25369\/revisions\/25372"}],"wp:featuredmedia":[{"embeddable":true,"href":"http:\/\/www.friaguinee.net\/index.php\/wp-json\/wp\/v2\/media\/25371"}],"wp:attachment":[{"href":"http:\/\/www.friaguinee.net\/index.php\/wp-json\/wp\/v2\/media?parent=25369"}],"wp:term":[{"taxonomy":"category","embeddable":true,"href":"http:\/\/www.friaguinee.net\/index.php\/wp-json\/wp\/v2\/categories?post=25369"},{"taxonomy":"post_tag","embeddable":true,"href":"http:\/\/www.friaguinee.net\/index.php\/wp-json\/wp\/v2\/tags?post=25369"}],"curies":[{"name":"wp","href":"https:\/\/api.w.org\/{rel}","templated":true}]}}