{"id":25335,"date":"2020-09-21T17:31:10","date_gmt":"2020-09-21T17:31:10","guid":{"rendered":"http:\/\/www.friaguinee.net\/?p=25335"},"modified":"2020-09-21T17:31:13","modified_gmt":"2020-09-21T17:31:13","slug":"les-nations-unies-pour-une-guinee-resiliente-et-tournee-vers-lemergence","status":"publish","type":"post","link":"http:\/\/www.friaguinee.net\/index.php\/2020\/09\/21\/les-nations-unies-pour-une-guinee-resiliente-et-tournee-vers-lemergence\/","title":{"rendered":"Les Nations Unies pour \u00ab une Guin\u00e9e r\u00e9siliente, et tourn\u00e9e vers l\u2019\u00e9mergence \u00bb&#8230;"},"content":{"rendered":"\n<p>Les Nations Unies en Guin\u00e9e ont pr\u00e9sent\u00e9 au gouvernement un Cadre de R\u00e9ponse Multisectorielle sanitaire et socio-\u00e9conomique pour soutenir les efforts de riposte et de rel\u00e8vement face \u00e0 la pand\u00e9mie de COVID-19 en R\u00e9publique de Guin\u00e9e.<\/p>\n\n\n\n<p>Le vendredi 11 septembre 2020, une d\u00e9l\u00e9gation de l\u2019\u00e9quipe pays des Nations Unies conduite par le Coordonnateur R\u00e9sident, Dr Vincent Martin, a \u00e9t\u00e9 re\u00e7ue \u00e0 la primature, par le Premier Ministre, Chef du Gouvernement, Dr Ibrahima Kassory FOFANA. La d\u00e9l\u00e9gation onusienne a pr\u00e9sent\u00e9 au Gouvernement le cadre de r\u00e9ponse multisectorielle de lutte contre la pand\u00e9mie de COVID 19 du Syst\u00e8me des Nations Unies en Guin\u00e9e (SNU), pour la p\u00e9riode 2020- 2021. Ce cadre est une offre conjointe des Nations Unies, en appui aux efforts nationaux de riposte, pour la protection des services et des syst\u00e8mes de sant\u00e9, la garantie pour la protection des personnes et les services de base, la protection des emplois, des PME et des travailleurs et travailleuses du secteur informel.<\/p>\n\n\n\n<p>Ce document strat\u00e9gique et programmatique du SNU est dot\u00e9 d\u2019un budget global de 92,6 millions de USD et est parfaitement align\u00e9 aux piliers du PNDES et aux axes prioritaires de la Strat\u00e9gie Nationale de Lutte Contre la COVID19 \u00e9tablie par le Minist\u00e8re du Plan et du D\u00e9veloppement de la Guin\u00e9e. Gr\u00e2ce aux efforts de r\u00e9orientation des activit\u00e9s des agences, pour faire face aux urgences, les contributions propres des agences des Nations Unies ont repr\u00e9sent\u00e9 pr\u00e8s de 3,2 millions USD et avec les mobilisations r\u00e9alis\u00e9es aupr\u00e8s des bailleurs de fonds, 42% du financement, soit 38,812,908 USD.<\/p>\n\n\n\n<p>Le Cadre sera d\u00e9ploy\u00e9 sur une p\u00e9riode de 18 mois et s\u2019adresse aux deux fronts majeurs qui r\u00e9sument les domaines d\u2019interventions, \u00e0 savoir : a) un front sanitaire, pour rompre la cha\u00eene de transmission de la maladie&nbsp;et b) un front \u00e9conomique et social, pour cr\u00e9er les conditions d\u2019une relance \u00e9conomique durable tout en att\u00e9nuant les effets directs et indirects de la maladie sur l\u2019\u00e9conomie, les m\u00e9nages, les entreprises priv\u00e9es et le secteur informel.<\/p>\n\n\n\n<p>Les domaines d\u2019interventions du Cadre de R\u00e9ponse Multisectorielle repr\u00e9sentent un ensemble int\u00e9gr\u00e9 de mesures d\u2019appui au gouvernement pour faire face aux besoins des personnes vuln\u00e9rables les plus durement touch\u00e9es par la pand\u00e9mie et prot\u00e9ger leurs droits. Toutes les actions, programm\u00e9es sont fond\u00e9es sur les principes directeurs des Nations Unies, \u00e0 savoir notamment le respect des droits de l\u2019homme, l\u2019approche genre, le ciblage des populations les plus vuln\u00e9rables, la valorisation de l\u2019innovation et l\u2019importance des partenariats et de la coordination des appuis pour plus d\u2019efficacit\u00e9 et un meilleur impact.<\/p>\n\n\n\n<p>Le Cadre de R\u00e9ponse Multisectorielle des Nations Unies 2021-2022, a \u00e9t\u00e9 salu\u00e9 par le Premier Ministre, Chef de Gouvernement et a fait l\u2019objet d\u2019une attention particuli\u00e8re du Ministre de l\u2019Economie et des Finances et du Ministre de la Sant\u00e9 \u2013 qui ont assist\u00e9 \u00e0 la c\u00e9r\u00e9monie de pr\u00e9sentation. Il est consid\u00e9r\u00e9, comme une contribution substantielle au cadre de dialogue entre le Gouvernement et le Syst\u00e8me des&nbsp;Nations Unies, mais \u00e9galement comme une r\u00e9ponse concr\u00e8te aux efforts de mobilisation des ressources pour le financement des actions de lutte contre la COVID-19 en R\u00e9publique de Guin\u00e9e.<\/p>\n\n\n\n<p><strong>Pour plus d\u2019informations&nbsp;:<\/strong><\/p>\n\n\n\n<p>Contacter le Bureau du Coordonnateur R\u00e9sident des Nations Unies<\/p>\n\n\n\n<p><a href=\"mailto:coordination.gn@one.un.org\">coordination.gn@one.un.org<\/a><\/p>\n\n\n\n<p>Pour les relations avec les media<\/p>\n\n\n\n<p><a href=\"mailto:souleymane.bah@un.org\">souleymane.bah@un.org<\/a><\/p>\n","protected":false},"excerpt":{"rendered":"<p>Les Nations Unies en Guin\u00e9e ont pr\u00e9sent\u00e9 au gouvernement un Cadre de R\u00e9ponse Multisectorielle sanitaire et socio-\u00e9conomique pour soutenir les efforts de riposte et de rel\u00e8vement face \u00e0 la pand\u00e9mie de COVID-19 en R\u00e9publique de Guin\u00e9e. Le vendredi 11 septembre 2020, une d\u00e9l\u00e9gation de l\u2019\u00e9quipe pays des Nations Unies conduite par le Coordonnateur R\u00e9sident, Dr [&hellip;]<\/p>\n","protected":false},"author":2,"featured_media":25339,"comment_status":"open","ping_status":"open","sticky":false,"template":"","format":"standard","meta":{"footnotes":""},"categories":[414],"tags":[3661,148,1465],"class_list":["post-25335","post","type-post","status-publish","format-standard","has-post-thumbnail","hentry","category-communique","tag-emergence","tag-guinee","tag-nations-unies"],"_links":{"self":[{"href":"http:\/\/www.friaguinee.net\/index.php\/wp-json\/wp\/v2\/posts\/25335","targetHints":{"allow":["GET"]}}],"collection":[{"href":"http:\/\/www.friaguinee.net\/index.php\/wp-json\/wp\/v2\/posts"}],"about":[{"href":"http:\/\/www.friaguinee.net\/index.php\/wp-json\/wp\/v2\/types\/post"}],"author":[{"embeddable":true,"href":"http:\/\/www.friaguinee.net\/index.php\/wp-json\/wp\/v2\/users\/2"}],"replies":[{"embeddable":true,"href":"http:\/\/www.friaguinee.net\/index.php\/wp-json\/wp\/v2\/comments?post=25335"}],"version-history":[{"count":3,"href":"http:\/\/www.friaguinee.net\/index.php\/wp-json\/wp\/v2\/posts\/25335\/revisions"}],"predecessor-version":[{"id":25338,"href":"http:\/\/www.friaguinee.net\/index.php\/wp-json\/wp\/v2\/posts\/25335\/revisions\/25338"}],"wp:featuredmedia":[{"embeddable":true,"href":"http:\/\/www.friaguinee.net\/index.php\/wp-json\/wp\/v2\/media\/25339"}],"wp:attachment":[{"href":"http:\/\/www.friaguinee.net\/index.php\/wp-json\/wp\/v2\/media?parent=25335"}],"wp:term":[{"taxonomy":"category","embeddable":true,"href":"http:\/\/www.friaguinee.net\/index.php\/wp-json\/wp\/v2\/categories?post=25335"},{"taxonomy":"post_tag","embeddable":true,"href":"http:\/\/www.friaguinee.net\/index.php\/wp-json\/wp\/v2\/tags?post=25335"}],"curies":[{"name":"wp","href":"https:\/\/api.w.org\/{rel}","templated":true}]}}