{"id":24774,"date":"2020-09-03T11:18:45","date_gmt":"2020-09-03T11:18:45","guid":{"rendered":"http:\/\/www.friaguinee.net\/?p=24774"},"modified":"2020-09-03T11:18:47","modified_gmt":"2020-09-03T11:18:47","slug":"mali-lex-president-ibk-hospitalise","status":"publish","type":"post","link":"http:\/\/www.friaguinee.net\/index.php\/2020\/09\/03\/mali-lex-president-ibk-hospitalise\/","title":{"rendered":"Mali: l&rsquo;ex Pr\u00e9sident IBK hospitalis\u00e9 !"},"content":{"rendered":"\n<p>L\u2019ex-pr\u00e9sident malien Ibrahim Boubacar Ke\u00efta, qui n\u2019a plus \u00e9t\u00e9 vu en public depuis qu\u2019il a \u00e9t\u00e9 d\u00e9pos\u00e9 par des militaires il y a deux semaines, a \u00e9t\u00e9 admis mardi soir dans une clinique de Bamako pour un \u201csimple contr\u00f4le de routine\u201d, ont indiqu\u00e9 mercredi des sources m\u00e9dicale et familiale.<\/p>\n\n\n\n<p>\u201cLe Pr\u00e9sident IBK devait depuis le mois dernier faire un contr\u00f4le m\u00e9dical, qu\u2019il n\u2019a pas fait. Actuellement, il est dans une clinique priv\u00e9e de Bamako pour un contr\u00f4le. Il rentre chez lui dans l\u2019apr\u00e8s-midi\u201d, a d\u00e9clar\u00e9 mercredi matin \u00e0 l\u2019AFP un membre de son proche entourage ayant requis l\u2019anonymat.<\/p>\n\n\n\n<p>Ibrahim Boubacar Ke\u00efta, dit \u201cIBK\u201d, 75 ans, a annonc\u00e9 sa d\u00e9mission \u00e0 la t\u00e9l\u00e9vision le soir du 18 ao\u00fbt, quelques heures apr\u00e8s avoir \u00e9t\u00e9 emmen\u00e9 de son domicile par des militaires, qui sont depuis lors au pouvoir.<\/p>\n\n\n\n<p>Apr\u00e8s avoir \u00e9t\u00e9 retenu au camp militaire de Kati, \u00e0 15 kilom\u00e8tres de la capitale, puis dans un lieu non divulgu\u00e9, il a pu regagner son domicile de Bamako le 27 ao\u00fbt, selon la junte. Il n\u2019a depuis lors plus \u00e9t\u00e9 vu en public.<\/p>\n\n\n\n<p>Un responsable de la clinique o\u00f9 il a \u00e9t\u00e9 admis mardi soir a confirm\u00e9 l\u2019information.<\/p>\n\n\n\n<p>\u201cOui, il y a quelques heures, le pr\u00e9sident est arriv\u00e9 pour un contr\u00f4le de routine qu\u2019il devait faire depuis un moment. Tout va bien, il repart en principe dans l\u2019apr\u00e8s-midi\u201d, a pr\u00e9cis\u00e9 cette source m\u00e9dicale s\u2019exprimant \u00e9galement sous couvert d\u2019anonymat.<\/p>\n\n\n\n<p>L\u2019ancien pr\u00e9sident, \u00e9lu en 2013 et r\u00e9\u00e9lu en 2018 pour un mandat de cinq ans avait subi il y a quelques mois une intervention \u00e0 la m\u00e2choire \u00e0 l\u2019\u00e9tranger pour un \u201cterrible mal de dents\u201d, a pr\u00e9cis\u00e9 son entourage, selon lequel \u201cil va bien aujourd\u2019hui\u201d.<\/p>\n\n\n\n<p>En annon\u00e7ant sa lib\u00e9ration, la junte avait indiqu\u00e9 que l\u2019ex-pr\u00e9sident \u00e9tait autoris\u00e9 \u00e0 quitter le Mali si n\u00e9cessaire pour des soins m\u00e9dicaux.<\/p>\n\n\n\n<p>Interrog\u00e9 sur cette possibilit\u00e9 mercredi, une autre source m\u00e9dicale a affirm\u00e9 que \u201cc\u2019\u00e9tait d\u00e9j\u00e0 envisag\u00e9 pour un contr\u00f4le\u201d. \u201cNous verrons le moment venu\u201d, a-t-elle ajout\u00e9.<\/p>\n\n\n\n<p><em><strong>VOA<\/strong><\/em><\/p>\n","protected":false},"excerpt":{"rendered":"<p>L\u2019ex-pr\u00e9sident malien Ibrahim Boubacar Ke\u00efta, qui n\u2019a plus \u00e9t\u00e9 vu en public depuis qu\u2019il a \u00e9t\u00e9 d\u00e9pos\u00e9 par des militaires il y a deux semaines, a \u00e9t\u00e9 admis mardi soir dans une clinique de Bamako pour un \u201csimple contr\u00f4le de routine\u201d, ont indiqu\u00e9 mercredi des sources m\u00e9dicale et familiale. \u201cLe Pr\u00e9sident IBK devait depuis le [&hellip;]<\/p>\n","protected":false},"author":2,"featured_media":4826,"comment_status":"open","ping_status":"open","sticky":false,"template":"","format":"standard","meta":{"footnotes":""},"categories":[42],"tags":[4920,3916,2519],"class_list":["post-24774","post","type-post","status-publish","format-standard","has-post-thumbnail","hentry","category-afrique","tag-hospitalise","tag-ibk","tag-mali"],"_links":{"self":[{"href":"http:\/\/www.friaguinee.net\/index.php\/wp-json\/wp\/v2\/posts\/24774","targetHints":{"allow":["GET"]}}],"collection":[{"href":"http:\/\/www.friaguinee.net\/index.php\/wp-json\/wp\/v2\/posts"}],"about":[{"href":"http:\/\/www.friaguinee.net\/index.php\/wp-json\/wp\/v2\/types\/post"}],"author":[{"embeddable":true,"href":"http:\/\/www.friaguinee.net\/index.php\/wp-json\/wp\/v2\/users\/2"}],"replies":[{"embeddable":true,"href":"http:\/\/www.friaguinee.net\/index.php\/wp-json\/wp\/v2\/comments?post=24774"}],"version-history":[{"count":1,"href":"http:\/\/www.friaguinee.net\/index.php\/wp-json\/wp\/v2\/posts\/24774\/revisions"}],"predecessor-version":[{"id":24775,"href":"http:\/\/www.friaguinee.net\/index.php\/wp-json\/wp\/v2\/posts\/24774\/revisions\/24775"}],"wp:featuredmedia":[{"embeddable":true,"href":"http:\/\/www.friaguinee.net\/index.php\/wp-json\/wp\/v2\/media\/4826"}],"wp:attachment":[{"href":"http:\/\/www.friaguinee.net\/index.php\/wp-json\/wp\/v2\/media?parent=24774"}],"wp:term":[{"taxonomy":"category","embeddable":true,"href":"http:\/\/www.friaguinee.net\/index.php\/wp-json\/wp\/v2\/categories?post=24774"},{"taxonomy":"post_tag","embeddable":true,"href":"http:\/\/www.friaguinee.net\/index.php\/wp-json\/wp\/v2\/tags?post=24774"}],"curies":[{"name":"wp","href":"https:\/\/api.w.org\/{rel}","templated":true}]}}