{"id":2469,"date":"2018-04-07T09:10:50","date_gmt":"2018-04-07T09:10:50","guid":{"rendered":"http:\/\/www.friaguinee.net\/?p=2469"},"modified":"2018-04-07T10:27:42","modified_gmt":"2018-04-07T10:27:42","slug":"fria-les-produits-perimes-au-feu","status":"publish","type":"post","link":"http:\/\/www.friaguinee.net\/index.php\/2018\/04\/07\/fria-les-produits-perimes-au-feu\/","title":{"rendered":"Fria: les produits p\u00e9rim\u00e9s au feu!"},"content":{"rendered":"<p style=\"text-align: justify;\">La commission pr\u00e9fectorale d\u2019incin\u00e9ration des produits p\u00e9rim\u00e9s a proc\u00e9d\u00e9 \u00e0 l\u2019incin\u00e9ration d\u2019une importante quantit\u00e9 de produits alimentaires, pharmaceutiques et cosm\u00e9tiques.<\/p>\n<p style=\"text-align: justify;\">L\u2019incin\u00e9ration s\u2019est faite \u00e0 Dot\u00e8, un site choisi pour la circonstance.<\/p>\n<p style=\"text-align: justify;\">Selon le responsable pr\u00e9fectoral du service de contr\u00f4le de qualit\u00e9, ce sont des produits r\u00e9cup\u00e9r\u00e9s dans des boutiques et magasins de la pr\u00e9fecture au cours de l\u2019ann\u00e9e 2017 qui ont \u00e9t\u00e9 brul\u00e9s.<\/p>\n<p style=\"text-align: justify;\">\u00ab\u00a0Quand nous avons r\u00e9unis les produits, nous avons inform\u00e9 le commission pr\u00e9fectorale d\u2019incin\u00e9ration qui a \u00e0 sa t\u00eate Madame le pr\u00e9fet et compos\u00e9e de plusieurs cadres de la pr\u00e9fecture. Le directeur pr\u00e9fectoral de l\u2019environnement nous a montr\u00e9 un site \u00e0 Dot\u00e8 o\u00f9 nous avons transport\u00e9 les produits et proc\u00e9d\u00e9 \u00e0 leur incin\u00e9ration\u00a0\u00bb a expliqu\u00e9 Bambou Fofana.<\/p>\n<p style=\"text-align: justify;\">Le directeur pr\u00e9fectoral de l\u2019environnement a f\u00e9licit\u00e9 le service de conditionnement qui prot\u00e8ge la population des dangers li\u00e9s \u00e0 la consommation de produits p\u00e9rim\u00e9s.<\/p>\n<p style=\"text-align: justify;\">\u00a0\u00ab\u00a0C\u2019est le service du conditionnement qui s\u2019occupe du march\u00e9, s\u2019il met main sur les produits de mauvaise qualit\u00e9 quelle que soit la nature. Quand la quantit\u00e9 est importante, il informe les autorit\u00e9s pr\u00e9fectorales qui mettent en place une commission. Moi en tant que directeur de l\u2019environnement, je veille sur les conditions de conservation de ces produits, je choisi le lieu d\u2019incin\u00e9ration, j\u2019assiste \u00e0 l\u2019incin\u00e9ration et chaque membre pr\u00e9sent se nettoie proprement les mains avant de quitter les lieux\u00a0\u00bb a d\u00e9clar\u00e9 Zao Guilavogui.<\/p>\n<p style=\"text-align: justify;\">Avant de finir, le responsable du service de contr\u00f4le de qualit\u00e9, a invit\u00e9 tous les citoyens \u00e0 plus de vigilance.<\/p>\n<p style=\"text-align: justify;\">\u00ab\u00a0Faites tr\u00e8s attention \u00e0 ce que vous consommez. Les produits import\u00e9s ont des dates de production et de p\u00e9remption que vous devez v\u00e9rifier \u00e0 tout moment\u00a0\u00bb a conseill\u00e9 Bambo Fofana.<\/p>\n<p style=\"text-align: justify;\">A signaler que cette c\u00e9r\u00e9monie d\u2019incin\u00e9ration a eu lieu en pr\u00e9sence du directeur pr\u00e9fectoral de l\u2019environnement, du directeur pr\u00e9fectoral du commerce, du directeur pr\u00e9fectoral des mines, des cadres de la justice et des services de s\u00e9curit\u00e9.<\/p>\n<p style=\"text-align: justify;\"><strong>Dj\u00e9nabou Diallo<\/strong><\/p>\n<p style=\"text-align: justify;\"><strong>Tel: 628 28 67 44<\/strong><\/p>\n","protected":false},"excerpt":{"rendered":"<p>La commission pr\u00e9fectorale d\u2019incin\u00e9ration des produits p\u00e9rim\u00e9s a proc\u00e9d\u00e9 \u00e0 l\u2019incin\u00e9ration d\u2019une importante quantit\u00e9 de produits alimentaires, pharmaceutiques et cosm\u00e9tiques. L\u2019incin\u00e9ration s\u2019est faite \u00e0 Dot\u00e8, un site choisi pour la circonstance. Selon le responsable pr\u00e9fectoral du service de contr\u00f4le de qualit\u00e9, ce sont des produits r\u00e9cup\u00e9r\u00e9s dans des boutiques et magasins de la pr\u00e9fecture au [&hellip;]<\/p>\n","protected":false},"author":2,"featured_media":2470,"comment_status":"open","ping_status":"open","sticky":false,"template":"","format":"standard","meta":{"footnotes":""},"categories":[3],"tags":[],"class_list":["post-2469","post","type-post","status-publish","format-standard","has-post-thumbnail","hentry","category-societe"],"_links":{"self":[{"href":"http:\/\/www.friaguinee.net\/index.php\/wp-json\/wp\/v2\/posts\/2469","targetHints":{"allow":["GET"]}}],"collection":[{"href":"http:\/\/www.friaguinee.net\/index.php\/wp-json\/wp\/v2\/posts"}],"about":[{"href":"http:\/\/www.friaguinee.net\/index.php\/wp-json\/wp\/v2\/types\/post"}],"author":[{"embeddable":true,"href":"http:\/\/www.friaguinee.net\/index.php\/wp-json\/wp\/v2\/users\/2"}],"replies":[{"embeddable":true,"href":"http:\/\/www.friaguinee.net\/index.php\/wp-json\/wp\/v2\/comments?post=2469"}],"version-history":[{"count":4,"href":"http:\/\/www.friaguinee.net\/index.php\/wp-json\/wp\/v2\/posts\/2469\/revisions"}],"predecessor-version":[{"id":2481,"href":"http:\/\/www.friaguinee.net\/index.php\/wp-json\/wp\/v2\/posts\/2469\/revisions\/2481"}],"wp:featuredmedia":[{"embeddable":true,"href":"http:\/\/www.friaguinee.net\/index.php\/wp-json\/wp\/v2\/media\/2470"}],"wp:attachment":[{"href":"http:\/\/www.friaguinee.net\/index.php\/wp-json\/wp\/v2\/media?parent=2469"}],"wp:term":[{"taxonomy":"category","embeddable":true,"href":"http:\/\/www.friaguinee.net\/index.php\/wp-json\/wp\/v2\/categories?post=2469"},{"taxonomy":"post_tag","embeddable":true,"href":"http:\/\/www.friaguinee.net\/index.php\/wp-json\/wp\/v2\/tags?post=2469"}],"curies":[{"name":"wp","href":"https:\/\/api.w.org\/{rel}","templated":true}]}}