{"id":24451,"date":"2020-08-21T13:05:56","date_gmt":"2020-08-21T13:05:56","guid":{"rendered":"http:\/\/www.friaguinee.net\/?p=24451"},"modified":"2020-08-21T13:05:57","modified_gmt":"2020-08-21T13:05:57","slug":"une-adolescente-violee-par-30-hommes-cest-un-crime-contre-lhumanite","status":"publish","type":"post","link":"http:\/\/www.friaguinee.net\/index.php\/2020\/08\/21\/une-adolescente-violee-par-30-hommes-cest-un-crime-contre-lhumanite\/","title":{"rendered":"Une adolescente viol\u00e9e par 30 hommes: \u00ab\u00a0C&rsquo;est un crime contre l&rsquo;humanit\u00e9\u00a0\u00bb"},"content":{"rendered":"\n<p>L\u2019ensemble de la classe politique du pays a condamn\u00e9 les agissements, alors que de nombreuses manifestations sont organis\u00e9es. Deux suspects ont \u00e9t\u00e9 arr\u00eat\u00e9s.<\/p>\n\n\n\n<p>Pour&nbsp;<a href=\"https:\/\/www.leparisien.fr\/international\/israel-benjamin-netanyahou-face-a-la-justice-pour-corruption-24-05-2020-8322330.php\" target=\"_blank\" rel=\"noreferrer noopener\">le Premier ministre Benyamin Netanyahou<\/a>, \u00ab c&rsquo;est un crime contre l&rsquo;humanit\u00e9 \u00bb. \u00ab J&rsquo;essaye de comprendre et je n&rsquo;y arrive pas \u00bb, a r\u00e9agi de son c\u00f4t\u00e9 le ministre de la D\u00e9fense Benny Gantz : une vague d&rsquo;indignation secoue vendredi&nbsp;<a href=\"https:\/\/www.leparisien.fr\/international\/israel-et-les-emirats-arabes-unis-annoncent-une-normalisation-de-leurs-relations-13-08-2020-8367648.php\" target=\"_blank\" rel=\"noreferrer noopener\">Isra\u00ebl<\/a>&nbsp;apr\u00e8s le viol pr\u00e9sum\u00e9 d&rsquo;une adolescente de 16 ans par un groupe d&rsquo;une trentaine d&rsquo;hommes dans un h\u00f4tel de la ville baln\u00e9aire d&rsquo;Eilat.<\/p>\n\n\n\n<p>Les faits se seraient produits le vendredi 14 ao\u00fbt. Selon une cha\u00eene de t\u00e9l\u00e9vision locale, l&rsquo;adolescente s&rsquo;\u00e9tait rendue \u00e0 Eilat avec une amie, pour y passer quelques jours. Sur place, elles auraient rencontr\u00e9 un groupe de connaissances de cette amie. L&rsquo;occasion pour elles de sortir prendre un verre. Ce serait \u00e0 leur retour \u00e0 l&rsquo;h\u00f4tel que le viol aurait eu lieu rapporte&nbsp;<a rel=\"noreferrer noopener\" href=\"https:\/\/fr.timesofisrael.com\/reactions-apres-le-viol-presume-dune-adolescente-par-30-hommes-a-eilat\/\" target=\"_blank\">The Times of Isra\u00ebl<\/a>.<\/p>\n\n\n\n<p>Selon la presse locale, les agresseurs ont fait la queue devant la porte d&rsquo;une chambre d&rsquo;h\u00f4tel o\u00f9 se trouvait la jeune fille mineure, 16 ans, en \u00e9tat d&rsquo;\u00e9bri\u00e9t\u00e9. L&rsquo;amie de la victime aurait tent\u00e9 de s&rsquo;interposer, sans y parvenir. L&rsquo;adolescente a d\u00e9pos\u00e9 plainte la semaine derni\u00e8re pour un viol collectif pr\u00e9sum\u00e9 par trente hommes, a indiqu\u00e9 le porte-parole de la police isra\u00e9lienne Micky Rosenfeld. \u00ab Deux suspects ont \u00e9t\u00e9 arr\u00eat\u00e9s en lien avec un incident sous enqu\u00eate et impliquant une adolescente de 16 ans dans une ville du sud du pays \u00bb, a-t-il ajout\u00e9.<\/p>\n\n\n\n<h2 class=\"wp-block-heading\">Vague d&rsquo;indignation<\/h2>\n\n\n\n<p>Dans la classe politique isra\u00e9lienne, des condamnations se sont multipli\u00e9es depuis jeudi. \u00ab C&rsquo;est choquant, il n&rsquo;y a pas d&rsquo;autre mot ! Ce n&rsquo;est pas seulement un crime contre une jeune fille, c&rsquo;est un crime contre l&rsquo;humanit\u00e9 elle-m\u00eame qui m\u00e9rite toute notre condamnation \u00bb, a comment\u00e9 le Premier ministre Benyamin Netanyahou qui a appel\u00e9 \u00e0 ce que \u00ab les responsables soient traduits en justice \u00bb.<\/p>\n\n\n\n<p>Le pr\u00e9sident isra\u00e9lien Reuven Rivlin a \u00e9crit sur les m\u00e9dias sociaux une lettre \u00e0 la \u00ab jeunesse \u00bb pour d\u00e9noncer \u00ab les horreurs rapport\u00e9es du viol collectif \u00e0 Eilat \u00bb : \u00ab Les agressions sexuelles, le viol, l&rsquo;exploitation sexuelle, les violences sexuelles sont des taches ind\u00e9l\u00e9biles [\u2026] qui nous d\u00e9truisent comme soci\u00e9t\u00e9 et nous rendent mis\u00e9rables \u00bb.<\/p>\n\n\n\n<p>\u00ab Depuis hier&nbsp;<em>(mercredi)<\/em>&nbsp;apr\u00e8s-midi, j&rsquo;ai essay\u00e9, et n&rsquo;ai pas r\u00e9ussi, \u00e0 comprendre : qu&rsquo;est-ce qu&rsquo;un homme qui se tient dans une file d&rsquo;attente bond\u00e9e avec des dizaines d&rsquo;autres, devant une chambre o\u00f9 une jeune fille d\u00e9sorient\u00e9e est allong\u00e9e, essaie de prouver ? \u00bb a d\u00e9clar\u00e9 dans un tweet Benny Gantz, ministre de la D\u00e9fense.<\/p>\n\n\n\n<p>D\u00e8s jeudi soir, des manifestations spontan\u00e9es ont eu lieu dans diff\u00e9rentes villes comme Tel-Aviv et J\u00e9rusalem en soutien \u00e0 la jeune fille et&nbsp;<a rel=\"noreferrer noopener\" href=\"https:\/\/www.leparisien.fr\/societe\/il-faut-un-courage-monstrueux-des-victimes-de-violences-sexuelles-temoignent-desormais-a-visage-decouvert-18-05-2020-8319261.php\" target=\"_blank\">pour condamner les violences sexuelles inflig\u00e9es aux femmes<\/a>.<\/p>\n\n\n\n<p>\u00ab Tous les jours il y a 260 femmes qui sont viol\u00e9es en Isra\u00ebl \u00bb selon les donn\u00e9es officielles, s&rsquo;insurge Ilana Weizman, 36 ans, qui a fond\u00e9 le groupe f\u00e9ministe &lsquo;HaStickeriot&rsquo;&nbsp;<a rel=\"noreferrer noopener\" href=\"https:\/\/www.leparisien.fr\/paris-75\/paris-dans-les-coulisses-des-collages-contre-les-feminicides-02-08-2020-8362434.php\" target=\"_blank\">inspir\u00e9 des colleuses fran\u00e7aises qui luttent contre la culture du viol<\/a>. Selon ces m\u00eames donn\u00e9es, \u00ab une femme sur cinq est viol\u00e9e en Isra\u00ebl au cours de sa vie \u00bb, explique-t-elle.<\/p>\n\n\n\n<p><strong>Avec le Parisien <\/strong><br><\/p>\n","protected":false},"excerpt":{"rendered":"<p>L\u2019ensemble de la classe politique du pays a condamn\u00e9 les agissements, alors que de nombreuses manifestations sont organis\u00e9es. Deux suspects ont \u00e9t\u00e9 arr\u00eat\u00e9s. Pour&nbsp;le Premier ministre Benyamin Netanyahou, \u00ab c&rsquo;est un crime contre l&rsquo;humanit\u00e9 \u00bb. \u00ab J&rsquo;essaye de comprendre et je n&rsquo;y arrive pas \u00bb, a r\u00e9agi de son c\u00f4t\u00e9 le ministre de la D\u00e9fense [&hellip;]<\/p>\n","protected":false},"author":2,"featured_media":24453,"comment_status":"open","ping_status":"open","sticky":false,"template":"","format":"standard","meta":{"footnotes":""},"categories":[43],"tags":[4843,4842,4841],"class_list":["post-24451","post","type-post","status-publish","format-standard","has-post-thumbnail","hentry","category-monde","tag-30-hommes","tag-adolescente-violee","tag-israel"],"_links":{"self":[{"href":"http:\/\/www.friaguinee.net\/index.php\/wp-json\/wp\/v2\/posts\/24451","targetHints":{"allow":["GET"]}}],"collection":[{"href":"http:\/\/www.friaguinee.net\/index.php\/wp-json\/wp\/v2\/posts"}],"about":[{"href":"http:\/\/www.friaguinee.net\/index.php\/wp-json\/wp\/v2\/types\/post"}],"author":[{"embeddable":true,"href":"http:\/\/www.friaguinee.net\/index.php\/wp-json\/wp\/v2\/users\/2"}],"replies":[{"embeddable":true,"href":"http:\/\/www.friaguinee.net\/index.php\/wp-json\/wp\/v2\/comments?post=24451"}],"version-history":[{"count":2,"href":"http:\/\/www.friaguinee.net\/index.php\/wp-json\/wp\/v2\/posts\/24451\/revisions"}],"predecessor-version":[{"id":24454,"href":"http:\/\/www.friaguinee.net\/index.php\/wp-json\/wp\/v2\/posts\/24451\/revisions\/24454"}],"wp:featuredmedia":[{"embeddable":true,"href":"http:\/\/www.friaguinee.net\/index.php\/wp-json\/wp\/v2\/media\/24453"}],"wp:attachment":[{"href":"http:\/\/www.friaguinee.net\/index.php\/wp-json\/wp\/v2\/media?parent=24451"}],"wp:term":[{"taxonomy":"category","embeddable":true,"href":"http:\/\/www.friaguinee.net\/index.php\/wp-json\/wp\/v2\/categories?post=24451"},{"taxonomy":"post_tag","embeddable":true,"href":"http:\/\/www.friaguinee.net\/index.php\/wp-json\/wp\/v2\/tags?post=24451"}],"curies":[{"name":"wp","href":"https:\/\/api.w.org\/{rel}","templated":true}]}}