{"id":24317,"date":"2020-08-19T11:12:26","date_gmt":"2020-08-19T11:12:26","guid":{"rendered":"http:\/\/www.friaguinee.net\/?p=24317"},"modified":"2020-08-19T11:12:28","modified_gmt":"2020-08-19T11:12:28","slug":"mali-qui-sont-les-mutins-a-la-base-du-coup-detat","status":"publish","type":"post","link":"http:\/\/www.friaguinee.net\/index.php\/2020\/08\/19\/mali-qui-sont-les-mutins-a-la-base-du-coup-detat\/","title":{"rendered":"Mali: qui sont les mutins \u00e0 la base du coup d&rsquo;\u00e9tat ?"},"content":{"rendered":"\n<p><strong>Au Mali, t\u00f4t ce mercredi 19 ao\u00fbt au matin, les militaires mutins ont appel\u00e9 \u00e0 une transition politique civile conduisant \u00e0 des \u00e9lections et annonc\u00e9 la cr\u00e9ation d\u2019un Comit\u00e9 national pour le salut du peuple. Les militaires au pouvoir ont affirm\u00e9 par ailleurs que tous les accords internationaux seront respect\u00e9s.<\/strong><\/p>\n\n\n\n<p>RFI \u00e9tait en \u00e9dition sp\u00e9ciale ce mercredi 19 ao\u00fbt pour revenir sur le coup de force des militaires du Comit\u00e9 national pour le salut du peuple. Pour r\u00e9agir \u00e0 cet \u00e9v\u00e9nement, RFI a invit\u00e9 Ibrahim Ma\u00efga, chercheur \u00e0 l\u2019Institut d\u2019\u00c9tudes de S\u00e9curit\u00e9 de Bamako, Jean-Pierre Lacroix, secr\u00e9taire adjoint de l\u2019ONU aux op\u00e9rations de paix ainsi que Marc-Andr\u00e9 Boisvert, chercheur ind\u00e9pendant et sp\u00e9cialiste des arm\u00e9s maliennes.<\/p>\n\n\n\n<p>B\u00e9rets bleus, marron ou verts, viss\u00e9s sur la t\u00eate\u2026 Ils sont cinq officiers sup\u00e9rieurs de l\u2019arm\u00e9e malienne, assis devant la cam\u00e9ra. D\u2019autres sont debout dans la salle. Ils sont quasiment tous des officiers sup\u00e9rieurs.<\/p>\n\n\n\n<p>\u00ab&nbsp;<em>Nous, forces patriotiques regroup\u00e9es au sein du Comit\u00e9 national pour le salut du peuple (CNSP), avons d\u00e9cid\u00e9 de prendre nos responsabilit\u00e9s devant le peuple et devant l\u2019Histoire<\/em>&nbsp;\u00bb, a d\u00e9clar\u00e9 sur la t\u00e9l\u00e9vision publique ORTM le porte-parole des militaires, le colonel-major Isma\u00ebl Wagu\u00e9, chef d\u2019\u00e9tat-major adjoint de l\u2019arm\u00e9e de l\u2019air.<\/p>\n\n\n\n<p>Les militaires, qui ont pris le pouvoir au Mali et&nbsp;<strong><a href=\"https:\/\/www.rfi.fr\/fr\/afrique\/20200819-mali-le-pr%C3%A9sident-ibk-annonce-d%C3%A9mission-suite-%C3%A0-son-arrestation-mutins\">pouss\u00e9 \u00e0 la d\u00e9mission le pr\u00e9sident Ibrahim Boubacar Ke\u00efta,<\/a><\/strong>&nbsp;d\u00e9clarent vouloir mettre en place une \u00ab&nbsp;<em>transition politique civile<\/em>&nbsp;\u00bb&nbsp;devant conduire \u00e0 des \u00e9lections g\u00e9n\u00e9rales dans un \u00ab&nbsp;<em>d\u00e9lai raisonnable<\/em>&nbsp;\u00bb. La continuit\u00e9 des services publics sera assur\u00e9e.<\/p>\n\n\n\n<p><strong>Qui sont les mutins&nbsp;?<\/strong><\/p>\n\n\n\n<p>En plus du colonel-major Isma\u00ebl Wagu\u00e9, chef d\u2019\u00e9tat-major adjoint de l\u2019arm\u00e9e de l\u2019air, il y a un autre officier sup\u00e9rieur parmi eux&nbsp;: on reconna\u00eet \u00e9galement le colonel Malick Diaw, chef de la 3e division militaire de Kati. C\u2019est un des cerveaux du putsch. Il conna\u00eet parfaitement le camp militaire d\u2019o\u00f9 sont parties les op\u00e9rations.<\/p>\n\n\n\n<p>Il y a \u00e9galement d\u2019autres officiers, comme Sadio Camara, par exemple. C\u2019est un colonel de l\u2019arm\u00e9e qui revient \u00e0 peine de Russie, o\u00f9 il \u00e9tait en formation. Il a jou\u00e9 un r\u00f4le cl\u00e9. Et dans le noyau des putschistes, il y a \u00e9galement d\u2019autres officiers sup\u00e9rieurs de la gendarmerie, de la police et de l\u2019arm\u00e9e de l\u2019air. C\u2019est donc un coup d\u2019\u00c9tat d\u2019officiers sup\u00e9rieurs nous d\u00e9crit notre correspondant \u00e0 Bamako,&nbsp;<strong>Serge Daniel<\/strong>.<\/p>\n\n\n\n<p>Pour le chercheur ind\u00e9pendant Marc-Andr\u00e9 Boisvert, interrog\u00e9 sur RFI, ces militaires sont d\u2019ailleurs beaucoup exp\u00e9riment\u00e9s que ceux ayant fait le putsch de 2012&nbsp;: \u00ab&nbsp;<em>Si on compare \u00e0 2012, ce sont des officiers qui ont un bon curriculum vitae et qui ont de l\u2019exp\u00e9rience. Cela se voit d\u00e9j\u00e0 juste \u00e0 la fa\u00e7on dont ils ont formul\u00e9 leur intervention. Ils savent actionner les leviers pour tenter de rassurer la communaut\u00e9 internationale et tenter de r\u00e9tablir un dialogue. En 2012, jusqu\u2019\u00e0 la derni\u00e8re minute, on ne savait pas \u00e0 qui l\u2019on avait affaire. Et les putschistes \u00e0 ce moment-l\u00e0 \u00e9taient nettement moins exp\u00e9riment\u00e9s en communication. Pendant pr\u00e8s d\u2019une semaine, on ne savait pas trop on allait.<\/em>&nbsp;\u00bb<\/p>\n\n\n\n<p><strong>Les engagements internationaux respect\u00e9s<\/strong><\/p>\n\n\n\n<p>Dans cette d\u00e9claration, Isma\u00ebl Wagu\u00e9 assure \u00e9galement que tous les accords internationaux seront bien respect\u00e9s. Il pr\u00e9cise enfin que des forces telles que la Minusma (force de l\u2019ONU) ou encore Barkhane, le G5 Sahel et la force Takuba \u00ab&nbsp;<em>demeurent des partenaires pour la restauration de la stabilit\u00e9<\/em>&nbsp;\u00bb. \u00ab&nbsp;<em>Tous les accords pass\u00e9s<\/em>&nbsp;\u00bb, notamment le processus d\u2019Alger sign\u00e9 en 2015, seront respect\u00e9s.<\/p>\n\n\n\n<p>Dans l\u2019\u00e9dition sp\u00e9ciale de RFI, Ibrahim Ma\u00efga souligne&nbsp;l\u2019importance de pouvoir faire cette transition rapidement pour \u00e9viter tout risque d\u2019instabilit\u00e9&nbsp;: \u00ab<em>&nbsp;C\u2019est un temps qui peut \u00eatre mis \u00e0 profit par les groupes extr\u00e9mistes violents et terroristes pour non seulement propag\u00e9s l\u2019ins\u00e9curit\u00e9 \u00e0 l\u2019int\u00e9rieur du pays. Mais au-del\u00e0 de la question des groupes arm\u00e9s qui essayeront de profiter de ce vide institutionnel, la question se pose aussi sur les ex-groupes rebelles. Et m\u00eame si le comit\u00e9 national pour le salut du peuple tend la main \u00e0 ses groupes dans le cadre de la poursuite de la mise en \u0153uvre de l\u2019accord de paix, on peut encore s\u2019interroger sur la r\u00e9action de ces anciens groupes rebelles.<\/em>&nbsp;\u00bb<\/p>\n\n\n\n<p>De son c\u00f4t\u00e9, Jean-Pierre Lacroix, secr\u00e9taire adjoint de l\u2019ONU aux op\u00e9rations de paix, reste sceptique face au coup de force malgr\u00e9 le discours des militaires de ce matin&nbsp;: \u00ab&nbsp;<em>On ne peut pas se satisfaire de la mani\u00e8re dont les institutions d\u00e9mocratiques et constitutionnelles ont \u00e9t\u00e9 interrompues par la force. Les pays de la r\u00e9gion l\u2019ont exprim\u00e9 d\u2019une mani\u00e8re tr\u00e8s claire. Je note que la C\u00e9d\u00e9ao a annonc\u00e9 un certain nombre de mesures, mais aussi une d\u00e9l\u00e9gation de haut-niveau qui devrait se rendre prochainement \u00e0 Bamako. Et nous soutiendrons ces initiatives.<\/em>&nbsp;\u00bb<\/p>\n\n\n\n<p>Il rejoint M. Ma\u00efga sur les risques engendr\u00e9s par cette prise de pouvoir&nbsp;: \u00ab&nbsp;<em>Mais il y a un risque<\/em>&nbsp;<em>: un vide constitutionnel qui risque d\u2019aggraver les probl\u00e8mes auxquels le Mali fait face. Il est essentiel qu\u2019un retour \u00e0 un fonctionnement normal des institutions du Mali se fasse le plus rapidement possible. Nous soutiendrons tous les efforts en cours<\/em>.&nbsp;\u00bb<\/p>\n\n\n\n<p>Le discours du CNSP dresse aussi un tableau sombre de la situation du pays, d\u00e9non\u00e7ant p\u00eale-m\u00eale le \u00ab&nbsp;<em>client\u00e9lisme politique<\/em>&nbsp;\u00bb, la \u00ab&nbsp;<em>gestion familiale des affaires de l\u2019\u00c9tat<\/em>&nbsp;\u00bb, la \u00ab&nbsp;<em>gabegie, le vol et l\u2019arbitraire<\/em>&nbsp;\u00bb. Cette mutinerie est le r\u00e9sultat d\u2019une&nbsp;<strong><a href=\"https:\/\/www.rfi.fr\/fr\/afrique\/20200819-mali-coup-force-militaire-mutinerie-grogne-armee-ibk\">grogne sensible depuis plusieurs mois<\/a><\/strong>&nbsp;dans l\u2019arm\u00e9e.<\/p>\n\n\n\n<p><strong>Les arrestations de hauts responsables militaires et civils<\/strong>.<\/p>\n\n\n\n<p>Pas un mot, en revanche, sur l\u2019avenir du pr\u00e9sident IBK, ni sur les responsables politiques arr\u00eat\u00e9s mardi. Dans les couloirs, ils annoncent qu\u2019ils vont mettre \u00e0 la disposition de la justice un certain nombre de personnes soup\u00e7onn\u00e9es d\u2019avoir d\u00e9tourn\u00e9 de l\u2019argent dans le cadre de la moralisation, raconte notre correspondant \u00e0 Bamako,&nbsp;<strong>Serge Daniel<\/strong>.<\/p>\n\n\n\n<p>Mais le probl\u00e8me, c\u2019est que pour le moment, il n\u2019y a pas eu d\u2019annonce sur ces arrestations. Un putschiste interrog\u00e9 par RFI dans la nuit de mardi \u00e0 mercredi, explique&nbsp;: \u00ab<em>&nbsp;Nous prenons la garantie que rien n\u2019arrivera. On ne touchera pas un seul cheveu des personnes interpell\u00e9es et arr\u00eat\u00e9es&nbsp;<\/em>\u00bb.<\/p>\n\n\n\n<p>En dehors du pr\u00e9sident et du Premier ministre, les membres du CNSP ont notamment arr\u00eat\u00e9 le chef d\u2019\u00e9tat-major des arm\u00e9es et quasiment tout l\u2019\u00e9tat-major, c\u2019est-\u00e0-dire, les hauts grad\u00e9s de l\u2019arm\u00e9e, des chefs d\u2019\u00e9tat-major des diff\u00e9rents corps. Il y a \u00e9galement, le ministre de la D\u00e9fense, qui est entre leurs mains et celui de la S\u00e9curit\u00e9, qui est un g\u00e9n\u00e9ral.<\/p>\n\n\n\n<p>Parmi eux, il y a \u00e9galement des civils dont nous sommes sans nouvelles ou qui sont arr\u00eat\u00e9s&nbsp;: le pr\u00e9sident de l\u2019Assembl\u00e9e nationale, qui a d\u2019ailleurs \u00e9t\u00e9 dissoute,&nbsp;et puis des ministres, comme celui des Finances ou le ministre de la Justice dont nous sommes sans nouvelles.<\/p>\n\n\n\n<p><strong>Avec rfi<\/strong><\/p>\n","protected":false},"excerpt":{"rendered":"<p>Au Mali, t\u00f4t ce mercredi 19 ao\u00fbt au matin, les militaires mutins ont appel\u00e9 \u00e0 une transition politique civile conduisant \u00e0 des \u00e9lections et annonc\u00e9 la cr\u00e9ation d\u2019un Comit\u00e9 national pour le salut du peuple. Les militaires au pouvoir ont affirm\u00e9 par ailleurs que tous les accords internationaux seront respect\u00e9s. RFI \u00e9tait en \u00e9dition sp\u00e9ciale [&hellip;]<\/p>\n","protected":false},"author":2,"featured_media":24319,"comment_status":"open","ping_status":"open","sticky":false,"template":"","format":"standard","meta":{"footnotes":""},"categories":[42],"tags":[3916,2519,4798],"class_list":["post-24317","post","type-post","status-publish","format-standard","has-post-thumbnail","hentry","category-afrique","tag-ibk","tag-mali","tag-mutin"],"_links":{"self":[{"href":"http:\/\/www.friaguinee.net\/index.php\/wp-json\/wp\/v2\/posts\/24317","targetHints":{"allow":["GET"]}}],"collection":[{"href":"http:\/\/www.friaguinee.net\/index.php\/wp-json\/wp\/v2\/posts"}],"about":[{"href":"http:\/\/www.friaguinee.net\/index.php\/wp-json\/wp\/v2\/types\/post"}],"author":[{"embeddable":true,"href":"http:\/\/www.friaguinee.net\/index.php\/wp-json\/wp\/v2\/users\/2"}],"replies":[{"embeddable":true,"href":"http:\/\/www.friaguinee.net\/index.php\/wp-json\/wp\/v2\/comments?post=24317"}],"version-history":[{"count":2,"href":"http:\/\/www.friaguinee.net\/index.php\/wp-json\/wp\/v2\/posts\/24317\/revisions"}],"predecessor-version":[{"id":24320,"href":"http:\/\/www.friaguinee.net\/index.php\/wp-json\/wp\/v2\/posts\/24317\/revisions\/24320"}],"wp:featuredmedia":[{"embeddable":true,"href":"http:\/\/www.friaguinee.net\/index.php\/wp-json\/wp\/v2\/media\/24319"}],"wp:attachment":[{"href":"http:\/\/www.friaguinee.net\/index.php\/wp-json\/wp\/v2\/media?parent=24317"}],"wp:term":[{"taxonomy":"category","embeddable":true,"href":"http:\/\/www.friaguinee.net\/index.php\/wp-json\/wp\/v2\/categories?post=24317"},{"taxonomy":"post_tag","embeddable":true,"href":"http:\/\/www.friaguinee.net\/index.php\/wp-json\/wp\/v2\/tags?post=24317"}],"curies":[{"name":"wp","href":"https:\/\/api.w.org\/{rel}","templated":true}]}}