{"id":24274,"date":"2020-08-18T12:18:46","date_gmt":"2020-08-18T12:18:46","guid":{"rendered":"http:\/\/www.friaguinee.net\/?p=24274"},"modified":"2020-08-18T12:18:47","modified_gmt":"2020-08-18T12:18:47","slug":"koundara-le-cadavre-dun-homme-retrouve-dans-un-marche","status":"publish","type":"post","link":"http:\/\/www.friaguinee.net\/index.php\/2020\/08\/18\/koundara-le-cadavre-dun-homme-retrouve-dans-un-marche\/","title":{"rendered":"Koundara: le cadavre d&rsquo;un homme retrouv\u00e9 dans un march\u00e9"},"content":{"rendered":"\n<p>Les habitants de la pr\u00e9fecture de Koundara se sont r\u00e9veill\u00e9s dans la stup\u00e9faction ce mardi matin. En cause la d\u00e9couverte macabre du corps sans vie d&rsquo;un homme dans le grand march\u00e9. <\/p>\n\n\n\n<p>Un citoyen de la localit\u00e9 qui a joint notre r\u00e9daction, confirme qu&rsquo;il s&rsquo;agit d&rsquo;un homme m\u00fbr qui avait \u00e9lu domicile dans ce march\u00e9 depuis plus de vingt ans. Il s&rsquo;appelle Dian Bhoye et serait un malade mental.<\/p>\n\n\n\n<p>Il a \u00e9t\u00e9 d\u00e9couvert t\u00f4t ce matin, gisant dans son sang \u00e0 cause d&rsquo;une blessure au niveau de la nuque. Les autorit\u00e9s pr\u00e9fectorales et communales ainsi que les agents des services de s\u00e9curit\u00e9 qui ont effectu\u00e9 le d\u00e9placement pour s&rsquo;enqu\u00e9rir des circonstances de la d\u00e9couverte, promettent l&rsquo;ouverture d&rsquo;une enqu\u00eate pour d\u00e9terminer les causes de son d\u00e9c\u00e8s. <\/p>\n\n\n\n<p>Dans l&rsquo;opinion, plusieurs personnes croient en la th\u00e8se d&rsquo;un meurtre qui aurait \u00e9t\u00e9 perp\u00e9tr\u00e9 dans l&rsquo;enceinte du march\u00e9 pourtant surveill\u00e9 par au moins quatre vigiles.<\/p>\n\n\n\n<p>Le corps a \u00e9t\u00e9 remis \u00e0 des personnes volontaires qui ont proc\u00e9d\u00e9 \u00e0 son inhumation aux environs de 10 heures.<\/p>\n\n\n\n<p><strong>Friaguinee.net<\/strong> <\/p>\n","protected":false},"excerpt":{"rendered":"<p>Les habitants de la pr\u00e9fecture de Koundara se sont r\u00e9veill\u00e9s dans la stup\u00e9faction ce mardi matin. En cause la d\u00e9couverte macabre du corps sans vie d&rsquo;un homme dans le grand march\u00e9. Un citoyen de la localit\u00e9 qui a joint notre r\u00e9daction, confirme qu&rsquo;il s&rsquo;agit d&rsquo;un homme m\u00fbr qui avait \u00e9lu domicile dans ce march\u00e9 depuis [&hellip;]<\/p>\n","protected":false},"author":2,"featured_media":24277,"comment_status":"open","ping_status":"open","sticky":false,"template":"","format":"standard","meta":{"footnotes":""},"categories":[208],"tags":[3243,1574,148,997,2758,247],"class_list":["post-24274","post","type-post","status-publish","format-standard","has-post-thumbnail","hentry","category-faits-divers","tag-cadre","tag-corps-sans-vie","tag-guinee","tag-hommes","tag-koundara","tag-marche"],"_links":{"self":[{"href":"http:\/\/www.friaguinee.net\/index.php\/wp-json\/wp\/v2\/posts\/24274","targetHints":{"allow":["GET"]}}],"collection":[{"href":"http:\/\/www.friaguinee.net\/index.php\/wp-json\/wp\/v2\/posts"}],"about":[{"href":"http:\/\/www.friaguinee.net\/index.php\/wp-json\/wp\/v2\/types\/post"}],"author":[{"embeddable":true,"href":"http:\/\/www.friaguinee.net\/index.php\/wp-json\/wp\/v2\/users\/2"}],"replies":[{"embeddable":true,"href":"http:\/\/www.friaguinee.net\/index.php\/wp-json\/wp\/v2\/comments?post=24274"}],"version-history":[{"count":1,"href":"http:\/\/www.friaguinee.net\/index.php\/wp-json\/wp\/v2\/posts\/24274\/revisions"}],"predecessor-version":[{"id":24276,"href":"http:\/\/www.friaguinee.net\/index.php\/wp-json\/wp\/v2\/posts\/24274\/revisions\/24276"}],"wp:featuredmedia":[{"embeddable":true,"href":"http:\/\/www.friaguinee.net\/index.php\/wp-json\/wp\/v2\/media\/24277"}],"wp:attachment":[{"href":"http:\/\/www.friaguinee.net\/index.php\/wp-json\/wp\/v2\/media?parent=24274"}],"wp:term":[{"taxonomy":"category","embeddable":true,"href":"http:\/\/www.friaguinee.net\/index.php\/wp-json\/wp\/v2\/categories?post=24274"},{"taxonomy":"post_tag","embeddable":true,"href":"http:\/\/www.friaguinee.net\/index.php\/wp-json\/wp\/v2\/tags?post=24274"}],"curies":[{"name":"wp","href":"https:\/\/api.w.org\/{rel}","templated":true}]}}