{"id":24256,"date":"2020-08-18T11:55:38","date_gmt":"2020-08-18T11:55:38","guid":{"rendered":"http:\/\/www.friaguinee.net\/?p=24256"},"modified":"2020-08-18T11:55:39","modified_gmt":"2020-08-18T11:55:39","slug":"fria-bepc-2020-le-coup-denvoi-donne-au-college-lycee-tito","status":"publish","type":"post","link":"http:\/\/www.friaguinee.net\/index.php\/2020\/08\/18\/fria-bepc-2020-le-coup-denvoi-donne-au-college-lycee-tito\/","title":{"rendered":"Fria\/BEPC 2020: le coup d&rsquo;envoi donn\u00e9 au Coll\u00e8ge-Lyc\u00e9e Tito"},"content":{"rendered":"\n<p>La Pr\u00e9f\u00e8te Hadja Gnalen Cond\u00e9 a donn\u00e9 ce mardi 18 ao\u00fbt 2020, le coup d&rsquo;envoi des \u00e9preuves du Brevet d&rsquo;\u00e9tudes du premier cycle (BEPC) au Coll\u00e8ge-Lyc\u00e9e Josip Broz Tito.<\/p>\n\n\n\n<figure class=\"wp-block-image\"><img loading=\"lazy\" decoding=\"async\" width=\"1024\" height=\"768\" src=\"http:\/\/www.friaguinee.net\/wp-content\/uploads\/2020\/08\/Photo_1597746886634-1024x768.jpg\" alt=\"\" class=\"wp-image-24264\" srcset=\"http:\/\/www.friaguinee.net\/wp-content\/uploads\/2020\/08\/Photo_1597746886634-1024x768.jpg 1024w, http:\/\/www.friaguinee.net\/wp-content\/uploads\/2020\/08\/Photo_1597746886634-300x225.jpg 300w, http:\/\/www.friaguinee.net\/wp-content\/uploads\/2020\/08\/Photo_1597746886634-768x576.jpg 768w, http:\/\/www.friaguinee.net\/wp-content\/uploads\/2020\/08\/Photo_1597746886634-80x60.jpg 80w, http:\/\/www.friaguinee.net\/wp-content\/uploads\/2020\/08\/Photo_1597746886634-265x198.jpg 265w, http:\/\/www.friaguinee.net\/wp-content\/uploads\/2020\/08\/Photo_1597746886634-696x522.jpg 696w, http:\/\/www.friaguinee.net\/wp-content\/uploads\/2020\/08\/Photo_1597746886634-1068x801.jpg 1068w, http:\/\/www.friaguinee.net\/wp-content\/uploads\/2020\/08\/Photo_1597746886634-560x420.jpg 560w\" sizes=\"auto, (max-width: 1024px) 100vw, 1024px\" \/><\/figure>\n\n\n\n<p>En compagnie de la Directrice pr\u00e9fectorale de l&rsquo;\u00e9ducation, des autorit\u00e9s communales, des d\u00e9l\u00e9gu\u00e9s, des coachs, de l&rsquo;APEAE et des cadres de la pr\u00e9fecture, la premi\u00e8re autorit\u00e9 de la ville a proc\u00e9d\u00e9 au lancement de l&rsquo;\u00e9preuve de r\u00e9daction dans une des salles du centre. <\/p>\n\n\n\n<p>Pour la Pr\u00e9f\u00e8te, c&rsquo;est un sentiment de satisfaction de voir que toutes les mesures barri\u00e8res sont respect\u00e9es pour \u00e9viter la propagation de la maladie \u00e0 coronavirus. Elle a mis l&rsquo;occasion \u00e0 profit pour inviter les candidats \u00e0 plus de s\u00e9rieux dans le traitement des \u00e9preuves afin de hisser la Pr\u00e9fecture au sommet de la r\u00e9gion administrative de Bok\u00e9. <\/p>\n\n\n\n<figure class=\"wp-block-image\"><img loading=\"lazy\" decoding=\"async\" width=\"1024\" height=\"768\" src=\"http:\/\/www.friaguinee.net\/wp-content\/uploads\/2020\/08\/Photo_1597747289822-1-1024x768.jpg\" alt=\"\" class=\"wp-image-24267\" srcset=\"http:\/\/www.friaguinee.net\/wp-content\/uploads\/2020\/08\/Photo_1597747289822-1-1024x768.jpg 1024w, http:\/\/www.friaguinee.net\/wp-content\/uploads\/2020\/08\/Photo_1597747289822-1-300x225.jpg 300w, http:\/\/www.friaguinee.net\/wp-content\/uploads\/2020\/08\/Photo_1597747289822-1-768x576.jpg 768w, http:\/\/www.friaguinee.net\/wp-content\/uploads\/2020\/08\/Photo_1597747289822-1-80x60.jpg 80w, http:\/\/www.friaguinee.net\/wp-content\/uploads\/2020\/08\/Photo_1597747289822-1-265x198.jpg 265w, http:\/\/www.friaguinee.net\/wp-content\/uploads\/2020\/08\/Photo_1597747289822-1-696x522.jpg 696w, http:\/\/www.friaguinee.net\/wp-content\/uploads\/2020\/08\/Photo_1597747289822-1-1068x801.jpg 1068w, http:\/\/www.friaguinee.net\/wp-content\/uploads\/2020\/08\/Photo_1597747289822-1-560x420.jpg 560w\" sizes=\"auto, (max-width: 1024px) 100vw, 1024px\" \/><\/figure>\n\n\n\n<p>\u00ab\u00a0<strong><em> Je remercie le tout puissant Allah de nous avoir permis de voir ce beau matin du lancement des \u00e9preuves du BEPC. Le premier constat est que la gestion des mesures barri\u00e8res est bien faite, et c&rsquo;est ce qui est primordial aujourd&rsquo;hui \u00e0 cause de la pand\u00e9mie Covid-19. On sent que les \u00e9l\u00e8ves sont pr\u00eats \u00e0 affronter les \u00e9preuves, l&rsquo;encadrement est au grand complet, toutes les dispositions sont prises pour le bon d\u00e9roulement de cet examen. Je demande aux enfants d&rsquo;\u00eatre tr\u00e8s courageux, de comprendre que c&rsquo;est une simple \u00e9valuation de passage en classe en Sup\u00e9rieur. Avec le s\u00e9rieux, je pense que Fria fera le meilleur r\u00e9sultat de la r\u00e9gion de Bok\u00e9. Je leur souhaite bonne chance et invite les parents \u00e0 vraiment les encourager et les motiver <\/em><\/strong>\u00a0\u00bb a d\u00e9clar\u00e9 Hadja Gnalen Cond\u00e9. <\/p>\n\n\n\n<figure class=\"wp-block-image\"><img loading=\"lazy\" decoding=\"async\" width=\"1024\" height=\"768\" src=\"http:\/\/www.friaguinee.net\/wp-content\/uploads\/2020\/08\/Photo_1597747023364-1024x768.jpg\" alt=\"\" class=\"wp-image-24265\" srcset=\"http:\/\/www.friaguinee.net\/wp-content\/uploads\/2020\/08\/Photo_1597747023364-1024x768.jpg 1024w, http:\/\/www.friaguinee.net\/wp-content\/uploads\/2020\/08\/Photo_1597747023364-300x225.jpg 300w, http:\/\/www.friaguinee.net\/wp-content\/uploads\/2020\/08\/Photo_1597747023364-768x576.jpg 768w, http:\/\/www.friaguinee.net\/wp-content\/uploads\/2020\/08\/Photo_1597747023364-80x60.jpg 80w, http:\/\/www.friaguinee.net\/wp-content\/uploads\/2020\/08\/Photo_1597747023364-265x198.jpg 265w, http:\/\/www.friaguinee.net\/wp-content\/uploads\/2020\/08\/Photo_1597747023364-696x522.jpg 696w, http:\/\/www.friaguinee.net\/wp-content\/uploads\/2020\/08\/Photo_1597747023364-1068x801.jpg 1068w, http:\/\/www.friaguinee.net\/wp-content\/uploads\/2020\/08\/Photo_1597747023364-560x420.jpg 560w\" sizes=\"auto, (max-width: 1024px) 100vw, 1024px\" \/><\/figure>\n\n\n\n<p>La Directrice pr\u00e9fectorale a pour sa part, f\u00e9licit\u00e9 et remerci\u00e9 tous les encadreurs et personnes de bonne volont\u00e9 pour les dispositions sanitaires prises, avant d&rsquo;inviter les \u00e9l\u00e8ves \u00e0 plus de s\u00e9r\u00e9nit\u00e9. <\/p>\n\n\n\n<p>\u00a0\u00bb <strong><em>Nous avons lanc\u00e9 ce matin la premi\u00e8re \u00e9preuve dan sun sentiment de joie puisque vous m\u00eames vous le constatez, toutes les r\u00e8gles sanitaires sont respect\u00e9es, chacun \u00e0 une bavette et sa boite de gel, et ce, gr\u00e2ce \u00e0 l&rsquo;appui du Directeur National des Imp\u00f4ts et d&rsquo;autres bonnes volont\u00e9s. Je remercie le Ministre de l&rsquo;\u00e9ducation nationale pour les dispositions prises pour \u00e9viter une ann\u00e9e blanche \u00e0 l&rsquo;\u00e9cole guin\u00e9enne. Aux \u00e9l\u00e8ves, je demande \u00e0 \u00eatre sereins, c&rsquo;est une simple \u00e9valuation qui a caract\u00e8re plus strict puisqu&rsquo;il n&rsquo; y a pas de communication, les t\u00e9l\u00e9phones sont interdits tant chez les \u00e9l\u00e8ves que chez les surveillants. Les \u00e9tablissements sont s\u00e9curis\u00e9s, aucune personne qui n&rsquo;est concern\u00e9e par cet examen ne doit acc\u00e9der \u00e0 la cour. Les sacs sont \u00e9galement interdits mais tout cela ne se fait pas pour effrayer les \u00e9l\u00e8ves, nous le faisons pour \u00e9viter la foudre. C&rsquo;est pourquoi j&rsquo;invite tous les surveillants \u00e0 la stricte vigilance<\/em><\/strong> \u00a0\u00bb a exhort\u00e9 Arab\u00e9 Cond\u00e9.<\/p>\n\n\n\n<figure class=\"wp-block-image\"><img loading=\"lazy\" decoding=\"async\" width=\"1024\" height=\"768\" src=\"http:\/\/www.friaguinee.net\/wp-content\/uploads\/2020\/08\/Photo_1597747021765-1024x768.jpg\" alt=\"\" class=\"wp-image-24266\" srcset=\"http:\/\/www.friaguinee.net\/wp-content\/uploads\/2020\/08\/Photo_1597747021765-1024x768.jpg 1024w, http:\/\/www.friaguinee.net\/wp-content\/uploads\/2020\/08\/Photo_1597747021765-300x225.jpg 300w, http:\/\/www.friaguinee.net\/wp-content\/uploads\/2020\/08\/Photo_1597747021765-768x576.jpg 768w, http:\/\/www.friaguinee.net\/wp-content\/uploads\/2020\/08\/Photo_1597747021765-80x60.jpg 80w, http:\/\/www.friaguinee.net\/wp-content\/uploads\/2020\/08\/Photo_1597747021765-265x198.jpg 265w, http:\/\/www.friaguinee.net\/wp-content\/uploads\/2020\/08\/Photo_1597747021765-696x522.jpg 696w, http:\/\/www.friaguinee.net\/wp-content\/uploads\/2020\/08\/Photo_1597747021765-1068x801.jpg 1068w, http:\/\/www.friaguinee.net\/wp-content\/uploads\/2020\/08\/Photo_1597747021765-560x420.jpg 560w\" sizes=\"auto, (max-width: 1024px) 100vw, 1024px\" \/><\/figure>\n\n\n\n<p>Ce sont <strong>1497<\/strong> candidats dont <strong>692<\/strong> filles, repartis entre 5 centres et 54 salles de classes qui vont pendant cinq jours d&rsquo;affil\u00e9s, affronter l&rsquo;ensemble des \u00e9preuves de cet examen dans la pr\u00e9fecture de Fria. <\/p>\n\n\n\n<p><strong><em>Laouratou Soumah pour friaguinee.net <\/em><\/strong><\/p>\n","protected":false},"excerpt":{"rendered":"<p>La Pr\u00e9f\u00e8te Hadja Gnalen Cond\u00e9 a donn\u00e9 ce mardi 18 ao\u00fbt 2020, le coup d&rsquo;envoi des \u00e9preuves du Brevet d&rsquo;\u00e9tudes du premier cycle (BEPC) au Coll\u00e8ge-Lyc\u00e9e Josip Broz Tito. En compagnie de la Directrice pr\u00e9fectorale de l&rsquo;\u00e9ducation, des autorit\u00e9s communales, des d\u00e9l\u00e9gu\u00e9s, des coachs, de l&rsquo;APEAE et des cadres de la pr\u00e9fecture, la premi\u00e8re autorit\u00e9 [&hellip;]<\/p>\n","protected":false},"author":2,"featured_media":24268,"comment_status":"open","ping_status":"open","sticky":false,"template":"","format":"standard","meta":{"footnotes":""},"categories":[5],"tags":[1905,1396,326,49,1884,217],"class_list":["post-24256","post","type-post","status-publish","format-standard","has-post-thumbnail","hentry","category-education","tag-1905","tag-arabe-conde","tag-bepc","tag-fria","tag-hadja-gnalen-conde","tag-lancement"],"_links":{"self":[{"href":"http:\/\/www.friaguinee.net\/index.php\/wp-json\/wp\/v2\/posts\/24256","targetHints":{"allow":["GET"]}}],"collection":[{"href":"http:\/\/www.friaguinee.net\/index.php\/wp-json\/wp\/v2\/posts"}],"about":[{"href":"http:\/\/www.friaguinee.net\/index.php\/wp-json\/wp\/v2\/types\/post"}],"author":[{"embeddable":true,"href":"http:\/\/www.friaguinee.net\/index.php\/wp-json\/wp\/v2\/users\/2"}],"replies":[{"embeddable":true,"href":"http:\/\/www.friaguinee.net\/index.php\/wp-json\/wp\/v2\/comments?post=24256"}],"version-history":[{"count":10,"href":"http:\/\/www.friaguinee.net\/index.php\/wp-json\/wp\/v2\/posts\/24256\/revisions"}],"predecessor-version":[{"id":24273,"href":"http:\/\/www.friaguinee.net\/index.php\/wp-json\/wp\/v2\/posts\/24256\/revisions\/24273"}],"wp:featuredmedia":[{"embeddable":true,"href":"http:\/\/www.friaguinee.net\/index.php\/wp-json\/wp\/v2\/media\/24268"}],"wp:attachment":[{"href":"http:\/\/www.friaguinee.net\/index.php\/wp-json\/wp\/v2\/media?parent=24256"}],"wp:term":[{"taxonomy":"category","embeddable":true,"href":"http:\/\/www.friaguinee.net\/index.php\/wp-json\/wp\/v2\/categories?post=24256"},{"taxonomy":"post_tag","embeddable":true,"href":"http:\/\/www.friaguinee.net\/index.php\/wp-json\/wp\/v2\/tags?post=24256"}],"curies":[{"name":"wp","href":"https:\/\/api.w.org\/{rel}","templated":true}]}}