{"id":2414,"date":"2018-04-02T14:54:01","date_gmt":"2018-04-02T14:54:01","guid":{"rendered":"http:\/\/www.friaguinee.net\/?p=2414"},"modified":"2018-04-02T14:54:01","modified_gmt":"2018-04-02T14:54:01","slug":"afrique-du-sud-mort-de-winnie-mandela-ex-epouse-de-nelson-mandela","status":"publish","type":"post","link":"http:\/\/www.friaguinee.net\/index.php\/2018\/04\/02\/afrique-du-sud-mort-de-winnie-mandela-ex-epouse-de-nelson-mandela\/","title":{"rendered":"Afrique du Sud: mort de Winnie Mandela, ex-\u00e9pouse de Nelson Mandela"},"content":{"rendered":"<p>Winnie Mandela, ex-\u00e9pouse de l&rsquo;ancien pr\u00e9sident sud-africain Nelson Mandela, est morte \u00e0 l&rsquo;\u00e2ge de 81 ans, a annonc\u00e9 ce lundi son entourage.<\/p>\n<p>\u00ab\u00a0C&rsquo;est avec une grande tristesse que nous informons le public que Mme Winnie Madikizela Mandela est d\u00e9c\u00e9d\u00e9e \u00e0 l&rsquo;h\u00f4pital Milkpark de Johannesburg lundi 2 avril\u00a0\u00bb, a d\u00e9clar\u00e9 son porte-parole Victor Dlamini dans un communiqu\u00e9.<\/p>\n<p>Cette militante de la lutte anti-apartheid avait \u00e9pous\u00e9\u00a0<a href=\"http:\/\/www.lefigaro.fr\/international\/2013\/12\/05\/01003-20131205ARTFIG00763-la-mort-de-nelson-mandela-un-homme-de-paix.php\">Nelson Mandela<\/a>\u00a0en 1958. Ils s&rsquo;\u00e9taient s\u00e9par\u00e9s en 1992, deux ans apr\u00e8s la sortie de prison de son mari.<\/p>\n<p>Elle \u00e9tait la seconde \u00e9pouse de l&rsquo;ancien pr\u00e9sident sud-africain et \u00e9tait une femme politique tr\u00e8s engag\u00e9e, militant au sein de l\u2019ANC aux c\u00f4t\u00e9s de son mari, et sans rel\u00e2che durant les vingt-sept ann\u00e9es de prison de celui-ci. Le couple a \u00e9t\u00e9 le symbole de la lutte antiapartheid, jusqu\u2019\u00e0 leur divorce. Une image qui s\u2019est ensuite \u00e9corn\u00e9e\u00a0\u00e0 la fin des ann\u00e9es 1990, avec les r\u00e9v\u00e9lations, entre autres, sur le train de vie de l\u2019ex-premi\u00e8re dame d\u2019Afrique du Sud.<\/p>\n","protected":false},"excerpt":{"rendered":"<p>Winnie Mandela, ex-\u00e9pouse de l&rsquo;ancien pr\u00e9sident sud-africain Nelson Mandela, est morte \u00e0 l&rsquo;\u00e2ge de 81 ans, a annonc\u00e9 ce lundi son entourage. \u00ab\u00a0C&rsquo;est avec une grande tristesse que nous informons le public que Mme Winnie Madikizela Mandela est d\u00e9c\u00e9d\u00e9e \u00e0 l&rsquo;h\u00f4pital Milkpark de Johannesburg lundi 2 avril\u00a0\u00bb, a d\u00e9clar\u00e9 son porte-parole Victor Dlamini dans un [&hellip;]<\/p>\n","protected":false},"author":2,"featured_media":2415,"comment_status":"open","ping_status":"open","sticky":false,"template":"","format":"standard","meta":{"footnotes":""},"categories":[42],"tags":[],"class_list":["post-2414","post","type-post","status-publish","format-standard","has-post-thumbnail","hentry","category-afrique"],"_links":{"self":[{"href":"http:\/\/www.friaguinee.net\/index.php\/wp-json\/wp\/v2\/posts\/2414","targetHints":{"allow":["GET"]}}],"collection":[{"href":"http:\/\/www.friaguinee.net\/index.php\/wp-json\/wp\/v2\/posts"}],"about":[{"href":"http:\/\/www.friaguinee.net\/index.php\/wp-json\/wp\/v2\/types\/post"}],"author":[{"embeddable":true,"href":"http:\/\/www.friaguinee.net\/index.php\/wp-json\/wp\/v2\/users\/2"}],"replies":[{"embeddable":true,"href":"http:\/\/www.friaguinee.net\/index.php\/wp-json\/wp\/v2\/comments?post=2414"}],"version-history":[{"count":2,"href":"http:\/\/www.friaguinee.net\/index.php\/wp-json\/wp\/v2\/posts\/2414\/revisions"}],"predecessor-version":[{"id":2417,"href":"http:\/\/www.friaguinee.net\/index.php\/wp-json\/wp\/v2\/posts\/2414\/revisions\/2417"}],"wp:featuredmedia":[{"embeddable":true,"href":"http:\/\/www.friaguinee.net\/index.php\/wp-json\/wp\/v2\/media\/2415"}],"wp:attachment":[{"href":"http:\/\/www.friaguinee.net\/index.php\/wp-json\/wp\/v2\/media?parent=2414"}],"wp:term":[{"taxonomy":"category","embeddable":true,"href":"http:\/\/www.friaguinee.net\/index.php\/wp-json\/wp\/v2\/categories?post=2414"},{"taxonomy":"post_tag","embeddable":true,"href":"http:\/\/www.friaguinee.net\/index.php\/wp-json\/wp\/v2\/tags?post=2414"}],"curies":[{"name":"wp","href":"https:\/\/api.w.org\/{rel}","templated":true}]}}