{"id":23368,"date":"2020-07-28T17:59:07","date_gmt":"2020-07-28T17:59:07","guid":{"rendered":"http:\/\/www.friaguinee.net\/?p=23368"},"modified":"2020-07-28T17:59:08","modified_gmt":"2020-07-28T17:59:08","slug":"fria-fete-de-tabaski-la-mosquee-centrale-fait-sa-toilette","status":"publish","type":"post","link":"http:\/\/www.friaguinee.net\/index.php\/2020\/07\/28\/fria-fete-de-tabaski-la-mosquee-centrale-fait-sa-toilette\/","title":{"rendered":"Fria\/F\u00eate de Tabaski: la mosqu\u00e9e centrale fait sa toilette"},"content":{"rendered":"\n<p> En pr\u00e9lude \u00e0 la r\u00e9ouverture sp\u00e9ciale des mosqu\u00e9es annonc\u00e9e par les autorit\u00e9s religieuses \u00e0  l&rsquo;occasion de la c\u00e9l\u00e9bration de la f\u00eate de Tabaski, les jeunes animateurs des quartiers de la commune urbaine de Fria ont d\u00e9cid\u00e9 ce mardi 28 juillet, de redonner un autre visage \u00e0 la mosqu\u00e9e centrale.<\/p>\n\n\n\n<figure class=\"wp-block-image\"><img loading=\"lazy\" decoding=\"async\" width=\"1024\" height=\"768\" src=\"http:\/\/www.friaguinee.net\/wp-content\/uploads\/2020\/07\/Photo_1595936830625-1-1024x768.jpg\" alt=\"\" class=\"wp-image-23376\" srcset=\"http:\/\/www.friaguinee.net\/wp-content\/uploads\/2020\/07\/Photo_1595936830625-1-1024x768.jpg 1024w, http:\/\/www.friaguinee.net\/wp-content\/uploads\/2020\/07\/Photo_1595936830625-1-300x225.jpg 300w, http:\/\/www.friaguinee.net\/wp-content\/uploads\/2020\/07\/Photo_1595936830625-1-768x576.jpg 768w, http:\/\/www.friaguinee.net\/wp-content\/uploads\/2020\/07\/Photo_1595936830625-1-80x60.jpg 80w, http:\/\/www.friaguinee.net\/wp-content\/uploads\/2020\/07\/Photo_1595936830625-1-265x198.jpg 265w, http:\/\/www.friaguinee.net\/wp-content\/uploads\/2020\/07\/Photo_1595936830625-1-696x522.jpg 696w, http:\/\/www.friaguinee.net\/wp-content\/uploads\/2020\/07\/Photo_1595936830625-1-560x420.jpg 560w, http:\/\/www.friaguinee.net\/wp-content\/uploads\/2020\/07\/Photo_1595936830625-1.jpg 1032w\" sizes=\"auto, (max-width: 1024px) 100vw, 1024px\" \/><\/figure>\n\n\n\n<p>Selon le pr\u00e9sident de la structure initiatrice de cette activit\u00e9 d&rsquo;assainissement, c&rsquo;est la suite logique des travaux lanc\u00e9s il y a quelques mois dans la commune urbaine, et qui ont abouti \u00e0 l&rsquo;assainissement du march\u00e9 central et \u00e0 la r\u00e9novation des quatre hangars dudit march\u00e9.<\/p>\n\n\n\n<p>Pour Kaba Sylla, rendre propre la mosqu\u00e9e cette fois-ci, est synonyme de pr\u00e9vention de la propagation de la maladie \u00e0 coronavirus dans la cit\u00e9.<\/p>\n\n\n\n<p>\u00ab <strong><em>Aujourd\u2019hui nous sommes \u00e0 la mosqu\u00e9e centrale de Fria sur appel de notre premier Imam El hadj Mohamed Saliou Fofana. L\u2019id\u00e9e de rendre propre notre mosqu\u00e9e est notre fa\u00e7on d\u2019accompagner les autorit\u00e9s \u00e0 bouter la maladie covid-19 de notre cit\u00e9 car elle est bien l\u00e0. Nous tendons vers la f\u00eate de la Tabaski dont la pri\u00e8re est autoris\u00e9e dans les mosqu\u00e9es, c\u2019est pour cette raison que nous aussi localement nous avons pris des mesures pour rendre propre la mosqu\u00e9e et la d\u00e9sinfecter au mieux pour \u00e9viter la contamination en cette p\u00e9riode de pand\u00e9mie<\/em><\/strong> \u00bb a expliqu\u00e9 Kaba Sylla au micro de friaguinee.net. <\/p>\n\n\n\n<figure class=\"wp-block-image\"><img loading=\"lazy\" decoding=\"async\" width=\"768\" height=\"1024\" src=\"http:\/\/www.friaguinee.net\/wp-content\/uploads\/2020\/07\/Photo_1595936831069-1-768x1024.jpg\" alt=\"\" class=\"wp-image-23377\" srcset=\"http:\/\/www.friaguinee.net\/wp-content\/uploads\/2020\/07\/Photo_1595936831069-1-768x1024.jpg 768w, http:\/\/www.friaguinee.net\/wp-content\/uploads\/2020\/07\/Photo_1595936831069-1-225x300.jpg 225w, http:\/\/www.friaguinee.net\/wp-content\/uploads\/2020\/07\/Photo_1595936831069-1-696x928.jpg 696w, http:\/\/www.friaguinee.net\/wp-content\/uploads\/2020\/07\/Photo_1595936831069-1-315x420.jpg 315w, http:\/\/www.friaguinee.net\/wp-content\/uploads\/2020\/07\/Photo_1595936831069-1.jpg 774w\" sizes=\"auto, (max-width: 768px) 100vw, 768px\" \/><\/figure>\n\n\n\n<p>Ces jeunes engag\u00e9s, b\u00e9n\u00e9ficient du soutien d&rsquo;un groupement de femmes. Au nom de ces derni\u00e8res, M&rsquo;Mah Tour\u00e9 s&rsquo;est r\u00e9jouie de la r\u00e9ouverture des mosqu\u00e9es avant de remercier les autorit\u00e9s et le Directeur National des Imp\u00f4ts pour le soutien qu&rsquo;il ne cesse de leur apporter. <\/p>\n\n\n\n<p>&lt;&lt; <strong><em>Nous sommes l\u00e0 ce matin pour nettoyer la mosqu\u00e9e pour la grande pri\u00e8re de la f\u00eate. Nous remercions le chef de l&rsquo;\u00c9tat pour avoir pris cette d\u00e9cision salutaire, je remercie les autorit\u00e9s locales et Aboubacar Makhissa Camara, le Directeur National des Imp\u00f4ts qui nous soutient dans tout ce que nous faisons. Nous allons nettoyer toute la cour et laver l&rsquo;int\u00e9rieur pour que les fid\u00e8les musulmans la trouve propre et prie dans le respect des gestes barri\u00e8res<\/em><\/strong> >> a-t-elle d\u00e9clar\u00e9. <\/p>\n\n\n\n<figure class=\"wp-block-image\"><img loading=\"lazy\" decoding=\"async\" width=\"1024\" height=\"768\" src=\"http:\/\/www.friaguinee.net\/wp-content\/uploads\/2020\/07\/Photo_1595936941417-1024x768.jpg\" alt=\"\" class=\"wp-image-23378\" srcset=\"http:\/\/www.friaguinee.net\/wp-content\/uploads\/2020\/07\/Photo_1595936941417-1024x768.jpg 1024w, http:\/\/www.friaguinee.net\/wp-content\/uploads\/2020\/07\/Photo_1595936941417-300x225.jpg 300w, http:\/\/www.friaguinee.net\/wp-content\/uploads\/2020\/07\/Photo_1595936941417-768x576.jpg 768w, http:\/\/www.friaguinee.net\/wp-content\/uploads\/2020\/07\/Photo_1595936941417-80x60.jpg 80w, http:\/\/www.friaguinee.net\/wp-content\/uploads\/2020\/07\/Photo_1595936941417-265x198.jpg 265w, http:\/\/www.friaguinee.net\/wp-content\/uploads\/2020\/07\/Photo_1595936941417-696x522.jpg 696w, http:\/\/www.friaguinee.net\/wp-content\/uploads\/2020\/07\/Photo_1595936941417-560x420.jpg 560w, http:\/\/www.friaguinee.net\/wp-content\/uploads\/2020\/07\/Photo_1595936941417.jpg 1032w\" sizes=\"auto, (max-width: 1024px) 100vw, 1024px\" \/><\/figure>\n\n\n\n<p>Le responsable des jeunes animateurs de quartiers, a mis l&rsquo;occasion \u00e0 profit pour inviter les jeunes de Fria \u00e0 cultiver l&rsquo;union.<\/p>\n\n\n\n<p>\u00a0\u00ab <strong><em>Je profite pour dire que la jeunesse de Fria n\u2019est plus comme la jeunesse d\u2019hier, nous sommes l\u00e0 pour accompagner le d\u00e9veloppement de Fria. Nous lan\u00e7ons un appel \u00e0 la jeunesse de Fria, les associations, les ONG, sans parti pris, que la mosqu\u00e9e est un lieu de culte, de pri\u00e8re. Elle n\u2019est pas politique, elle appartient \u00e0 tout le monde quel que soit ton bord politique, tu es oblig\u00e9 d\u2019y venir prier. Donc nous accompagnons notre religion pour avoir la b\u00e9n\u00e9diction des sages<\/em><\/strong> \u00bb a ajout\u00e9 Kaba Sylla. <\/p>\n\n\n\n<figure class=\"wp-block-image\"><img loading=\"lazy\" decoding=\"async\" width=\"1024\" height=\"768\" src=\"http:\/\/www.friaguinee.net\/wp-content\/uploads\/2020\/07\/Photo_1595936941578-1024x768.jpg\" alt=\"\" class=\"wp-image-23379\" srcset=\"http:\/\/www.friaguinee.net\/wp-content\/uploads\/2020\/07\/Photo_1595936941578-1024x768.jpg 1024w, http:\/\/www.friaguinee.net\/wp-content\/uploads\/2020\/07\/Photo_1595936941578-300x225.jpg 300w, http:\/\/www.friaguinee.net\/wp-content\/uploads\/2020\/07\/Photo_1595936941578-768x576.jpg 768w, http:\/\/www.friaguinee.net\/wp-content\/uploads\/2020\/07\/Photo_1595936941578-80x60.jpg 80w, http:\/\/www.friaguinee.net\/wp-content\/uploads\/2020\/07\/Photo_1595936941578-265x198.jpg 265w, http:\/\/www.friaguinee.net\/wp-content\/uploads\/2020\/07\/Photo_1595936941578-696x522.jpg 696w, http:\/\/www.friaguinee.net\/wp-content\/uploads\/2020\/07\/Photo_1595936941578-560x420.jpg 560w, http:\/\/www.friaguinee.net\/wp-content\/uploads\/2020\/07\/Photo_1595936941578.jpg 1032w\" sizes=\"auto, (max-width: 1024px) 100vw, 1024px\" \/><\/figure>\n\n\n\n<p>Le vendredi 31 juillet 2020, les musulmans de Fria \u00e0 l&rsquo;instar de leurs coreligionnaires du pays, vont c\u00e9l\u00e9brer en groupe, l&rsquo;Aid El K\u00e9bir dans les sites choisis pour la circonstance.<\/p>\n\n\n\n<p><strong>Laouratou Soumah pour friaguinee.net <\/strong><\/p>\n","protected":false},"excerpt":{"rendered":"<p>En pr\u00e9lude \u00e0 la r\u00e9ouverture sp\u00e9ciale des mosqu\u00e9es annonc\u00e9e par les autorit\u00e9s religieuses \u00e0 l&rsquo;occasion de la c\u00e9l\u00e9bration de la f\u00eate de Tabaski, les jeunes animateurs des quartiers de la commune urbaine de Fria ont d\u00e9cid\u00e9 ce mardi 28 juillet, de redonner un autre visage \u00e0 la mosqu\u00e9e centrale. Selon le pr\u00e9sident de la structure [&hellip;]<\/p>\n","protected":false},"author":2,"featured_media":23381,"comment_status":"open","ping_status":"open","sticky":false,"template":"","format":"standard","meta":{"footnotes":""},"categories":[44],"tags":[3945,49,4558,4559,147],"class_list":["post-23368","post","type-post","status-publish","format-standard","has-post-thumbnail","hentry","category-religion","tag-animateurs-de-quartiers","tag-fria","tag-mosquee-centrale","tag-nettoyage","tag-toilette"],"_links":{"self":[{"href":"http:\/\/www.friaguinee.net\/index.php\/wp-json\/wp\/v2\/posts\/23368","targetHints":{"allow":["GET"]}}],"collection":[{"href":"http:\/\/www.friaguinee.net\/index.php\/wp-json\/wp\/v2\/posts"}],"about":[{"href":"http:\/\/www.friaguinee.net\/index.php\/wp-json\/wp\/v2\/types\/post"}],"author":[{"embeddable":true,"href":"http:\/\/www.friaguinee.net\/index.php\/wp-json\/wp\/v2\/users\/2"}],"replies":[{"embeddable":true,"href":"http:\/\/www.friaguinee.net\/index.php\/wp-json\/wp\/v2\/comments?post=23368"}],"version-history":[{"count":6,"href":"http:\/\/www.friaguinee.net\/index.php\/wp-json\/wp\/v2\/posts\/23368\/revisions"}],"predecessor-version":[{"id":23382,"href":"http:\/\/www.friaguinee.net\/index.php\/wp-json\/wp\/v2\/posts\/23368\/revisions\/23382"}],"wp:featuredmedia":[{"embeddable":true,"href":"http:\/\/www.friaguinee.net\/index.php\/wp-json\/wp\/v2\/media\/23381"}],"wp:attachment":[{"href":"http:\/\/www.friaguinee.net\/index.php\/wp-json\/wp\/v2\/media?parent=23368"}],"wp:term":[{"taxonomy":"category","embeddable":true,"href":"http:\/\/www.friaguinee.net\/index.php\/wp-json\/wp\/v2\/categories?post=23368"},{"taxonomy":"post_tag","embeddable":true,"href":"http:\/\/www.friaguinee.net\/index.php\/wp-json\/wp\/v2\/tags?post=23368"}],"curies":[{"name":"wp","href":"https:\/\/api.w.org\/{rel}","templated":true}]}}