{"id":23361,"date":"2020-07-28T15:41:36","date_gmt":"2020-07-28T15:41:36","guid":{"rendered":"http:\/\/www.friaguinee.net\/?p=23361"},"modified":"2020-07-28T15:41:37","modified_gmt":"2020-07-28T15:41:37","slug":"mali-le-m5-rfp-rejette-de-nouveau-la-solution-cedeao","status":"publish","type":"post","link":"http:\/\/www.friaguinee.net\/index.php\/2020\/07\/28\/mali-le-m5-rfp-rejette-de-nouveau-la-solution-cedeao\/","title":{"rendered":"Mali: le M5-RFP rejette de nouveau la solution CEDEAO"},"content":{"rendered":"\n<p>Dans son communiqu\u00e9 num\u00e9ro 5, le Mouvement du 5 Juin \u2013 Rassemblement des Forces Patriotiques (M5-RFP)- doit avoir appris \u201cavec \u00e9tonnement\u201d les conclusions du Sommet extraordinaire de la Conf\u00e9rence des Chef d\u2019Etat et de Gouvernement de la Communaut\u00e9 \u00e9conomique des Etats de l\u2019Afrique de l\u2019Ouest (CEDEAO) tenu le 27 juillet 2020, lesquelles conclusions, \u00e0 l\u2019instar des propositions de la mission conduite sur le terrain par l\u2019ancien pr\u00e9sident nig\u00e9rian, Goodluck Jonathan, continue de ramener la crise sociopolitique au Mali \u00e0 un simple contentieux \u00e9lectoral du deuxi\u00e8me tour du scrutin l\u00e9gislatif.<\/p>\n\n\n\n<p>Aussi, \u00e9num\u00e8re le M5-RFP sous la banni\u00e8re de l\u2019imam Mahmoud Dicko, les d\u00e9cisions \u00abinstamment\u00bb prises par le Sommet r\u00e9it\u00e8rent aussi \u00abla d\u00e9mission imm\u00e9diate des 31 d\u00e9put\u00e9s contest\u00e9s, la recomposition rapide de la Cour Constitutionnelle, la mise en place rapide d\u2019un Gouvernement d\u2019union nationale, ainsi que la mise en place rapide d\u2019une commission d\u2019enqu\u00eate\u00bb pour situer les responsabilit\u00e9s des cas de d\u00e9c\u00e8s lors des manifestations, de bless\u00e9s et destructions des biens, et la mise en place d\u2019un Comit\u00e9 de Suivi de toutes les mesures prises.<\/p>\n\n\n\n<p>Par ailleurs, le Sommet a cru bon d\u2019insister sur la mise en place par la CEDEAO \u00ab d\u2019un r\u00e9gime de sanctions contre ceux qui poseront des actes contraires au processus de normalisation de cette crise \u00bb, affirme Ibrahim Ikassa Maiga, un des porte-parole du M5-RFP.<ins><\/ins><\/p>\n\n\n\n<p>En fait, aux yeux du M5-RFP, les d\u00e9cisions du Sommet des Chefs d\u2019Etat de la CEDEAO reposent sur des \u201capproximations tr\u00e8s improbables\u201d telles que la d\u00e9mission hypoth\u00e9tique de d\u00e9put\u00e9s dont l\u2019\u00e9lection est contest\u00e9e, l\u2019injonction faite au pr\u00e9sient Ibrahim Boubacar Ke\u00efta d\u2019user de pouvoirs exceptionnels constitutionnels pour une reconstitution au forceps de la Cour constitutionnelle, la composition partielle d\u2019un gouvernement, etc. \u201cLe M5-RFP constate, avec regret, que les conclusions du Sommet des Chefs d\u2019Etat ne tiennent pas compte de la profondeur et de la gravit\u00e9 de la crise sociopolitique qui hypoth\u00e8que l\u2019avenir du Mali, ne correspondent aucunement aux attentes et aspirations du Peuple malien et surtout violent les lois et la Constitution du Mali que respectent le Mouvement\u201d.<\/p>\n\n\n\n<p>Aux yeux du mouvement de contestation, les chefs d\u2019Etat de la CEDEAO n\u2019ont qu\u2019un objectif: prot\u00e9ger le pr\u00e9sident IBK au risque de valider la th\u00e8se du syndicat de chefs d\u2019Etat affubl\u00e9 \u00e0 l\u2019organisation. \u201cPourtant, les cons\u00e9quences catastrophiques de la mauvaise gouvernance de M. Ibrahim Boubacar Keita, les violations r\u00e9currentes de la Constitution de son fait et sous son magist\u00e8re, la confiscation des principes r\u00e9publicains garantissant l\u2019alternance d\u00e9mocratique, jurent avec la protection dont ses pairs semblent le couvrir, en m\u00e9connaissance totale de l\u2019article 32 du Protocole A\/SP1\/12\/01 de la CEDEAO sur la d\u00e9mocratie et la bonne gouvernance disposant que : \u00ables Etats membres conviennent de ce que la bonne gouvernance (\u2026) est essentielle pour la pr\u00e9servation de la justice sociale, la pr\u00e9vention des conflits, la sauvegarde de la stabilit\u00e9 politique et de la paix et le renforcement de la d\u00e9mocratie\u00bb. A d\u00e9faut, une gamme de sanctions pr\u00e9vues aux articles 44 et suivants dudit Protocole frapperait l\u2019Etat contrevenant.<ins><\/ins><\/p>\n\n\n\n<p>Toute fois, la CEDEAO reste convaincue et se dit proc\u00e9der \u00e0 un examen minutieux de la situation au Mali: \u201cNous avons proc\u00e9d\u00e9 \u00e0 un examen minutieux de la situation dans ce pays fr\u00e8re et nous avons convenu d\u2019appeler solennellement \u00e0 tous les Maliens, dans leur diversit\u00e9, \u00e0 un Sursaut pour prot\u00e9ger leur pays des p\u00e9rils graves auxquels, il se trouve expos\u00e9 aujourd\u2019hui. Nous les avons en particulier engag\u00e9s \u00e0 \u00e9viter les violences et \u00e0 privil\u00e9gier le dialogue\u201d, exige la CEDEAO dans sa d\u00e9claration finale d\u2019hier lors du sommet extraordinaire en visioconf\u00e9rence.<\/p>\n\n\n\n<p>Le M5-RFP r\u00e9it\u00e8re son exigence d\u2019actions judiciaires y compris devant la Cour p\u00e9nale internationale (CPI) contre les auteurs, commanditaires et complices des tueries et exactions commises contre les manifestants aux mains nues par les Forces sp\u00e9ciales antiterroristes (FORSAT), tant \u00e0 Sikasso qu\u2019\u00e0 Bamako, dans les rues, domiciles et lieux de culte, et exige la lib\u00e9ration de l\u2019Honorable Souma\u00efla Ciss\u00e9, Chef de file de l\u2019opposition, enlev\u00e9 par un groupe terroriste depuis la fin mars, \u00e0 la veille des l\u00e9gislatives.<\/p>\n\n\n\n<p>Notons que le comit\u00e9 ex\u00e9cutif du M5-RFP affirme que le \u201cPeuple malien demeurera mobilis\u00e9 et d\u00e9termin\u00e9 pour la mise en \u0153uvre de son droit constitutionnel \u00e0 la d\u00e9sob\u00e9issance civile, sur l\u2019ensemble du territoire national et dans la Diaspora, jusqu\u2019\u00e0 l\u2019aboutissement de son combat patriotique pour la restauration d\u2019un Mali d\u00e9mocratique, r\u00e9publicain et la\u00efc, dot\u00e9 d\u2019une gouvernance responsable et vertueuse\u201d, a-t-il conclu.<\/p>\n\n\n\n<p><strong>Avec FinancialAfrik<\/strong><\/p>\n","protected":false},"excerpt":{"rendered":"<p>Dans son communiqu\u00e9 num\u00e9ro 5, le Mouvement du 5 Juin \u2013 Rassemblement des Forces Patriotiques (M5-RFP)- doit avoir appris \u201cavec \u00e9tonnement\u201d les conclusions du Sommet extraordinaire de la Conf\u00e9rence des Chef d\u2019Etat et de Gouvernement de la Communaut\u00e9 \u00e9conomique des Etats de l\u2019Afrique de l\u2019Ouest (CEDEAO) tenu le 27 juillet 2020, lesquelles conclusions, \u00e0 l\u2019instar [&hellip;]<\/p>\n","protected":false},"author":2,"featured_media":23362,"comment_status":"open","ping_status":"open","sticky":false,"template":"","format":"standard","meta":{"footnotes":""},"categories":[42],"tags":[293,1947,3916,4345,2519,3555],"class_list":["post-23361","post","type-post","status-publish","format-standard","has-post-thumbnail","hentry","category-afrique","tag-alpha-conde","tag-cedeao","tag-ibk","tag-m5","tag-mali","tag-rejette"],"_links":{"self":[{"href":"http:\/\/www.friaguinee.net\/index.php\/wp-json\/wp\/v2\/posts\/23361","targetHints":{"allow":["GET"]}}],"collection":[{"href":"http:\/\/www.friaguinee.net\/index.php\/wp-json\/wp\/v2\/posts"}],"about":[{"href":"http:\/\/www.friaguinee.net\/index.php\/wp-json\/wp\/v2\/types\/post"}],"author":[{"embeddable":true,"href":"http:\/\/www.friaguinee.net\/index.php\/wp-json\/wp\/v2\/users\/2"}],"replies":[{"embeddable":true,"href":"http:\/\/www.friaguinee.net\/index.php\/wp-json\/wp\/v2\/comments?post=23361"}],"version-history":[{"count":1,"href":"http:\/\/www.friaguinee.net\/index.php\/wp-json\/wp\/v2\/posts\/23361\/revisions"}],"predecessor-version":[{"id":23363,"href":"http:\/\/www.friaguinee.net\/index.php\/wp-json\/wp\/v2\/posts\/23361\/revisions\/23363"}],"wp:featuredmedia":[{"embeddable":true,"href":"http:\/\/www.friaguinee.net\/index.php\/wp-json\/wp\/v2\/media\/23362"}],"wp:attachment":[{"href":"http:\/\/www.friaguinee.net\/index.php\/wp-json\/wp\/v2\/media?parent=23361"}],"wp:term":[{"taxonomy":"category","embeddable":true,"href":"http:\/\/www.friaguinee.net\/index.php\/wp-json\/wp\/v2\/categories?post=23361"},{"taxonomy":"post_tag","embeddable":true,"href":"http:\/\/www.friaguinee.net\/index.php\/wp-json\/wp\/v2\/tags?post=23361"}],"curies":[{"name":"wp","href":"https:\/\/api.w.org\/{rel}","templated":true}]}}