{"id":22594,"date":"2020-07-12T17:26:14","date_gmt":"2020-07-12T17:26:14","guid":{"rendered":"http:\/\/www.friaguinee.net\/?p=22594"},"modified":"2020-07-12T17:26:16","modified_gmt":"2020-07-12T17:26:16","slug":"cote-divoire-les-graves-revelations-sur-la-transplantation-cardiaque-de-gon-coulibaly","status":"publish","type":"post","link":"http:\/\/www.friaguinee.net\/index.php\/2020\/07\/12\/cote-divoire-les-graves-revelations-sur-la-transplantation-cardiaque-de-gon-coulibaly\/","title":{"rendered":"C\u00f4te d&rsquo;Ivoire: les graves r\u00e9v\u00e9lations sur la transplantation cardiaque de Gon Coulibaly"},"content":{"rendered":"\n<p>Le Premier ministre Amadou Gon Coulibaly (AGC), candidat \u00e0 la pr\u00e9sidentielle d\u2019octobre 2020, a succomb\u00e9 le mercredi 8 juillet 2020, \u00e0 la suite d\u2019un malaise. Au cours de l\u2019\u00e9mission sp\u00e9ciale \u2018\u2019Amadou Gon Coulibaly \u2018\u2019, organis\u00e9e par la RTI1, le jeudi 9 juillet, Mamadou Tour\u00e9, ministre de la Promotion de la Jeunesse et de l\u2019Emploi des Jeunes a dit que la d\u00e9cision de transplantation cardiaque du Premier Ministre en 2012, venait du Pr\u00e9sident de la R\u00e9publique, Alassane Ouattara.<\/p>\n\n\n\n<p>Le ministre de la Promotion de la Jeunesse et de l\u2019Emploi des Jeunes et par ailleurs porte-parole adjoint du gouvernement Mamadou Tour\u00e9, 44 ans, a rendu un t\u00e9moignage poignant au cours de l\u2019\u00e9mission organis\u00e9e par la RTI1. Selon lui, \u00ab Amadou Gon avait aussi un p\u00e8re, son deuxi\u00e8me p\u00e8re qui \u00e9tait le Pr\u00e9sident Alassane Ouattara \u00bb. Et de poursuivre, \u00ab le Premier Ministre a perdu son p\u00e8re en 1990. Il a eu \u00e0 le dire \u00e0 l\u2019a\u00e9roport et il se plaisait de le dire lorsqu\u2019on \u00e9changeait. Que sa rencontre avec le Pr\u00e9sident Ouattara intervient au moment o\u00f9 son p\u00e8re biologique d\u00e9c\u00e8de. Et il le consid\u00e9rait comme son p\u00e8re \u00bb.<\/p>\n\n\n\n<p>Quand il a \u00e9t\u00e9 op\u00e9r\u00e9 en 2012, j\u2019\u00e9tais de passage \u00e0 Paris. J\u2019essaie de l\u2019appeler et je tombe sur son \u00e9pouse. Et d\u00e8s qu\u2019il a su que c\u2019est moi qui suis au bout du fil, il a demand\u00e9 que je vienne \u00e0 l\u2019h\u00f4pital. J\u2019\u00e9tais loin d\u2019imaginer qu\u2019il venait de subir une op\u00e9ration. Donc je vais le voir. Et je suis surpris de le voir dans sa chambre, dans sa blouse. C\u2019est ainsi qu\u2019il me le relate. Puisque nous \u00e9tions ses collaborateurs \u00e0 la Pr\u00e9sidence. Nous \u00e9tions un certain nombre qui \u00e9tions ses conseillers \u00bb, a t\u00e9moign\u00e9 le porte-parole adjoint du gouvernement.<\/p>\n\n\n\n<p>\u00ab Il avait donc \u00e9t\u00e9 transf\u00e9r\u00e9 en France mais nous \u00e9tions loin de nous imaginer que sa situation \u00e9tait aussi critique et qu\u2019il allait subir une transplantation. C\u2019est l\u00e0 qu\u2019il me relate un peu comment tout cela s\u2019est pass\u00e9 et le r\u00f4le important que son p\u00e8re Alassane Ouattara a jou\u00e9. Il me dit : Tour\u00e9 tu sais, quand je devrais aller \u00e0 l\u2019op\u00e9ration, les m\u00e9decins ont diagnostiqu\u00e9 du 50%, 50%. On me faisait la transplantation, soit je vivais, soit je mourais. Celui qui a pris la d\u00e9cision de me faire transplanter, c\u2019est le Pr\u00e9sident Alassane Ouattara \u00bb, a r\u00e9v\u00e9l\u00e9 le porte-parole adjoint du RHDP.<\/p>\n\n\n\n<p>\u00ab Il (Alassane Ouattara) m\u2019a eu au t\u00e9l\u00e9phone et il m\u2019a dit : Amadou, j\u2019ai r\u00e9fl\u00e9chi, j\u2019ai d\u00e9cid\u00e9, tu seras op\u00e9r\u00e9. Mais tu ne mourras pas Amadou et tu sais que tu peux me faire confiance. Et pendant qu\u2019il me parlait, il pleurait. Il a dit que le Pr\u00e9sident a ensuite inform\u00e9 sa maman de sa d\u00e9cision. Il a consid\u00e9r\u00e9 que la seconde vie qu\u2019il a eue, il l\u2019a devait \u00e0 son p\u00e8re, le Pr\u00e9sident Alassane Ouattara \u00bb, a mentionn\u00e9 Tour\u00e9. Soulignons qu\u2019apr\u00e8s son retour de France le jeudi 2 juillet 2020, l\u2019ancien maire de Korhogo avait assist\u00e9 \u00e0 son premier conseil des ministres le mercredi 8 juillet, apr\u00e8s avoir \u00e9t\u00e9 accueilli par ses partisans avec un bain de foule.<\/p>\n\n\n\n<p>Au cours de celui-ci, le compagnon d\u2019Alassane Ouattara avait fait un malaise cardiaque et il avait \u00e9t\u00e9 transf\u00e9r\u00e9 d\u2019urgence \u00e0 la Polyclinique internationale Sainte-Anne-Marie (PISAM) de Codody o\u00f9 il a rendu l\u2019\u00e2me. Rappelons qu\u2019Amadou Gon Coulibaly avait des probl\u00e8mes cardiaques. Il avait subi une transplantation cardiaque en 2012 pour laquelle il \u00e9tait r\u00e9guli\u00e8rement suivi \u00e0 Paris \u00e0 l\u2019h\u00f4pital de la Piti\u00e9-Salp\u00eatri\u00e8re. Gon Coulibaly \u00e9tait mari\u00e9 et p\u00e8re de cinq enfants.<\/p>\n\n\n\n<p>source: afriksoir<\/p>\n","protected":false},"excerpt":{"rendered":"<p>Le Premier ministre Amadou Gon Coulibaly (AGC), candidat \u00e0 la pr\u00e9sidentielle d\u2019octobre 2020, a succomb\u00e9 le mercredi 8 juillet 2020, \u00e0 la suite d\u2019un malaise. Au cours de l\u2019\u00e9mission sp\u00e9ciale \u2018\u2019Amadou Gon Coulibaly \u2018\u2019, organis\u00e9e par la RTI1, le jeudi 9 juillet, Mamadou Tour\u00e9, ministre de la Promotion de la Jeunesse et de l\u2019Emploi des [&hellip;]<\/p>\n","protected":false},"author":2,"featured_media":22596,"comment_status":"open","ping_status":"open","sticky":false,"template":"","format":"standard","meta":{"footnotes":""},"categories":[42],"tags":[1594,4347,4374],"class_list":["post-22594","post","type-post","status-publish","format-standard","has-post-thumbnail","hentry","category-afrique","tag-alassane-ouattara","tag-amadou-gon-coulibaly","tag-transplantation-cardiaque"],"_links":{"self":[{"href":"http:\/\/www.friaguinee.net\/index.php\/wp-json\/wp\/v2\/posts\/22594","targetHints":{"allow":["GET"]}}],"collection":[{"href":"http:\/\/www.friaguinee.net\/index.php\/wp-json\/wp\/v2\/posts"}],"about":[{"href":"http:\/\/www.friaguinee.net\/index.php\/wp-json\/wp\/v2\/types\/post"}],"author":[{"embeddable":true,"href":"http:\/\/www.friaguinee.net\/index.php\/wp-json\/wp\/v2\/users\/2"}],"replies":[{"embeddable":true,"href":"http:\/\/www.friaguinee.net\/index.php\/wp-json\/wp\/v2\/comments?post=22594"}],"version-history":[{"count":1,"href":"http:\/\/www.friaguinee.net\/index.php\/wp-json\/wp\/v2\/posts\/22594\/revisions"}],"predecessor-version":[{"id":22595,"href":"http:\/\/www.friaguinee.net\/index.php\/wp-json\/wp\/v2\/posts\/22594\/revisions\/22595"}],"wp:featuredmedia":[{"embeddable":true,"href":"http:\/\/www.friaguinee.net\/index.php\/wp-json\/wp\/v2\/media\/22596"}],"wp:attachment":[{"href":"http:\/\/www.friaguinee.net\/index.php\/wp-json\/wp\/v2\/media?parent=22594"}],"wp:term":[{"taxonomy":"category","embeddable":true,"href":"http:\/\/www.friaguinee.net\/index.php\/wp-json\/wp\/v2\/categories?post=22594"},{"taxonomy":"post_tag","embeddable":true,"href":"http:\/\/www.friaguinee.net\/index.php\/wp-json\/wp\/v2\/tags?post=22594"}],"curies":[{"name":"wp","href":"https:\/\/api.w.org\/{rel}","templated":true}]}}