{"id":22564,"date":"2020-07-11T10:52:30","date_gmt":"2020-07-11T10:52:30","guid":{"rendered":"http:\/\/www.friaguinee.net\/?p=22564"},"modified":"2020-07-11T10:52:44","modified_gmt":"2020-07-11T10:52:44","slug":"deces-de-a-gon-coulibaly-la-famille-kaldouyanke-de-madina-wora-organise-une-ceremonie-de-sacrifice-en-sa-memoire","status":"publish","type":"post","link":"http:\/\/www.friaguinee.net\/index.php\/2020\/07\/11\/deces-de-a-gon-coulibaly-la-famille-kaldouyanke-de-madina-wora-organise-une-ceremonie-de-sacrifice-en-sa-memoire\/","title":{"rendered":"D\u00e9c\u00e8s de A.Gon Coulibaly: la famille Kaldouyank\u00e9 de Madina Wora organise une c\u00e9r\u00e9monie de sacrifice en sa m\u00e9moire"},"content":{"rendered":"\n<p>La famille Kaldouyank\u00e9 de Madina Wora, Dougountounny (pr\u00e9fecture de Mali) et du Foutah en g\u00e9n\u00e9ral remercie tous les parents, amis, alli\u00e9s et les autorit\u00e9s du pays pour les marques de compassion qu\u2019ils lui ont t\u00e9moign\u00e9 suite au d\u00e9c\u00e8s le 8 Juillet 2020 \u00e0 Abidjan de leur beau-fils Amadou Gon Coulibaly, Premier Ministre, Chef du Gouvernement de la Cote d\u2019Ivoire.<ins><\/ins><\/p>\n\n\n\n<p>Elle informe par la m\u00eame occasion qu\u2019une c\u00e9r\u00e9monie de sacrifice aura lieu le dimanche 12 juillet 2020 \u00e0 10h chez leur ain\u00e9 feu Elhadj Abdoul Gadiri Diallo au quartier Gbessia Cit\u00e9 de l\u2019Air.<\/p>\n\n\n\n<p>Qu\u2019en soient inform\u00e9s&nbsp;: Son excellence Monsieur le Pr\u00e9sident de la R\u00e9publique, Professeur Alpha Cond\u00e9, Monsieur le Premier Ministre Chef du Gouvernement Dr Ibrahima Kassory Fofana.<\/p>\n\n\n\n<p>Monsieur l\u2019Ambassadeur de la Cote D\u2019Ivoire en Guin\u00e9e, Mesdames et Messieurs les ressortissants de la Cote d\u2019Ivoire en Guin\u00e9e, la Fondation Karamoko Alpha Mo Lab\u00e9, la Fondation Karamoko Alpha Mo Timbo, la Famille de Karamoko Alpha Mo Kolladh\u00e8, la Fondation Thierno Aliou Bhoubha NDiyan les anciens Premiers Ministres Sidiya Tour\u00e9, Mamadou Cellou Dalein Diallo, Dr Ahmed Tidjane Souar\u00e9 ainsi que les familles alli\u00e9es de toute la Guin\u00e9e.<\/p>\n\n\n\n<p>Que Dieu accueille l\u2019illustre disparu dans son Paradis \u00e9ternel.<\/p>\n\n\n\n<p>Amine<\/p>\n","protected":false},"excerpt":{"rendered":"<p>La famille Kaldouyank\u00e9 de Madina Wora, Dougountounny (pr\u00e9fecture de Mali) et du Foutah en g\u00e9n\u00e9ral remercie tous les parents, amis, alli\u00e9s et les autorit\u00e9s du pays pour les marques de compassion qu\u2019ils lui ont t\u00e9moign\u00e9 suite au d\u00e9c\u00e8s le 8 Juillet 2020 \u00e0 Abidjan de leur beau-fils Amadou Gon Coulibaly, Premier Ministre, Chef du Gouvernement [&hellip;]<\/p>\n","protected":false},"author":2,"featured_media":18836,"comment_status":"open","ping_status":"open","sticky":false,"template":"","format":"standard","meta":{"footnotes":""},"categories":[414],"tags":[4347,1928],"class_list":["post-22564","post","type-post","status-publish","format-standard","has-post-thumbnail","hentry","category-communique","tag-amadou-gon-coulibaly","tag-deces"],"_links":{"self":[{"href":"http:\/\/www.friaguinee.net\/index.php\/wp-json\/wp\/v2\/posts\/22564","targetHints":{"allow":["GET"]}}],"collection":[{"href":"http:\/\/www.friaguinee.net\/index.php\/wp-json\/wp\/v2\/posts"}],"about":[{"href":"http:\/\/www.friaguinee.net\/index.php\/wp-json\/wp\/v2\/types\/post"}],"author":[{"embeddable":true,"href":"http:\/\/www.friaguinee.net\/index.php\/wp-json\/wp\/v2\/users\/2"}],"replies":[{"embeddable":true,"href":"http:\/\/www.friaguinee.net\/index.php\/wp-json\/wp\/v2\/comments?post=22564"}],"version-history":[{"count":1,"href":"http:\/\/www.friaguinee.net\/index.php\/wp-json\/wp\/v2\/posts\/22564\/revisions"}],"predecessor-version":[{"id":22565,"href":"http:\/\/www.friaguinee.net\/index.php\/wp-json\/wp\/v2\/posts\/22564\/revisions\/22565"}],"wp:featuredmedia":[{"embeddable":true,"href":"http:\/\/www.friaguinee.net\/index.php\/wp-json\/wp\/v2\/media\/18836"}],"wp:attachment":[{"href":"http:\/\/www.friaguinee.net\/index.php\/wp-json\/wp\/v2\/media?parent=22564"}],"wp:term":[{"taxonomy":"category","embeddable":true,"href":"http:\/\/www.friaguinee.net\/index.php\/wp-json\/wp\/v2\/categories?post=22564"},{"taxonomy":"post_tag","embeddable":true,"href":"http:\/\/www.friaguinee.net\/index.php\/wp-json\/wp\/v2\/tags?post=22564"}],"curies":[{"name":"wp","href":"https:\/\/api.w.org\/{rel}","templated":true}]}}