{"id":2218,"date":"2018-03-20T10:48:50","date_gmt":"2018-03-20T10:48:50","guid":{"rendered":"http:\/\/www.friaguinee.net\/?p=2218"},"modified":"2018-03-20T10:48:50","modified_gmt":"2018-03-20T10:48:50","slug":"guinee-cocan-2023-termine-mission-capitale-conakry","status":"publish","type":"post","link":"http:\/\/www.friaguinee.net\/index.php\/2018\/03\/20\/guinee-cocan-2023-termine-mission-capitale-conakry\/","title":{"rendered":"Guin\u00e9e: le COCAN 2023 termine sa mission par la Capitale Conakry"},"content":{"rendered":"<p class=\"yiv1837037843MsoNormal\">Du 17 au 18 mars, l\u2019\u00e9quipe charg\u00e9e de la mission technique du Comit\u00e9 d\u2019Organisation de la Coupe d\u2019Afrique des Nations \u00a0a proc\u00e9d\u00e9 \u00e0 la prospection\u00a0 g\u00e9n\u00e9rale des infrastructures existantes dans la capitale guin\u00e9enne, Conakry.<\/p>\n<p class=\"yiv1837037843MsoNormal\">A l\u2019image de toutes les r\u00e9gions prospect\u00e9es, la d\u00e9l\u00e9gation conduite par\u00a0 le chef de mission, Mamadi Camara, s\u2019est rendu chez le Gouverneur de la Ville de Conakry pour boucler la mission entam\u00e9e par son \u00e9quipe depuis le 28 f\u00e9vrier 2018.<\/p>\n<p class=\"yiv1837037843MsoNormal\">A cette occasion, le Gouverneur de la ville de Conakry, G\u00e9n\u00e9ral Mathurin Bangoura a accueilli la d\u00e9l\u00e9gation et\u00a0 s\u2019est r\u00e9joui de l\u2019effort fourni par cette \u00e9quipe durant ces p\u00e9riodes d\u2019\u00e9valuations. Puis, il a exprim\u00e9 son m\u00e9contentement face \u00e0\u00a0 l\u2019indiff\u00e9rence du Gouvernement concernant le fonctionnement du Comit\u00e9. Selon lui, depuis que le comit\u00e9 a \u00e9t\u00e9 mis en place toutes les activit\u00e9s r\u00e9alis\u00e9es jusqu\u2019\u00e0 maintenant a \u00e9t\u00e9 fait par les membres du COCAN afin de faire \u00e9voluer les choses. Pour lui, une Coupe d\u2019Afrique qui doit \u00eatre organis\u00e9e en 2023 si jusqu\u2019\u00e0 nos jours \u00a0aucune rencontre n\u2019a eu lieu avec le Gouvernement et aucun moyen n\u2019a \u00e9t\u00e9 mis \u00e0 disposition, \u00a0il ne trouve \u00a0pas de raison dans ces conditions qu\u2019on parle de la tenue de la coupe des nations en 2023. Donc \u00e0 son niveau les attentes sont grandes mais il faudrait bien que le gouvernement s\u2019implique dit-il.<\/p>\n<p class=\"yiv1837037843MsoNormal\">Dans la ville de Conakry, quatre (4) stades ont \u00e9t\u00e9 visit\u00e9s notamment, le terrain de Coleah qui\u00a0 est cibl\u00e9 pour servir de stade de d\u00e9gagement, ce qui par ailleurs demande beaucoup de travaux, puis le stade annexe\u00a0 qui dispose d\u2019une tribune et d\u2019une pelouse synth\u00e9tique. Quant au stade du 28 septembre sa capacit\u00e9 d\u2019accueil est de 16 milles places. Pour terminer l\u2019\u00e9quipe s\u2019est \u00e9galement rendue sur le terrain Kabinet Kouyat\u00e9 qui aussi a besoin d\u2019\u00eatre dot\u00e9 des infrastructures n\u00e9cessaires pour qu\u2019il puisse faire partie des stades devant abriter cette f\u00eate footballistique.<\/p>\n<p class=\"yiv1837037843MsoNormal\">En bref, apr\u00e8s observation, le chef de mission a souhait\u00e9 que toutes les dispositions soient prises, et faire en sorte que les gazons synth\u00e9tiques soient transform\u00e9s en naturels comme l\u2019exige la CAF et s\u2019il le faut reconstruire tous les stades.<\/p>\n<p class=\"yiv1837037843MsoNormal\">\u00a0Pour la seconde journ\u00e9e de prospection, l\u2019h\u00f4tel Sheraton et l\u2019h\u00f4pital\u00a0 Sino-guin\u00e9en\u00a0 ont fait l\u2019objet de la visite de la mission technique du COCAN. Pour le moment \u00e0 ce niveau tout r\u00e9pond aux normes exig\u00e9es par la CAF.<\/p>\n<p class=\"yiv1837037843MsoNormal\">Ainsi s\u2019est achev\u00e9e la premi\u00e8re mission technique du COCAN qui a d\u00e9marr\u00e9 Mercredi 28 f\u00e9vrier et a pris fin ce lundi 19 Mars apr\u00e8s la rencontre qui a eu lieu entre l\u2019\u00e9quipe et le Gouverneur de la ville de Conakry.<\/p>\n<p class=\"yiv1837037843xmsonormal\"><span class=\"yiv1837037843MsoHyperlink\">\u00a0<\/span><b>La Cellule de Communication du Gouvernement<\/b><\/p>\n","protected":false},"excerpt":{"rendered":"<p>Du 17 au 18 mars, l\u2019\u00e9quipe charg\u00e9e de la mission technique du Comit\u00e9 d\u2019Organisation de la Coupe d\u2019Afrique des Nations \u00a0a proc\u00e9d\u00e9 \u00e0 la prospection\u00a0 g\u00e9n\u00e9rale des infrastructures existantes dans la capitale guin\u00e9enne, Conakry. A l\u2019image de toutes les r\u00e9gions prospect\u00e9es, la d\u00e9l\u00e9gation conduite par\u00a0 le chef de mission, Mamadi Camara, s\u2019est rendu chez le [&hellip;]<\/p>\n","protected":false},"author":2,"featured_media":2219,"comment_status":"open","ping_status":"open","sticky":false,"template":"","format":"standard","meta":{"footnotes":""},"categories":[41],"tags":[],"class_list":["post-2218","post","type-post","status-publish","format-standard","has-post-thumbnail","hentry","category-sport"],"_links":{"self":[{"href":"http:\/\/www.friaguinee.net\/index.php\/wp-json\/wp\/v2\/posts\/2218","targetHints":{"allow":["GET"]}}],"collection":[{"href":"http:\/\/www.friaguinee.net\/index.php\/wp-json\/wp\/v2\/posts"}],"about":[{"href":"http:\/\/www.friaguinee.net\/index.php\/wp-json\/wp\/v2\/types\/post"}],"author":[{"embeddable":true,"href":"http:\/\/www.friaguinee.net\/index.php\/wp-json\/wp\/v2\/users\/2"}],"replies":[{"embeddable":true,"href":"http:\/\/www.friaguinee.net\/index.php\/wp-json\/wp\/v2\/comments?post=2218"}],"version-history":[{"count":1,"href":"http:\/\/www.friaguinee.net\/index.php\/wp-json\/wp\/v2\/posts\/2218\/revisions"}],"predecessor-version":[{"id":2220,"href":"http:\/\/www.friaguinee.net\/index.php\/wp-json\/wp\/v2\/posts\/2218\/revisions\/2220"}],"wp:featuredmedia":[{"embeddable":true,"href":"http:\/\/www.friaguinee.net\/index.php\/wp-json\/wp\/v2\/media\/2219"}],"wp:attachment":[{"href":"http:\/\/www.friaguinee.net\/index.php\/wp-json\/wp\/v2\/media?parent=2218"}],"wp:term":[{"taxonomy":"category","embeddable":true,"href":"http:\/\/www.friaguinee.net\/index.php\/wp-json\/wp\/v2\/categories?post=2218"},{"taxonomy":"post_tag","embeddable":true,"href":"http:\/\/www.friaguinee.net\/index.php\/wp-json\/wp\/v2\/tags?post=2218"}],"curies":[{"name":"wp","href":"https:\/\/api.w.org\/{rel}","templated":true}]}}