{"id":22098,"date":"2020-07-03T12:50:59","date_gmt":"2020-07-03T12:50:59","guid":{"rendered":"http:\/\/www.friaguinee.net\/?p=22098"},"modified":"2020-07-03T12:51:02","modified_gmt":"2020-07-03T12:51:02","slug":"france-jean-castex-nomme-premier-ministre","status":"publish","type":"post","link":"http:\/\/www.friaguinee.net\/index.php\/2020\/07\/03\/france-jean-castex-nomme-premier-ministre\/","title":{"rendered":"France: Jean Castex nomm\u00e9 Premier ministre !"},"content":{"rendered":"\n<p>Le pr\u00e9sident fran\u00e7ais Emmanuel Macron a nomm\u00e9 Jean Castex au poste de Premier ministre, en remplacement d\u2019Edouard Philippe, et l\u2019a charg\u00e9 de former un nouveau gouvernement, a annonc\u00e9 vendredi l\u2019Elys\u00e9e.<\/p>\n\n\n\n<p>Ex-collaborateur de Nicolas Sarkozy, Jean Castex, 55 ans, maire LR de Prades, est depuis avril le d\u00e9l\u00e9gu\u00e9 interminist\u00e9riel charg\u00e9 du d\u00e9confinement. Peu connu du grand public, habitu\u00e9 des dossiers complexes, Jean Castex a aussi pu s\u2019appuyer sur une vie professionnelle et politique tr\u00e8s largement orient\u00e9e vers le secteur social et la sant\u00e9.<\/p>\n\n\n\n<p>AFP<\/p>\n","protected":false},"excerpt":{"rendered":"<p>Le pr\u00e9sident fran\u00e7ais Emmanuel Macron a nomm\u00e9 Jean Castex au poste de Premier ministre, en remplacement d\u2019Edouard Philippe, et l\u2019a charg\u00e9 de former un nouveau gouvernement, a annonc\u00e9 vendredi l\u2019Elys\u00e9e. Ex-collaborateur de Nicolas Sarkozy, Jean Castex, 55 ans, maire LR de Prades, est depuis avril le d\u00e9l\u00e9gu\u00e9 interminist\u00e9riel charg\u00e9 du d\u00e9confinement. Peu connu du grand [&hellip;]<\/p>\n","protected":false},"author":2,"featured_media":22101,"comment_status":"open","ping_status":"open","sticky":false,"template":"","format":"standard","meta":{"footnotes":""},"categories":[43],"tags":[95,4299,2110],"class_list":["post-22098","post","type-post","status-publish","format-standard","has-post-thumbnail","hentry","category-monde","tag-france","tag-jean-castex","tag-premier-ministre"],"_links":{"self":[{"href":"http:\/\/www.friaguinee.net\/index.php\/wp-json\/wp\/v2\/posts\/22098","targetHints":{"allow":["GET"]}}],"collection":[{"href":"http:\/\/www.friaguinee.net\/index.php\/wp-json\/wp\/v2\/posts"}],"about":[{"href":"http:\/\/www.friaguinee.net\/index.php\/wp-json\/wp\/v2\/types\/post"}],"author":[{"embeddable":true,"href":"http:\/\/www.friaguinee.net\/index.php\/wp-json\/wp\/v2\/users\/2"}],"replies":[{"embeddable":true,"href":"http:\/\/www.friaguinee.net\/index.php\/wp-json\/wp\/v2\/comments?post=22098"}],"version-history":[{"count":1,"href":"http:\/\/www.friaguinee.net\/index.php\/wp-json\/wp\/v2\/posts\/22098\/revisions"}],"predecessor-version":[{"id":22099,"href":"http:\/\/www.friaguinee.net\/index.php\/wp-json\/wp\/v2\/posts\/22098\/revisions\/22099"}],"wp:featuredmedia":[{"embeddable":true,"href":"http:\/\/www.friaguinee.net\/index.php\/wp-json\/wp\/v2\/media\/22101"}],"wp:attachment":[{"href":"http:\/\/www.friaguinee.net\/index.php\/wp-json\/wp\/v2\/media?parent=22098"}],"wp:term":[{"taxonomy":"category","embeddable":true,"href":"http:\/\/www.friaguinee.net\/index.php\/wp-json\/wp\/v2\/categories?post=22098"},{"taxonomy":"post_tag","embeddable":true,"href":"http:\/\/www.friaguinee.net\/index.php\/wp-json\/wp\/v2\/tags?post=22098"}],"curies":[{"name":"wp","href":"https:\/\/api.w.org\/{rel}","templated":true}]}}