{"id":21806,"date":"2020-06-25T07:50:34","date_gmt":"2020-06-25T07:50:34","guid":{"rendered":"http:\/\/www.friaguinee.net\/?p=21806"},"modified":"2020-06-25T07:50:38","modified_gmt":"2020-06-25T07:50:38","slug":"senegal-covid-19-le-president-macky-sall-mis-en-quarantaine","status":"publish","type":"post","link":"http:\/\/www.friaguinee.net\/index.php\/2020\/06\/25\/senegal-covid-19-le-president-macky-sall-mis-en-quarantaine\/","title":{"rendered":"S\u00e9n\u00e9gal\/Covid-19; le Pr\u00e9sident Macky Sall mis en quarantaine"},"content":{"rendered":"\n<p>Le pr\u00e9sident s\u00e9n\u00e9galais a \u00e9t\u00e9 mis en quarantaine ce 24 juin 2020 pour une dur\u00e9e de deux semaines \u00e0 cause du Covid-19.<\/p>\n\n\n\n<p>Dans un communiqu\u00e9 sign\u00e9 du conseiller en communication du pr\u00e9sident s\u00e9n\u00e9galais et diffus\u00e9 sur la RTS, Macky Sall a \u00e9t\u00e9 mis en quarantaine bien qu\u2019ayant \u00e9t\u00e9 test\u00e9 n\u00e9gatif au Covid-19.<\/p>\n\n\n\n<p>\u00ab&nbsp;<em>Le pr\u00e9sident a subi un test revenu n\u00e9gatif. Toutefois, suivant les recommandations m\u00e9dicales en la mati\u00e8re, le pr\u00e9sident s\u2019est mis en quarantaine pour une dur\u00e9e de deux semaines \u00e0 compter de ce 24 juin<\/em>\u00bb, a indiqu\u00e9 Seydou Gu\u00e8ye.<\/p>\n\n\n\n<p>Cette mise en quarantaine du pr\u00e9sident s\u00e9n\u00e9galais est la cons\u00e9quence de son entr\u00e9e en contact avec une personne test\u00e9e positive au Covid-19.<\/p>\n\n\n\n<p><a href=\"https:\/\/www.guinee360.com\/25\/06\/2020\/coronavirus-le-president-macky-sall-mis-en-quarantaine\/\">Source link<\/a><\/p>\n","protected":false},"excerpt":{"rendered":"<p>Le pr\u00e9sident s\u00e9n\u00e9galais a \u00e9t\u00e9 mis en quarantaine ce 24 juin 2020 pour une dur\u00e9e de deux semaines \u00e0 cause du Covid-19. Dans un communiqu\u00e9 sign\u00e9 du conseiller en communication du pr\u00e9sident s\u00e9n\u00e9galais et diffus\u00e9 sur la RTS, Macky Sall a \u00e9t\u00e9 mis en quarantaine bien qu\u2019ayant \u00e9t\u00e9 test\u00e9 n\u00e9gatif au Covid-19. \u00ab&nbsp;Le pr\u00e9sident a [&hellip;]<\/p>\n","protected":false},"author":2,"featured_media":21808,"comment_status":"open","ping_status":"open","sticky":false,"template":"","format":"standard","meta":{"footnotes":""},"categories":[42],"tags":[2582,3357,4237,719],"class_list":["post-21806","post","type-post","status-publish","format-standard","has-post-thumbnail","hentry","category-afrique","tag-covid-19","tag-macky-sall","tag-quarantaine","tag-senegal"],"_links":{"self":[{"href":"http:\/\/www.friaguinee.net\/index.php\/wp-json\/wp\/v2\/posts\/21806","targetHints":{"allow":["GET"]}}],"collection":[{"href":"http:\/\/www.friaguinee.net\/index.php\/wp-json\/wp\/v2\/posts"}],"about":[{"href":"http:\/\/www.friaguinee.net\/index.php\/wp-json\/wp\/v2\/types\/post"}],"author":[{"embeddable":true,"href":"http:\/\/www.friaguinee.net\/index.php\/wp-json\/wp\/v2\/users\/2"}],"replies":[{"embeddable":true,"href":"http:\/\/www.friaguinee.net\/index.php\/wp-json\/wp\/v2\/comments?post=21806"}],"version-history":[{"count":1,"href":"http:\/\/www.friaguinee.net\/index.php\/wp-json\/wp\/v2\/posts\/21806\/revisions"}],"predecessor-version":[{"id":21807,"href":"http:\/\/www.friaguinee.net\/index.php\/wp-json\/wp\/v2\/posts\/21806\/revisions\/21807"}],"wp:featuredmedia":[{"embeddable":true,"href":"http:\/\/www.friaguinee.net\/index.php\/wp-json\/wp\/v2\/media\/21808"}],"wp:attachment":[{"href":"http:\/\/www.friaguinee.net\/index.php\/wp-json\/wp\/v2\/media?parent=21806"}],"wp:term":[{"taxonomy":"category","embeddable":true,"href":"http:\/\/www.friaguinee.net\/index.php\/wp-json\/wp\/v2\/categories?post=21806"},{"taxonomy":"post_tag","embeddable":true,"href":"http:\/\/www.friaguinee.net\/index.php\/wp-json\/wp\/v2\/tags?post=21806"}],"curies":[{"name":"wp","href":"https:\/\/api.w.org\/{rel}","templated":true}]}}