{"id":21803,"date":"2020-06-25T07:23:41","date_gmt":"2020-06-25T07:23:41","guid":{"rendered":"http:\/\/www.friaguinee.net\/?p=21803"},"modified":"2020-06-25T07:23:42","modified_gmt":"2020-06-25T07:23:42","slug":"guinee-football-le-syli-national-a-un-nouveau-capitaine","status":"publish","type":"post","link":"http:\/\/www.friaguinee.net\/index.php\/2020\/06\/25\/guinee-football-le-syli-national-a-un-nouveau-capitaine\/","title":{"rendered":"Guin\u00e9e\/Football: le Syli National a un nouveau capitaine"},"content":{"rendered":"\n<p>Apr\u00e8s plus de cinq ann\u00e9e pass\u00e9e \u00e0 la t\u00eate de l&rsquo;\u00e9quipe nationale guin\u00e9enne, Ibrahima Traor\u00e9 passe le brassard \u00e0 un autre.<\/p>\n\n\n\n<p>L&rsquo;annonce a \u00e9t\u00e9 faite par le s\u00e9lectionneur Didier Six, dans une \u00e9mission diffus\u00e9e sur CIS Tv. Pour lui, il est temps pour Ibrahima Traor\u00e9 de mettre fin \u00e0 son capitanat, compte tenu de son \u00e2ge. <\/p>\n\n\n\n<p>\u00ab\u00a0Toute chose a une fin, surtout quand on attrape un peu d&rsquo;\u00e2ge. J&rsquo;ai \u00e9t\u00e9 capitaine aussi et un jour je ne l&rsquo;ai plus \u00e9t\u00e9&#8230;\u00e7a fait partie de la  vie \u00a0\u00bb a d\u00e9clar\u00e9 Didier Six au micro de nos confr\u00e8res. <\/p>\n\n\n\n<p>Naby Ke\u00efta, la star de Liverpool est celui sur qui le  choix du s\u00e9lectionneur s&rsquo;est port\u00e9. <\/p>\n\n\n\n<p>N\u00e9 le\u00a010 f\u00e9vrier\u00a01995\u00a0\u00e0\u00a0Conakry, Naby Keita est \u00e9volue au poste de\u00a0<a href=\"https:\/\/fr.m.wikipedia.org\/wiki\/Milieu_de_terrain\">milieu offensif<\/a>\u00a0dans le club anglais de\u00a0<a href=\"https:\/\/fr.m.wikipedia.org\/wiki\/Liverpool_Football_Club\">Liverpool<\/a>.<\/p>\n\n\n\n<p>Premier&nbsp;<a href=\"https:\/\/fr.m.wikipedia.org\/wiki\/Guin%C3%A9e\">guin\u00e9en<\/a>&nbsp;en finale de la&nbsp;<a href=\"https:\/\/fr.m.wikipedia.org\/wiki\/Ligue_des_champions_de_l%27UEFA\">ligue des champions<\/a>avec&nbsp;<a href=\"https:\/\/fr.m.wikipedia.org\/wiki\/Liverpool_Football_Club\">Liverpool<\/a><sup><a href=\"https:\/\/fr.m.wikipedia.org\/wiki\/Naby_Ke%C3%AFta#cite_note-premier-1\">[1]<\/a><\/sup>, il conna\u00eet une v\u00e9ritable ascension en 2014 lors de ses premiers match sur la sc\u00e8ne de la Ligue des Champions avec le&nbsp;<a href=\"https:\/\/fr.m.wikipedia.org\/wiki\/Red_Bull_Salzbourg\">Red Bull Salzbourg<\/a>. La m\u00eame ann\u00e9e, Ke\u00efta dispute son premier match pour la&nbsp;<a href=\"https:\/\/fr.m.wikipedia.org\/wiki\/%C3%89quipe_de_Guin%C3%A9e_de_football\">Guin\u00e9e<\/a>.<\/p>\n\n\n\n<p>En 2017, il est vice-champion d&rsquo;Allemagne avec le\u00a0<a href=\"https:\/\/fr.m.wikipedia.org\/wiki\/RB_Leipzig\">RB Leipzig<\/a>, confirmant tous les espoirs plac\u00e9s en lui, et signe \u00e0\u00a0<a href=\"https:\/\/fr.m.wikipedia.org\/wiki\/Liverpool_Football_Club\">Liverpool<\/a>\u00a0pour environ quarante millions d&rsquo;euros.<\/p>\n\n\n\n<p><strong>Ibrahima Sory Camara pour friaguinee.net <\/strong><\/p>\n","protected":false},"excerpt":{"rendered":"<p>Apr\u00e8s plus de cinq ann\u00e9e pass\u00e9e \u00e0 la t\u00eate de l&rsquo;\u00e9quipe nationale guin\u00e9enne, Ibrahima Traor\u00e9 passe le brassard \u00e0 un autre. L&rsquo;annonce a \u00e9t\u00e9 faite par le s\u00e9lectionneur Didier Six, dans une \u00e9mission diffus\u00e9e sur CIS Tv. Pour lui, il est temps pour Ibrahima Traor\u00e9 de mettre fin \u00e0 son capitanat, compte tenu de son [&hellip;]<\/p>\n","protected":false},"author":2,"featured_media":21067,"comment_status":"open","ping_status":"open","sticky":false,"template":"","format":"standard","meta":{"footnotes":""},"categories":[41],"tags":[],"class_list":["post-21803","post","type-post","status-publish","format-standard","has-post-thumbnail","hentry","category-sport"],"_links":{"self":[{"href":"http:\/\/www.friaguinee.net\/index.php\/wp-json\/wp\/v2\/posts\/21803","targetHints":{"allow":["GET"]}}],"collection":[{"href":"http:\/\/www.friaguinee.net\/index.php\/wp-json\/wp\/v2\/posts"}],"about":[{"href":"http:\/\/www.friaguinee.net\/index.php\/wp-json\/wp\/v2\/types\/post"}],"author":[{"embeddable":true,"href":"http:\/\/www.friaguinee.net\/index.php\/wp-json\/wp\/v2\/users\/2"}],"replies":[{"embeddable":true,"href":"http:\/\/www.friaguinee.net\/index.php\/wp-json\/wp\/v2\/comments?post=21803"}],"version-history":[{"count":2,"href":"http:\/\/www.friaguinee.net\/index.php\/wp-json\/wp\/v2\/posts\/21803\/revisions"}],"predecessor-version":[{"id":21805,"href":"http:\/\/www.friaguinee.net\/index.php\/wp-json\/wp\/v2\/posts\/21803\/revisions\/21805"}],"wp:featuredmedia":[{"embeddable":true,"href":"http:\/\/www.friaguinee.net\/index.php\/wp-json\/wp\/v2\/media\/21067"}],"wp:attachment":[{"href":"http:\/\/www.friaguinee.net\/index.php\/wp-json\/wp\/v2\/media?parent=21803"}],"wp:term":[{"taxonomy":"category","embeddable":true,"href":"http:\/\/www.friaguinee.net\/index.php\/wp-json\/wp\/v2\/categories?post=21803"},{"taxonomy":"post_tag","embeddable":true,"href":"http:\/\/www.friaguinee.net\/index.php\/wp-json\/wp\/v2\/tags?post=21803"}],"curies":[{"name":"wp","href":"https:\/\/api.w.org\/{rel}","templated":true}]}}