{"id":20433,"date":"2020-05-29T22:58:56","date_gmt":"2020-05-29T22:58:56","guid":{"rendered":"http:\/\/www.friaguinee.net\/?p=20433"},"modified":"2020-05-29T22:59:11","modified_gmt":"2020-05-29T22:59:11","slug":"guinee-45eme-anniversaire-de-la-cedeao-declaration-de-la-ministre-de-la-cooperation-internationale-et-de-lintegration-africaine","status":"publish","type":"post","link":"http:\/\/www.friaguinee.net\/index.php\/2020\/05\/29\/guinee-45eme-anniversaire-de-la-cedeao-declaration-de-la-ministre-de-la-cooperation-internationale-et-de-lintegration-africaine\/","title":{"rendered":"Guin\u00e9e\/45\u00e8me anniversaire de la CEDEAO: d\u00e9claration de la Ministre de la Coop\u00e9ration internationale et de l&rsquo;int\u00e9gration africaine"},"content":{"rendered":"\n<p>C<strong>hers Concitoyens,<\/strong><\/p>\n\n\n\n<p><strong>Mesdames et Messieurs,<\/strong><\/p>\n\n\n\n<p>Le 28 Mai 1975, les Chefs d\u2019Etat et de Gouvernement des pays de la sous-r\u00e9gion ouest africaine posaient en visionnaires, un acte de foi en l\u2019avenir, en cr\u00e9ant la Communaut\u00e9 Economique des Etats de l\u2019Afrique de l\u2019Ouest (CEDEAO) \u00e0 Lagos, au Nigeria.<\/p>\n\n\n\n<p>Quarante- cinq ans apr\u00e8s, force est de constater que la vision des P\u00e8res fondateurs de notre Organisation est devenue, au fil des ans, une r\u00e9alit\u00e9 infrangible dans tous les domaines d\u2019activit\u00e9s de la vie socio\u00e9conomique et politique des \u00c9tats membres.<\/p>\n\n\n\n<p>Comme toujours, la comm\u00e9moration de cette date historique donne l\u2019occasion de dresser un bilan et de d\u00e9gager les perspectives de d\u00e9veloppement, dans l\u2019optique de p\u00e9rennisation et de renforcement des acquis de la Communaut\u00e9.<\/p>\n\n\n\n<p>Au titre de ce bilan, d\u2019importants chantiers ont \u00e9t\u00e9 r\u00e9alis\u00e9s ou sont en cours de l\u2019\u00eatre. On peut citer entre autres, la libre circulation des personnes et des biens, le droit de r\u00e9sidence et d\u2019\u00e9tablissement dans l\u2019espace CEDEAO, les projets&nbsp;&nbsp; de d\u00e9veloppement des infrastructures dans les domaines routiers, ferroviaires et a\u00e9riens, la mise en application du Tarif Ext\u00e9rieur Commun de la CEDEAO, la mise en \u0153uvre du Sch\u00e9ma de Lib\u00e9ralisation des Echanges commerciaux, la r\u00e9alisation de la monnaie unique de la CEDEAO, dans le cadre de son Programme de Coop\u00e9ration Mon\u00e9taire.<\/p>\n\n\n\n<p>A ceux-l\u00e0 s\u2019ajoutent la Politique Agricole Commune, la lutte contre le Blanchiment d\u2019Argent, la Politique du Genre, de s\u00e9curit\u00e9 et d\u2019ancrage d\u00e9mocratique des Etats. Cette revue synoptique des activit\u00e9s r\u00e9alis\u00e9es r\u00e9v\u00e8le que la CEDEAO est devenue la Communaut\u00e9 Economique R\u00e9gionale la plus performante en Afrique, en d\u00e9pit de nombreux obstacles auxquels elle est souvent confront\u00e9e.<\/p>\n\n\n\n<p><strong>Mesdames et Messieurs,<\/strong><\/p>\n\n\n\n<p>Cet anniversaire se c\u00e9l\u00e8bre dans un contexte particulier car tous les Etats membres de la CEDEAO subissent de plein fouet les effets pervers d\u2019une crise sanitaire sans pr\u00e9c\u00e9dent li\u00e9e au COVID-19 que vit aujourd\u2019hui l\u2019humanit\u00e9 enti\u00e8re. Cette pand\u00e9mie repr\u00e9sente une grave menace pour le processus d\u2019int\u00e9gration de notre sous-r\u00e9gion, ainsi que pour le programme r\u00e9gional de paix et de s\u00e9curit\u00e9 de la Communaut\u00e9.<\/p>\n\n\n\n<p>Dans un \u00e9lan de solidarit\u00e9 totale, les Gouvernements de la sous-r\u00e9gion doivent agir ensemble en partageant leurs exp\u00e9riences telles que prescrits par le Sommet Extraordinaire de la CEDEAO consacr\u00e9 \u00e0 la pand\u00e9mie au cours duquel&nbsp;&nbsp; Son Excellence M. Muhammadu BUHARI, Pr\u00e9sident de la R\u00e9publique F\u00e9d\u00e9rale du Nig\u00e9ria, a \u00e9t\u00e9 d\u00e9sign\u00e9 pour coordonner la riposte communautaire.<\/p>\n\n\n\n<p>La priorit\u00e9 est donn\u00e9e \u00e0 la poursuite des efforts ax\u00e9s sur l\u2019endiguement, la pr\u00e9vention et la lutte contre la maladie \u00e0 COVID-19. A cet \u00e9gard, il y a lieu de saluer les initiatives prises par l\u2019Organisation Ouest Africaine de la Sant\u00e9 (OOAS), ainsi que les actions fort louables qu\u2019elle a engag\u00e9es, en coordination avec la Commission de la CEDEAO pour lutter contre la pand\u00e9mie. C\u2019est \u00e9galement l\u2019occasion de remercier l\u2019ensemble des partenaires multibi, pour les importantes initiatives engag\u00e9es et mises en place pour soutenir les pays africains dans la lutte contre la pand\u00e9mie.<\/p>\n\n\n\n<p><strong>Mesdames et Messieurs,<\/strong><\/p>\n\n\n\n<p>La R\u00e9publique de Guin\u00e9e accorde la plus haute priorit\u00e9 au renforcement de son syst\u00e8me de Sant\u00e9. Notre pays s\u2019emploie r\u00e9solument \u00e0 mettre en \u0153uvre son Plan de riposte \u00e0 la propagation de la pand\u00e9mie.<\/p>\n\n\n\n<p>Notre pays Se bat \u00e9galement \u00e0 s\u2019assurer qu\u2019aucun Jeune, ni aucune femme ne soit laiss\u00e9e pour compte, tous les Minist\u00e8res sectoriels \u0153uvrent sans rel\u00e2che sous le leadership de SEM le PRG \u00e0 veiller au bien-\u00eatre des plus vuln\u00e9rables.<\/p>\n\n\n\n<p>En effet, notre Communaut\u00e9 se bat sans rel\u00e2che afin de passer effectivement de la CEDEAO des Etats \u00e0 la CEDEAO des Peuples, et d\u2019apporter aux \u00c9tats membres, l\u2019accompagnement n\u00e9cessaire qu\u2019ils sont en droit d\u2019attendre d\u2019elle en tout temps et en toute circonstance.<\/p>\n\n\n\n<p>Dans ce contexte, notre pays, la Guin\u00e9e est en voie de finalisation de la Mise en place du syst\u00e8me d\u2019Alerte Pr\u00e9coce et de r\u00e9ponses multiformes pour la pr\u00e9servation de la paix et de la S\u00e9curit\u00e9.<\/p>\n\n\n\n<p>Grace \u00e0 la clairvoyance et au leadership de notre cher pr\u00e9sident Le Professeur Alpha CONDE, j\u2019ai l\u2019honneur et le privil\u00e8ge de mentionner avec alacrit\u00e9 que la R\u00e9publique de Guin\u00e9e, notre pays, membre fondateur de la CEDEAO consacre dans sa nouvelle Constitution, un Titre, le 17, intitule : \u201c De l\u2019Unit\u00e9 et de L\u2019Int\u00e9gration Africaine\u201d.<\/p>\n\n\n\n<p>La Guin\u00e9e qui contribue de fa\u00e7on remarquable \u00e0 la r\u00e9solution Des conflits dans la sous-r\u00e9gion, r\u00e9affirme plus que jamais son r\u00f4le strat\u00e9gique dans la consolidation de la paix et de l\u2019entente Des peuples, et Promeut le dialogue national et international constructif et positif.<\/p>\n\n\n\n<p><strong>Mesdames et Messieurs,<\/strong><\/p>\n\n\n\n<p>Je voudrais pour terminer r\u00e9affirmer l\u2019attachement du Gouvernement de la R\u00e9publique de Guin\u00e9e et son soutien r\u00e9solu et ind\u00e9fectible aux valeurs cardinales de la CEDEAO et de l\u2019Union Africaine tout en soulignant que les affaires politiques, \u00e9conomiques et sociales pour le d\u00e9veloppement du pays, rel\u00e8ve de l\u2019exercice souverain et inali\u00e9nable du Peuple de Guin\u00e9e.<\/p>\n\n\n\n<p><strong>Vive la CEDEAO des Peuples,<\/strong><\/p>\n\n\n\n<p><strong>Vive l\u2019Int\u00e9gration R\u00e9gionale,<\/strong><\/p>\n\n\n\n<p><strong>Je vous remercie de votre aimable attention<\/strong><\/p>\n\n\n\n<p><strong>Et svp respectez tous les gestes barri\u00e8res dans l\u2019int\u00e9r\u00eat de notre communaut\u00e9<\/strong><\/p>\n\n\n\n<p><strong>Transmis par la Cellule de Communication du Gouvernement<\/strong><\/p>\n","protected":false},"excerpt":{"rendered":"<p>Chers Concitoyens, Mesdames et Messieurs, Le 28 Mai 1975, les Chefs d\u2019Etat et de Gouvernement des pays de la sous-r\u00e9gion ouest africaine posaient en visionnaires, un acte de foi en l\u2019avenir, en cr\u00e9ant la Communaut\u00e9 Economique des Etats de l\u2019Afrique de l\u2019Ouest (CEDEAO) \u00e0 Lagos, au Nigeria. Quarante- cinq ans apr\u00e8s, force est de constater [&hellip;]<\/p>\n","protected":false},"author":2,"featured_media":20435,"comment_status":"open","ping_status":"open","sticky":false,"template":"","format":"standard","meta":{"footnotes":""},"categories":[1464],"tags":[3779,1947,3780,148],"class_list":["post-20433","post","type-post","status-publish","format-standard","has-post-thumbnail","hentry","category-cooperation","tag-45eme-anniversaire","tag-cedeao","tag-cooperation-internationale","tag-guinee"],"_links":{"self":[{"href":"http:\/\/www.friaguinee.net\/index.php\/wp-json\/wp\/v2\/posts\/20433","targetHints":{"allow":["GET"]}}],"collection":[{"href":"http:\/\/www.friaguinee.net\/index.php\/wp-json\/wp\/v2\/posts"}],"about":[{"href":"http:\/\/www.friaguinee.net\/index.php\/wp-json\/wp\/v2\/types\/post"}],"author":[{"embeddable":true,"href":"http:\/\/www.friaguinee.net\/index.php\/wp-json\/wp\/v2\/users\/2"}],"replies":[{"embeddable":true,"href":"http:\/\/www.friaguinee.net\/index.php\/wp-json\/wp\/v2\/comments?post=20433"}],"version-history":[{"count":3,"href":"http:\/\/www.friaguinee.net\/index.php\/wp-json\/wp\/v2\/posts\/20433\/revisions"}],"predecessor-version":[{"id":20437,"href":"http:\/\/www.friaguinee.net\/index.php\/wp-json\/wp\/v2\/posts\/20433\/revisions\/20437"}],"wp:featuredmedia":[{"embeddable":true,"href":"http:\/\/www.friaguinee.net\/index.php\/wp-json\/wp\/v2\/media\/20435"}],"wp:attachment":[{"href":"http:\/\/www.friaguinee.net\/index.php\/wp-json\/wp\/v2\/media?parent=20433"}],"wp:term":[{"taxonomy":"category","embeddable":true,"href":"http:\/\/www.friaguinee.net\/index.php\/wp-json\/wp\/v2\/categories?post=20433"},{"taxonomy":"post_tag","embeddable":true,"href":"http:\/\/www.friaguinee.net\/index.php\/wp-json\/wp\/v2\/tags?post=20433"}],"curies":[{"name":"wp","href":"https:\/\/api.w.org\/{rel}","templated":true}]}}