{"id":20267,"date":"2020-05-27T18:36:10","date_gmt":"2020-05-27T18:36:10","guid":{"rendered":"http:\/\/www.friaguinee.net\/?p=20267"},"modified":"2020-05-27T18:36:12","modified_gmt":"2020-05-27T18:36:12","slug":"tribune-en-afrique-le-double-effet-du-covid-par-ibrahima-kassory-fofana","status":"publish","type":"post","link":"http:\/\/www.friaguinee.net\/index.php\/2020\/05\/27\/tribune-en-afrique-le-double-effet-du-covid-par-ibrahima-kassory-fofana\/","title":{"rendered":"Tribune: En Afrique, le double effet du Covid (Par Ibrahima Kassory Fofana)"},"content":{"rendered":"\n<p>Si le continent est relativement \u00e9pargn\u00e9 par l&rsquo;\u00e9pid\u00e9mie, les cons\u00e9quences \u00e9conomiques du virus s&rsquo;annoncent redoutables, accentuant encore l&rsquo;extr\u00eame pauvret\u00e9 qui touche d\u00e9j\u00e0 40 % de la population de l&rsquo;Afrique subsaharienne. Ibrahima Kassory Fofana, Premier ministre de la R\u00e9publique de Guin\u00e9e, tire le signal d&rsquo;alarme.&nbsp;<br>&nbsp;<\/p>\n\n\n\n<p>L\u2019urgence sanitaire ne doit pas nous faire oublier le long terme. Les cons\u00e9quences \u00e9conomiques redout\u00e9es de l\u2019\u00e9pid\u00e9mie de Covid-19 vont accentuer le plus grand mal de l\u2019Afrique \u2013 l\u2019extr\u00eame pauvret\u00e9. Pour le g\u00e9ant d\u00e9mographique en gestation qu\u2019est notre continent, l\u2019enjeu n\u2019est pas seulement \u00e9conomique et social&nbsp;; il y va aussi de la stabilit\u00e9 s\u00e9curitaire de notre r\u00e9gion. Afin de favoriser l\u2019av\u00e8nement d\u2019une Afrique \u00e9mergente et stable, la priorit\u00e9 absolue doit \u00eatre de vaincre le fl\u00e9au de la grande pauvret\u00e9.<\/p>\n\n\n\n<p>En Afrique subsaharienne, elle touche plus de 40% de toute la population&nbsp;; ce taux est le m\u00eame pour mon pays. L\u2019Afrique est pourtant dot\u00e9e d\u2019un grand potentiel \u00e9conomique et poss\u00e8de d\u2019importantes ressources naturelles. De nombreux pays du continent profitent d\u2019une rente mini\u00e8re appr\u00e9ciable, y compris la Guin\u00e9e, qui s\u2019est consid\u00e9rablement enrichie depuis dix ans avec notamment la relance du secteur minier. Il convient \u00e0 pr\u00e9sent d\u2019\u00e9tablir un lien clair entre la dynamique \u00e9conomique amorc\u00e9e et la r\u00e9duction effective de la pauvret\u00e9 en Afrique.<\/p>\n\n\n\n<p>La t\u00e2che est d\u2019autant moins facile que la r\u00e9cession \u00e9conomique mondiale qui se profile et la perte cons\u00e9cutive de recettes fiscales risquent de freiner les efforts des gouvernements africains en mati\u00e8re de mobilisation des ressources internes. Nos pays auraient encore besoin des partenaires au d\u00e9veloppement pour soutenir les programmes de r\u00e9duction de la pauvret\u00e9 entrepris. N\u00e9anmoins, l\u2019impulsion politique doit demeurer forte en Afrique pour inscrire la lutte contre la pauvret\u00e9 dans une logique d\u2019un meilleur partage de la richesse du continent au profit des plus d\u00e9munis, une fois le choc \u00e9conomique de l\u2019\u00e9pid\u00e9mie absorb\u00e9.<\/p>\n\n\n\n<p>Notre combat ne pourra r\u00e9ussir que si nous appr\u00e9hendons la pauvret\u00e9 dans ses multiples dimensions&nbsp;: \u00e9conomique, sociale, financi\u00e8re, tout en faisant la distinction entre la pauvret\u00e9 et l\u2019extr\u00eame pauvret\u00e9. Pour les personnes extr\u00eamement pauvres, les transferts mon\u00e9taires directs&nbsp;apparaissent comme le moyen le plus efficace, car avant toute autre chose ces m\u00e9nages ont besoin d\u2019assistance mat\u00e9rielle. Dans les circonstances actuelles, cet argent va les aider \u00e0 mieux faire face au fardeau de l\u2019\u00e9pid\u00e9mie. Les services bancaires par la t\u00e9l\u00e9phonie mobile, tr\u00e8s d\u00e9velopp\u00e9s de nos jours en Afrique, sont disponibles pour servir de canal technique et atteindre ainsi un maximum de m\u00e9nages.<\/p>\n\n\n\n<p><strong>La stabilit\u00e9 du monde se joue aussi, et peut-\u00eatre surtout, en Afrique<\/strong><\/p>\n\n\n\n<p>Quant aux personnes pauvres, il s\u2019agit plut\u00f4t de les aider, \u00e0 travers notamment des microcr\u00e9dits, dans des activit\u00e9s g\u00e9n\u00e9ratrices de revenus qu\u2019elles sont capables de mener elles-m\u00eames. La bancarisation des populations pauvres qui en d\u00e9coule contribuera non seulement \u00e0 renforcer leur autonomisation mais aussi, \u00e0 terme, \u00e0 les int\u00e9grer dans l\u2019\u00e9conomie formelle. Enfin, l\u2019emploi des jeunes en milieu urbain \u00e0 travers des projets \u00e0 haute intensit\u00e9 de main d\u2019\u0153uvre est un autre axe des politiques \u00e0 mener.<\/p>\n\n\n\n<p>L\u2019\u00e9volution d\u00e9mographique de notre continent n\u00e9cessite une \u00e9conomie robuste, capable d\u2019int\u00e9grer de plus en plus de jeunes. Un r\u00f4le essentiel pour faciliter cette int\u00e9gration revient \u00e0 l\u2019\u00e9ducation. Or, la faible scolarisation des enfants dans les familles pauvres est encore une triste r\u00e9alit\u00e9 en Afrique. Dans certaines r\u00e9gions de Guin\u00e9e, un enfant est scolaris\u00e9 en moyenne pendant seulement deux ans et demi. Nous avons fait le choix de poser comme condition de l\u2019aide financi\u00e8re aux m\u00e9nages vuln\u00e9rables la scolarisation compl\u00e8te des enfants, en particulier les jeunes filles, qui doivent par ailleurs \u00eatre soustraites du mariage pr\u00e9coce.<\/p>\n\n\n\n<p>Nous devons veiller \u00e0 ce que la crise sanitaire ne devienne pas une crise de pauvret\u00e9. Celle-ci engendrerait \u00e0 coup s\u00fbr des crises politiques et s\u00e9curitaires aux cons\u00e9quences impr\u00e9visibles. La stabilit\u00e9 du monde se joue aussi, et peut-\u00eatre surtout, en Afrique. L\u2019Europe est la premi\u00e8re concern\u00e9e, si l\u2019on consid\u00e8re ne serait-ce que l\u2019enjeu migratoire. Relever le d\u00e9fi de la grande pauvret\u00e9 est affaire de volont\u00e9 politique. Il est de notre responsabilit\u00e9 de dirigeants africains de mettre en \u0153uvre des politiques publiques solides pour y parvenir. Il est du r\u00f4le de la communaut\u00e9 internationale, crucial \u00e0 l\u2019heure actuelle, de rester mobilis\u00e9e pour nous y aider.<\/p>\n\n\n\n<hr class=\"wp-block-separator\"\/>\n\n\n\n<p><em>\u00c9conomiste, pr\u00e9c\u00e9demment ministre d\u2019\u00c9tat charg\u00e9 des investissements et des partenariats public-priv\u00e9 et ministre de l\u2019Economie et des Finances, Ibrahima Kassory Fofana est Premier ministre de la Guin\u00e9e depuis le 21 mai 2018<\/em><\/p>\n","protected":false},"excerpt":{"rendered":"<p>Si le continent est relativement \u00e9pargn\u00e9 par l&rsquo;\u00e9pid\u00e9mie, les cons\u00e9quences \u00e9conomiques du virus s&rsquo;annoncent redoutables, accentuant encore l&rsquo;extr\u00eame pauvret\u00e9 qui touche d\u00e9j\u00e0 40 % de la population de l&rsquo;Afrique subsaharienne. Ibrahima Kassory Fofana, Premier ministre de la R\u00e9publique de Guin\u00e9e, tire le signal d&rsquo;alarme.&nbsp;&nbsp; L\u2019urgence sanitaire ne doit pas nous faire oublier le long terme. [&hellip;]<\/p>\n","protected":false},"author":2,"featured_media":20269,"comment_status":"open","ping_status":"open","sticky":false,"template":"","format":"standard","meta":{"footnotes":""},"categories":[1270],"tags":[1863,2582,3725],"class_list":["post-20267","post","type-post","status-publish","format-standard","has-post-thumbnail","hentry","category-tribune","tag-afrique","tag-covid-19","tag-ibrahima-kassory-fofana"],"_links":{"self":[{"href":"http:\/\/www.friaguinee.net\/index.php\/wp-json\/wp\/v2\/posts\/20267","targetHints":{"allow":["GET"]}}],"collection":[{"href":"http:\/\/www.friaguinee.net\/index.php\/wp-json\/wp\/v2\/posts"}],"about":[{"href":"http:\/\/www.friaguinee.net\/index.php\/wp-json\/wp\/v2\/types\/post"}],"author":[{"embeddable":true,"href":"http:\/\/www.friaguinee.net\/index.php\/wp-json\/wp\/v2\/users\/2"}],"replies":[{"embeddable":true,"href":"http:\/\/www.friaguinee.net\/index.php\/wp-json\/wp\/v2\/comments?post=20267"}],"version-history":[{"count":1,"href":"http:\/\/www.friaguinee.net\/index.php\/wp-json\/wp\/v2\/posts\/20267\/revisions"}],"predecessor-version":[{"id":20268,"href":"http:\/\/www.friaguinee.net\/index.php\/wp-json\/wp\/v2\/posts\/20267\/revisions\/20268"}],"wp:featuredmedia":[{"embeddable":true,"href":"http:\/\/www.friaguinee.net\/index.php\/wp-json\/wp\/v2\/media\/20269"}],"wp:attachment":[{"href":"http:\/\/www.friaguinee.net\/index.php\/wp-json\/wp\/v2\/media?parent=20267"}],"wp:term":[{"taxonomy":"category","embeddable":true,"href":"http:\/\/www.friaguinee.net\/index.php\/wp-json\/wp\/v2\/categories?post=20267"},{"taxonomy":"post_tag","embeddable":true,"href":"http:\/\/www.friaguinee.net\/index.php\/wp-json\/wp\/v2\/tags?post=20267"}],"curies":[{"name":"wp","href":"https:\/\/api.w.org\/{rel}","templated":true}]}}