{"id":2012,"date":"2018-03-07T17:47:53","date_gmt":"2018-03-07T17:47:53","guid":{"rendered":"http:\/\/www.friaguinee.net\/?p=2012"},"modified":"2018-03-07T17:47:53","modified_gmt":"2018-03-07T17:47:53","slug":"journee-internationale-droits-femmes-message-fort-de-presidente-de-lapac","status":"publish","type":"post","link":"http:\/\/www.friaguinee.net\/index.php\/2018\/03\/07\/journee-internationale-droits-femmes-message-fort-de-presidente-de-lapac\/","title":{"rendered":"Journ\u00e9e internationale des droits des femmes : le message fort de la pr\u00e9sidente de l\u2019APAC"},"content":{"rendered":"<p>Le 8 mars, c\u2019est demain. Journ\u00e9e internationale des droits des femmes, raccourcie en \u00ab\u00a0f\u00eate des femmes\u00a0\u00bb chez nous en Guin\u00e9e. Une journ\u00e9e sur 365 dans un monde o\u00f9, de leur naissance \u00e0 leur mort, les femmes de Guin\u00e9e sont victimes \u00e0 toutes les \u00e9tapes de leur vie et vivent dans de conditions toujours pr\u00e9caires. Humili\u00e9es, frapp\u00e9es, viol\u00e9es, harcel\u00e9es et insult\u00e9es dans la rue et au travail ou encore mari\u00e9es de force, mutil\u00e9es et parfois victimes de crimes d\u2019honneur. Cette couche qui constitue plus de la moiti\u00e9 de la population guin\u00e9enne continue d\u2019\u00eatre martyris\u00e9e.<\/p>\n<p>Il est ainsi aberrant que l\u2019on r\u00e9duise, et banalise ces violences faites aux femmes avec des appellations et slogans r\u00e9ducteurs de cette journ\u00e9e du 8 mars. Comme si leur souhaiter \u00ab\u00a0bonne f\u00eate\u00a0\u00bb ou leur offrir des fleurs allaient att\u00e9nuer leurs souffrances.<\/p>\n<p>Il y a de bonne raisons de se persuader que la date du 8 mars n\u2019est pas une f\u00eate. Au moins pour le moment.<br \/>\nUn rapport du forum \u00e9conomique mondial nous indique qu\u2019il n\u2019y a encore rien \u00e0 f\u00eater. N\u2019en d\u00e9plaisent aux dames, mais selon ce document, nos r\u00eaves d\u2019\u00e9galit\u00e9 et de parit\u00e9 \u00e9conomique avec les hommes ne se concr\u00e9tiseraient que dans 168 ans! Pour l\u2019\u00e9galit\u00e9 homme-femme au travail, il n\u2019y aurait quelque chose \u00e0 c\u00e9l\u00e9brer qu\u2019en 2 186. Ma g\u00e9n\u00e9ration et m\u00eame celle de mes filles ne seront pas l\u00e0 en ce moment. De ce fait, je n\u2019ai pas le sentiment qu\u2019il me faille c\u00e9l\u00e9brer quelque chose en 2018. Par contre le pr\u00e9texte du 8 mars m\u2019inspire la lutte et le travail pour que les futures g\u00e9n\u00e9rations fassent la f\u00eate. Mais si c\u2019est pour se retrouver au Palais du peuple, \u00e0 Conakry, pour chanter, danser et \u00e9couter des louanges, alors je ne me sens pas concern\u00e9e.<\/p>\n<p>Partant de l\u2019exemple sur la profession et l\u2019emploi des femmes : est-ce que se mobiliser autour de l\u2019\u00e9galit\u00e9 dans le travail, c\u2019est pour dire uniquement qu\u2019il y a des disparit\u00e9s de salaires entre hommes et femmes ? \u00c7a devrait aussi \u00eatre comment faire en sorte que les femmes puissent travailler sur de grandes th\u00e9matiques et de grands d\u00e9fis de la soci\u00e9t\u00e9. Comment les rendre plus autonomes afin qu\u2019elles sortent de la d\u00e9pendance masculine.<\/p>\n<p>C\u2019est pourquoi les femmes doivent se battre davantage, pour obtenir plus de libert\u00e9s, autant de de chance que les hommes dans les milieux professionnels et aussi mettre en avant la lutte contre les violences dont elles sont victimes. Parce que h\u00e9las, les violences faites aux femmes sont presque inscrites dans les g\u00e8nes nos soci\u00e9t\u00e9s. Les femmes continuent \u00e0 \u00eatre victimes de pr\u00e9jug\u00e9es, de st\u00e9r\u00e9otypes et subissent des pressions. Cela au risque de compromettre leurs ambitions, leurs projets et leurs choix de vie\u2026 Ce sont des r\u00e9alit\u00e9s qui se vivent et qui n\u2019ont rien d\u2019une allure de f\u00eate. Malheureusement, chaque 8 mars, on ne s\u2019emp\u00eache pas de se retrouver pour se congratuler des droits acquis par les ain\u00e9es; des droits dont on a m\u00eame du mal \u00e0 consolider. Et tout le monde trouve que cette \u00ab f\u00eate \u00bb est super.<br \/>\nLes femmes doivent savoir que si elles ont acquis des droits, ce n\u2019est pas parce qu\u2019un bon matin, les hommes ont trouv\u00e9 qu\u2019ils abusent et ont d\u00e9cid\u00e9 d\u2019\u00eatre g\u00e9n\u00e9reux envers elles. Ce sont des femmes qui se sont battues pour que les choses changent. Et puisque rien n\u2019est jamais acquis pour toujours, c\u2019est une bataille qu\u2019il faut continuer \u00e0 mener. Hommes et femmes doivent la mener ensemble.<\/p>\n<p>Il faut d\u00e9coloniser les esprits pour que les mentalit\u00e9s changent. Aux hommes de comprendre qu\u2019\u00eatre moderne ce n\u2019est pas seulement rouler dans de belles voitures ou acc\u00e9der \u00e0 la derni\u00e8re technologie. C\u2019est aussi et surtout se battre pour sa fille. L\u2019emmener \u00e0 l\u2019\u00e9cole, \u0153uvrer pour qu\u2019elle y reste, lui donner la possibilit\u00e9 d\u2019\u00eatre maitresse de sa vie dans l\u2019espoir qu\u2019elle vive dans une soci\u00e9t\u00e9 \u00e9galitaire d\u00e9barrass\u00e9e de toute discrimination qui l\u2019emp\u00eacherait de faire valoir ses talents.<\/p>\n<p>Ne confondez pas, mesdames et messieurs, le 8 mars \u00e0 la Saint Valentin ni m\u00eame \u00e0 la f\u00eate des m\u00e8res. Le 8 mars n\u2019est ni une f\u00eate ni un hommage, mais une journ\u00e9e de lutte pour les droits des femmes, lutte pour la dignit\u00e9 de la femme Demain, ne nous offrez pas des fleurs, nous n\u2019en avons pas besoin Abandonnez plut\u00f4t ces st\u00e9r\u00e9otypes et battons-nous ensemble, main dans la main, pour l\u2019\u00e9quit\u00e9 et la dignit\u00e9 humaine tout court.<\/p>\n<p><strong>Par Asmaou Barry, pr\u00e9sidente de l&rsquo;association des professionnelles africaines de la communication<\/strong><\/p>\n<p>&nbsp;<\/p>\n","protected":false},"excerpt":{"rendered":"<p>Le 8 mars, c\u2019est demain. Journ\u00e9e internationale des droits des femmes, raccourcie en \u00ab\u00a0f\u00eate des femmes\u00a0\u00bb chez nous en Guin\u00e9e. Une journ\u00e9e sur 365 dans un monde o\u00f9, de leur naissance \u00e0 leur mort, les femmes de Guin\u00e9e sont victimes \u00e0 toutes les \u00e9tapes de leur vie et vivent dans de conditions toujours pr\u00e9caires. Humili\u00e9es, [&hellip;]<\/p>\n","protected":false},"author":2,"featured_media":2015,"comment_status":"open","ping_status":"open","sticky":false,"template":"","format":"standard","meta":{"footnotes":""},"categories":[153],"tags":[],"class_list":["post-2012","post","type-post","status-publish","format-standard","has-post-thumbnail","hentry","category-opinion"],"_links":{"self":[{"href":"http:\/\/www.friaguinee.net\/index.php\/wp-json\/wp\/v2\/posts\/2012","targetHints":{"allow":["GET"]}}],"collection":[{"href":"http:\/\/www.friaguinee.net\/index.php\/wp-json\/wp\/v2\/posts"}],"about":[{"href":"http:\/\/www.friaguinee.net\/index.php\/wp-json\/wp\/v2\/types\/post"}],"author":[{"embeddable":true,"href":"http:\/\/www.friaguinee.net\/index.php\/wp-json\/wp\/v2\/users\/2"}],"replies":[{"embeddable":true,"href":"http:\/\/www.friaguinee.net\/index.php\/wp-json\/wp\/v2\/comments?post=2012"}],"version-history":[{"count":1,"href":"http:\/\/www.friaguinee.net\/index.php\/wp-json\/wp\/v2\/posts\/2012\/revisions"}],"predecessor-version":[{"id":2016,"href":"http:\/\/www.friaguinee.net\/index.php\/wp-json\/wp\/v2\/posts\/2012\/revisions\/2016"}],"wp:featuredmedia":[{"embeddable":true,"href":"http:\/\/www.friaguinee.net\/index.php\/wp-json\/wp\/v2\/media\/2015"}],"wp:attachment":[{"href":"http:\/\/www.friaguinee.net\/index.php\/wp-json\/wp\/v2\/media?parent=2012"}],"wp:term":[{"taxonomy":"category","embeddable":true,"href":"http:\/\/www.friaguinee.net\/index.php\/wp-json\/wp\/v2\/categories?post=2012"},{"taxonomy":"post_tag","embeddable":true,"href":"http:\/\/www.friaguinee.net\/index.php\/wp-json\/wp\/v2\/tags?post=2012"}],"curies":[{"name":"wp","href":"https:\/\/api.w.org\/{rel}","templated":true}]}}