{"id":20087,"date":"2020-05-25T17:59:47","date_gmt":"2020-05-25T17:59:47","guid":{"rendered":"http:\/\/www.friaguinee.net\/?p=20087"},"modified":"2020-05-25T17:59:54","modified_gmt":"2020-05-25T17:59:54","slug":"journee-de-lunion-africaine-lafrique-est-interpellee-pour-tracer-sa-propre-voie-moussa-faki-hammat-president-de-la-commission-de-lua","status":"publish","type":"post","link":"http:\/\/www.friaguinee.net\/index.php\/2020\/05\/25\/journee-de-lunion-africaine-lafrique-est-interpellee-pour-tracer-sa-propre-voie-moussa-faki-hammat-president-de-la-commission-de-lua\/","title":{"rendered":"Journ\u00e9e de l&rsquo;Union Africaine: \u00ab\u00a0L\u2019Afrique est&#8230;interpell\u00e9e pour tracer sa propre voie\u00a0\u00bb (Moussa Faki Hammat, Pr\u00e9sident de la Commission de l&rsquo;UA"},"content":{"rendered":"\n<p><strong>Fr\u00e8res et s\u0153urs Africains,<\/strong><\/p>\n\n\n\n<p>Nous comm\u00e9morons aujourd\u2019hui la cr\u00e9ation, le 25 Mai 1963 ici m\u00eame \u00e0 Addis-Abeba, de l\u2019Organisation de l\u2019Unit\u00e9 Africaine. Il y a exactement 57 ans, jour pour jour. Cette date, consid\u00e9r\u00e9e comme la journ\u00e9e mondiale de l\u2019Afrique, est, comme toutes les f\u00eates d\u2019envergure, un moment de joie, de fiert\u00e9 mais aussi de recueillement et de m\u00e9ditation.<\/p>\n\n\n\n<p>Il y a 57 ans&nbsp;&nbsp;l\u2019Afrique a pos\u00e9 les jalons de son unit\u00e9, mise \u00e0 mal par la colonisation, en cr\u00e9ant une organisation commune, l\u2019OUA, devenue Union Africaine en 2002. 57 ans apr\u00e8s cet acte fondateur, l\u2019Afrique s\u2019est&nbsp;&nbsp;affranchie de la pr\u00e9sence coloniale et de l\u2019apartheid&nbsp;; elle a amorc\u00e9 son unit\u00e9 politique et de grands&nbsp;&nbsp;progr\u00e8s \u00e9conomiques, sociaux et culturels. De tels progr\u00e8s ne sauraient occulter les insuffisances et les retards parfois patents.<\/p>\n\n\n\n<p>De nombreuses questions nous assaillent toujours, non sans angoisse. L\u2019Afrique est-elle devenue ce continent de libert\u00e9, de paix, de prosp\u00e9rit\u00e9 et de&nbsp;&nbsp;r\u00e9ussite dont les p\u00e8res fondateurs avaient r\u00eav\u00e9 ? Les Africains sont-ils plus unis, plus solidaires et plus \u00e9panouis&nbsp;? L\u2019Afrique&nbsp;&nbsp;&nbsp;a-t-elle conquis la place \u00e0 la mesure de son immense potentiel et de ses ambitions l\u00e9gitimes, sur la sc\u00e8ne internationale&nbsp;?<\/p>\n\n\n\n<p>Le bilan d\u2019un demi-si\u00e8cle d\u2019ind\u00e9pendance et de libert\u00e9 du Continent laisse dubitatif.<ins><\/ins><\/p>\n\n\n\n<p>En d\u00e9pit d\u2019un potentiel \u00e9conomique consid\u00e9rable, d\u2019un capital humain riche, jeune et dynamique, la majorit\u00e9 des Etats africains peinent \u00e0 assurer le bien-\u00eatre de leurs populations.<\/p>\n\n\n\n<p>Des secteurs vitaux tels que l\u2019\u00e9ducation, la sant\u00e9 et la s\u00e9curit\u00e9 d\u00e9pendent en grande partie de l\u2019aide ext\u00e9rieure. Le communautarisme et le tribalisme se sont davantage cristallis\u00e9s \u00e0 la faveur d\u2019un multipartisme et des principes d\u00e9mocratiques parfois d\u00e9voy\u00e9s.<\/p>\n\n\n\n<p>Des crises ouvertes, g\u00e9n\u00e9r\u00e9es par le terrorisme et des conflits interethniques ou interconfessionnels aux crises post- \u00e9lectorales, l\u2019Afrique offre toujours, ici ou l\u00e0, des sc\u00e8nes de violences, de fragilit\u00e9s&nbsp;&nbsp;et d\u2019incertitudes du lendemain.<\/p>\n\n\n\n<p>Pr\u00e9sident de la Commission de l\u2019Union africaine dont l\u2019un des engagements essentiels est de faire taire les armes dans ce Continent, je suis profond\u00e9ment meurtri par le spectacle qu\u2019offre en ce moment l\u2019un des membres fondateurs de l\u2019OUA et principal initiateur et artisan de l\u2019Union africaine, la Libye. Le drame qui se joue dans ce pays nous affecte profond\u00e9ment. L\u2019\u00e9chec ne disculpe personne, ni aucun segment de la communaut\u00e9 internationale dont les responsabilit\u00e9s dans la poursuite, voire l\u2019aggravation de ce conflit, sont immenses.<\/p>\n\n\n\n<p><strong>Fr\u00e8res et s\u0153urs d\u2019Afrique<\/strong><\/p>\n\n\n\n<p><strong>Amis d\u2019Afrique dans le monde,<\/strong><\/p>\n\n\n\n<p>Dans ce d\u00e9cor mitig\u00e9, transparaissent&nbsp;&nbsp;tout de m\u00eame des lueurs d\u2019espoir,&nbsp;&nbsp;tant la volont\u00e9 de vaincre la fatalit\u00e9 est grande et les moyens de briser le cercle de la d\u00e9pendance et de la pauvret\u00e9 sont significatifs. Des \u00e9volutions positives, des dynamiques nouvelles, des volont\u00e9s farouches, des r\u00e9ussites spectaculaires ne cessent de s\u2019affirmer et de baliser les chemins du futur.<\/p>\n\n\n\n<p>Les organisations r\u00e9gionales se construisent, les projets phares&nbsp;&nbsp;continentaux tels que la ZLECA prennent la bonne direction. L\u2019int\u00e9gration \u00e9conomique du Continent, autre r\u00eave fondateur de nos peuples est d\u00e9sormais \u00e0 port\u00e9e de main. L\u2019\u00e9mergence du&nbsp;&nbsp;Continent est&nbsp;&nbsp;assur\u00e9ment l\u00e0. Pourtant, le v\u0153u ardent des peuples et de la jeunesse africaine notamment,&nbsp;&nbsp;est que le leadership et la gouvernance fassent davantage pour que l\u2019Afrique donne, \u00e0 elle-m\u00eame,&nbsp;&nbsp;le meilleur d\u2019elle-m\u00eame.<ins><\/ins><\/p>\n\n\n\n<p>Une vision plus africaniste de ce leadership,&nbsp;&nbsp;centr\u00e9e sur des objectifs strat\u00e9giques communs et engageants s\u2019impose si nous voulons poursuivre le r\u00eave l\u00e9gitime de notre jeunesse et&nbsp;&nbsp;des p\u00e8res fondateurs.<\/p>\n\n\n\n<p>La r\u00e9forme de l\u2019Union africaine est cens\u00e9e doter la Commission de moyens juridiques et politiques appropri\u00e9s pour \u00eatre cet instrument efficace pour la r\u00e9alisation de nos actions prioritaires dont l\u2019essence est refl\u00e9t\u00e9e dans l\u2019agenda 2063. Notre ambition conjugu\u00e9e avec celle de nos leaders et de centaines de millions d\u2019africains est de marcher avec encore plus de force&nbsp;&nbsp;et de r\u00e9solution vers cet horizon.<\/p>\n\n\n\n<p><strong>Fr\u00e8res et S\u0153urs du Continent,<\/strong><\/p>\n\n\n\n<p>La pand\u00e9mie du Coronavirus qui secoue en ce moment le monde comme il l\u2019a rarement \u00e9t\u00e9, a bris\u00e9 des certitudes, affect\u00e9 des assurances, relativis\u00e9 bien des croyances. Jamais l\u2019humanit\u00e9 n\u2019a paru si fragile et si d\u00e9munie. Il est peut \u00eatre venu pour elle le temps de s\u2019interroger&nbsp;&nbsp;sur&nbsp;&nbsp;ses vanit\u00e9s, ses limites afin de penser autrement la civilisation de l\u2019universel.<\/p>\n\n\n\n<p>L\u2019Afrique, \u00e0 la grande surprise de ceux qui l\u2019on toujours peu consid\u00e9r\u00e9e, s\u2019est mobilis\u00e9e aux premi\u00e8res heures du d\u00e9clenchement de la pand\u00e9mie. Une strat\u00e9gie&nbsp;&nbsp;continentale de r\u00e9ponse a \u00e9t\u00e9 \u00e9labor\u00e9e et imm\u00e9diatement mise en \u0153uvre.<ins><\/ins><\/p>\n\n\n\n<p>Je voudrais rendre un hommage m\u00e9rit\u00e9&nbsp;&nbsp;aux organes sp\u00e9cialis\u00e9s de l\u2019Union qui sont en charge de cette mise en \u0153uvre ainsi qu\u2019au Pr\u00e9sident en exercice de notre Union, son Excellence Cyril Ramaphosa, pour les initiatives pertinentes prises, \u00e0 tous nos Etats qui ont, dans une remarquable promptitude pris les mesures appropri\u00e9es en harmonie avec la strat\u00e9gie continentale.<\/p>\n\n\n\n<p>Nous devons cependant redoubler d\u2019efforts, de d\u00e9termination et de pers\u00e9v\u00e9rance dans l\u2019application stricte des piliers de cette strat\u00e9gie. Il nous faut aller au-del\u00e0 de la conjoncture,&nbsp;&nbsp;en nous pr\u00e9parant aux conditions du monde post pand\u00e9mie.<\/p>\n\n\n\n<p>L\u2019Afrique est instamment interpel\u00e9e \u00e0 inventer de nouvelles formes de r\u00e9silience. Dans un monde o\u00f9 le multilat\u00e9ralisme est soumis \u00e0 rude \u00e9preuve, l\u2019Afrique doit cesser d\u2019attendre son salut des autres. L\u2019Afrique ne peut plus se complaire dans ce r\u00f4le d\u2019\u00e9ternel r\u00e9servoir pour les uns, de d\u00e9potoir pour les autres.<\/p>\n\n\n\n<p>L\u2019Afrique est instamment interpell\u00e9e pour tracer sa propre voie. Sa d\u00e9pendance et son ins\u00e9curit\u00e9 alimentaires sont inadmissibles et intol\u00e9rables\u00a0; de m\u00eame qu\u2019il en est de l\u2019\u00e9tat de ses infrastructures routi\u00e8res, portuaires, sanitaires et \u00e9ducatives. Ses terres, ses for\u00eats, sa richesse animali\u00e8re, ses mines, ses potentiels \u00e9nerg\u00e9tiques, ses eaux maritimes et fluviales rec\u00e8lent les ressources n\u00e9cessaires pour une r\u00e9ponse suffisante aux besoins de ses populations. Il nous faut, en toute lucidit\u00e9, courageusement, nous d\u00e9cider pour une approche innovante, plus introvertie qu\u2019extravertie. Vivons de ce que nous avons, par ce que nous avons; vivons aux dimensions de ce que nous avons\u00a0!<\/p>\n\n\n\n<p>En nous engageant dans cette voie, nos dirigeants seront plus proches de nos citoyens, nos Etats nationaux seront plus forts. Ce mouvement d\u2019introversion et d\u2019appui sur nos propres forces,&nbsp;&nbsp;je le vois comme un catalyseur d\u2019une nouvelle renaissance de nos Etats nationaux. C\u2019est dans l\u2019\u00e9preuve que les Nations et les Etats se construisent vraiment. Nous sommes aujourd\u2019hui dans ce moment de l\u2019histoire. La grande question que nous rappelle cette pand\u00e9mie de Covid 19, avec une voix assommante, est cette imp\u00e9rieuse n\u00e9cessit\u00e9 de rompre cette d\u00e9pendance de l\u2019ext\u00e9rieur par le double imp\u00e9ratif de vivre de nos propres ressources et de nous orienter hardiment vers la voix de notre propre industrialisation. Des ensembles moins nantis&nbsp;que nous l\u2019ont r\u00e9ussi dans des temps record.<ins><\/ins><\/p>\n\n\n\n<p>J\u2019invite avec empressement les femmes, la jeunesse, les intellectuels, les acad\u00e9miciens, les universitaires&nbsp;&nbsp;les hommes politiques, les hommes d\u2019affaires et les vaillants militants de la soci\u00e9t\u00e9 civile \u00e0 engager une r\u00e9flexion f\u00e9conde et active sur cette question centrale pour notre survie mat\u00e9rielle, notre ind\u00e9pendance, notre&nbsp;&nbsp;libert\u00e9 et notre dignit\u00e9.<\/p>\n\n\n\n<p>La seule fa\u00e7on de contenir Covid 19 et ses cons\u00e9quences d\u00e9sastreuses, d\u2019assurer notre suffisance alimentaire, de cr\u00e9er des millions d\u2019emplois, de sauver les centaines de millions de nos citoyens aujourd\u2019hui gravement expos\u00e9s aux pand\u00e9mies et aux al\u00e9as de toutes sortes, est celle d\u2019un vrai sursaut solidaire pour une r\u00e9elle r\u00e9silience africaine forte et durable.<\/p>\n\n\n\n<p>Il n\u2019y a pas plus honorable c\u00e9l\u00e9bration de la journ\u00e9e de l\u2019Afrique que d\u2019engager cette entreprise intellectuelle, morale et politique, indispensable pour une v\u00e9ritable renaissance de notre cher Continent.<\/p>\n\n\n\n<p>Que Dieu b\u00e9nisse l\u2019Afrique.<\/p>\n","protected":false},"excerpt":{"rendered":"<p>Fr\u00e8res et s\u0153urs Africains, Nous comm\u00e9morons aujourd\u2019hui la cr\u00e9ation, le 25 Mai 1963 ici m\u00eame \u00e0 Addis-Abeba, de l\u2019Organisation de l\u2019Unit\u00e9 Africaine. Il y a exactement 57 ans, jour pour jour. Cette date, consid\u00e9r\u00e9e comme la journ\u00e9e mondiale de l\u2019Afrique, est, comme toutes les f\u00eates d\u2019envergure, un moment de joie, de fiert\u00e9 mais aussi de [&hellip;]<\/p>\n","protected":false},"author":2,"featured_media":20088,"comment_status":"open","ping_status":"open","sticky":false,"template":"","format":"standard","meta":{"footnotes":""},"categories":[42],"tags":[530,477,3678,3677],"class_list":["post-20087","post","type-post","status-publish","format-standard","has-post-thumbnail","hentry","category-afrique","tag-discours","tag-journee","tag-moussa-faki","tag-unon-africaine"],"_links":{"self":[{"href":"http:\/\/www.friaguinee.net\/index.php\/wp-json\/wp\/v2\/posts\/20087","targetHints":{"allow":["GET"]}}],"collection":[{"href":"http:\/\/www.friaguinee.net\/index.php\/wp-json\/wp\/v2\/posts"}],"about":[{"href":"http:\/\/www.friaguinee.net\/index.php\/wp-json\/wp\/v2\/types\/post"}],"author":[{"embeddable":true,"href":"http:\/\/www.friaguinee.net\/index.php\/wp-json\/wp\/v2\/users\/2"}],"replies":[{"embeddable":true,"href":"http:\/\/www.friaguinee.net\/index.php\/wp-json\/wp\/v2\/comments?post=20087"}],"version-history":[{"count":1,"href":"http:\/\/www.friaguinee.net\/index.php\/wp-json\/wp\/v2\/posts\/20087\/revisions"}],"predecessor-version":[{"id":20089,"href":"http:\/\/www.friaguinee.net\/index.php\/wp-json\/wp\/v2\/posts\/20087\/revisions\/20089"}],"wp:featuredmedia":[{"embeddable":true,"href":"http:\/\/www.friaguinee.net\/index.php\/wp-json\/wp\/v2\/media\/20088"}],"wp:attachment":[{"href":"http:\/\/www.friaguinee.net\/index.php\/wp-json\/wp\/v2\/media?parent=20087"}],"wp:term":[{"taxonomy":"category","embeddable":true,"href":"http:\/\/www.friaguinee.net\/index.php\/wp-json\/wp\/v2\/categories?post=20087"},{"taxonomy":"post_tag","embeddable":true,"href":"http:\/\/www.friaguinee.net\/index.php\/wp-json\/wp\/v2\/tags?post=20087"}],"curies":[{"name":"wp","href":"https:\/\/api.w.org\/{rel}","templated":true}]}}