{"id":19492,"date":"2020-05-14T12:08:56","date_gmt":"2020-05-14T12:08:56","guid":{"rendered":"http:\/\/www.friaguinee.net\/?p=19492"},"modified":"2020-05-14T12:09:01","modified_gmt":"2020-05-14T12:09:01","slug":"guinee-deces-dhenriette-conte-elle-apparaissait-comme-une-colombe-declare-justin-morel-junior","status":"publish","type":"post","link":"http:\/\/www.friaguinee.net\/index.php\/2020\/05\/14\/guinee-deces-dhenriette-conte-elle-apparaissait-comme-une-colombe-declare-justin-morel-junior\/","title":{"rendered":"Guin\u00e9e\/D\u00e9c\u00e8s d&rsquo;Henriette Cont\u00e9: \u00ab\u00a0Elle apparaissait comme une colombe\u00a0\u00bb d\u00e9clare Justin Morel Junior"},"content":{"rendered":"\n<p>Foudroy\u00e9e par une crise cardiaque tra\u00eetresse, l\u2019ex-Premi\u00e8re Dame de la r\u00e9publique, Madame Henriette Cont\u00e9 a rendu l\u2019\u00e2me dans la soir\u00e9e de ce 12 mai 2020. Reconnue comme une femme affable, discr\u00e8te et sensible aux causes justes, elle est rest\u00e9e fid\u00e8le \u00e0 l\u2019image d\u2019une citoyenne mod\u00e8le.<\/p>\n\n\n\n<p>Aux c\u00f4t\u00e9s de Lansana Cont\u00e9, elle apparaissait telle une colombe, portant le message de la paix et de l\u2019amour d\u2019autrui. Durant les \u00e9v\u00e9nements de janvier, f\u00e9vrier et mars 2007, son r\u00f4le d\u2019\u00e9g\u00e9rie efficace appara\u00eetra au grand jour, en apportant son soutien naturel \u00e0 leur lutte aupr\u00e8s de son illustre \u00e9poux, avec la d\u00e9cence et la d\u00e9licatesse utiles en ces circonstances. Les syndicalistes en t\u00e9moigneront, Rabiatou S\u00e9rah Diallo, avant tous les autres.<\/p>\n\n\n\n<p>Que son \u00e2me repose en paix, Mama Henriette Cont\u00e9 ! Amen.<\/p>\n\n\n\n<h5 class=\"wp-block-heading\"><strong>Justin Morel J<\/strong>unior<\/h5>\n","protected":false},"excerpt":{"rendered":"<p>Foudroy\u00e9e par une crise cardiaque tra\u00eetresse, l\u2019ex-Premi\u00e8re Dame de la r\u00e9publique, Madame Henriette Cont\u00e9 a rendu l\u2019\u00e2me dans la soir\u00e9e de ce 12 mai 2020. Reconnue comme une femme affable, discr\u00e8te et sensible aux causes justes, elle est rest\u00e9e fid\u00e8le \u00e0 l\u2019image d\u2019une citoyenne mod\u00e8le. Aux c\u00f4t\u00e9s de Lansana Cont\u00e9, elle apparaissait telle une colombe, [&hellip;]<\/p>\n","protected":false},"author":2,"featured_media":19493,"comment_status":"open","ping_status":"open","sticky":false,"template":"","format":"standard","meta":{"footnotes":""},"categories":[153],"tags":[3427,1928,3384,1330,3426,1305],"class_list":["post-19492","post","type-post","status-publish","format-standard","has-post-thumbnail","hentry","category-opinion","tag-colombe","tag-deces","tag-henriette-conte","tag-hommage","tag-jmj","tag-justin-morel"],"_links":{"self":[{"href":"http:\/\/www.friaguinee.net\/index.php\/wp-json\/wp\/v2\/posts\/19492","targetHints":{"allow":["GET"]}}],"collection":[{"href":"http:\/\/www.friaguinee.net\/index.php\/wp-json\/wp\/v2\/posts"}],"about":[{"href":"http:\/\/www.friaguinee.net\/index.php\/wp-json\/wp\/v2\/types\/post"}],"author":[{"embeddable":true,"href":"http:\/\/www.friaguinee.net\/index.php\/wp-json\/wp\/v2\/users\/2"}],"replies":[{"embeddable":true,"href":"http:\/\/www.friaguinee.net\/index.php\/wp-json\/wp\/v2\/comments?post=19492"}],"version-history":[{"count":2,"href":"http:\/\/www.friaguinee.net\/index.php\/wp-json\/wp\/v2\/posts\/19492\/revisions"}],"predecessor-version":[{"id":19495,"href":"http:\/\/www.friaguinee.net\/index.php\/wp-json\/wp\/v2\/posts\/19492\/revisions\/19495"}],"wp:featuredmedia":[{"embeddable":true,"href":"http:\/\/www.friaguinee.net\/index.php\/wp-json\/wp\/v2\/media\/19493"}],"wp:attachment":[{"href":"http:\/\/www.friaguinee.net\/index.php\/wp-json\/wp\/v2\/media?parent=19492"}],"wp:term":[{"taxonomy":"category","embeddable":true,"href":"http:\/\/www.friaguinee.net\/index.php\/wp-json\/wp\/v2\/categories?post=19492"},{"taxonomy":"post_tag","embeddable":true,"href":"http:\/\/www.friaguinee.net\/index.php\/wp-json\/wp\/v2\/tags?post=19492"}],"curies":[{"name":"wp","href":"https:\/\/api.w.org\/{rel}","templated":true}]}}