{"id":19397,"date":"2020-05-12T21:55:41","date_gmt":"2020-05-12T21:55:41","guid":{"rendered":"http:\/\/www.friaguinee.net\/?p=19397"},"modified":"2020-05-13T10:55:01","modified_gmt":"2020-05-13T10:55:01","slug":"urgent-lex-premiere-dame-henriette-conte-est-decedee","status":"publish","type":"post","link":"http:\/\/www.friaguinee.net\/index.php\/2020\/05\/12\/urgent-lex-premiere-dame-henriette-conte-est-decedee\/","title":{"rendered":"Urgent: l&rsquo;ex Premi\u00e8re Dame, Henriette Cont\u00e9 est d\u00e9c\u00e9d\u00e9e"},"content":{"rendered":"\n<p>Nous venons de l&rsquo;apprendre ! L&rsquo;ancienne premi\u00e8re dame Henriette Cont\u00e9 a tir\u00e9 sa r\u00e9v\u00e9rence ce mardi 12 mai 2020.<\/p>\n\n\n\n<p>La nouvelle nous a \u00e9t\u00e9 donn\u00e9e par un proche de la famille.<\/p>\n\n\n\n<p>\u00ab\u00a0<em style=\"\"><span><b>Mamie est d\u00e9c\u00e9d\u00e9e cette nuit. Elle \u00e9tait un peu souffrante ces derniers temps et \u00e9tait suivie par un m\u00e9decin \u00e0 la maison. Elle n&rsquo;\u00e9tait pas couch\u00e9e quand <\/b><\/span><b>m\u00eame, mais ce soir, apr\u00e8s une r\u00e9union elle a eu fort malaise, quelques heures apr\u00e8s, elle a rendu <\/b><\/em><strong><em>l\u2019\u00e2me vers 20 heures\u00a0\u00bb<\/em><\/strong> nous a confi\u00e9 M.K, un proche de la famille.<\/p>\n\n\n\n<p>Henriette Cont\u00e9 \u00e9tait l&rsquo;\u00e9pouse de feu G\u00e9n\u00e9ral Lansana Cont\u00e9, Pr\u00e9sident de la R\u00e9publique de Guin\u00e9e de 1984 \u00e0 2008.<\/p>\n","protected":false},"excerpt":{"rendered":"<p>Nous venons de l&rsquo;apprendre ! L&rsquo;ancienne premi\u00e8re dame Henriette Cont\u00e9 a tir\u00e9 sa r\u00e9v\u00e9rence ce mardi 12 mai 2020. La nouvelle nous a \u00e9t\u00e9 donn\u00e9e par un proche de la famille. \u00ab\u00a0Mamie est d\u00e9c\u00e9d\u00e9e cette nuit. Elle \u00e9tait un peu souffrante ces derniers temps et \u00e9tait suivie par un m\u00e9decin \u00e0 la maison. Elle n&rsquo;\u00e9tait [&hellip;]<\/p>\n","protected":false},"author":2,"featured_media":19399,"comment_status":"open","ping_status":"open","sticky":false,"template":"","format":"standard","meta":{"footnotes":""},"categories":[151],"tags":[1928,3384,3385],"class_list":["post-19397","post","type-post","status-publish","format-standard","has-post-thumbnail","hentry","category-necrologie","tag-deces","tag-henriette-conte","tag-premiere-dame"],"_links":{"self":[{"href":"http:\/\/www.friaguinee.net\/index.php\/wp-json\/wp\/v2\/posts\/19397","targetHints":{"allow":["GET"]}}],"collection":[{"href":"http:\/\/www.friaguinee.net\/index.php\/wp-json\/wp\/v2\/posts"}],"about":[{"href":"http:\/\/www.friaguinee.net\/index.php\/wp-json\/wp\/v2\/types\/post"}],"author":[{"embeddable":true,"href":"http:\/\/www.friaguinee.net\/index.php\/wp-json\/wp\/v2\/users\/2"}],"replies":[{"embeddable":true,"href":"http:\/\/www.friaguinee.net\/index.php\/wp-json\/wp\/v2\/comments?post=19397"}],"version-history":[{"count":4,"href":"http:\/\/www.friaguinee.net\/index.php\/wp-json\/wp\/v2\/posts\/19397\/revisions"}],"predecessor-version":[{"id":19428,"href":"http:\/\/www.friaguinee.net\/index.php\/wp-json\/wp\/v2\/posts\/19397\/revisions\/19428"}],"wp:featuredmedia":[{"embeddable":true,"href":"http:\/\/www.friaguinee.net\/index.php\/wp-json\/wp\/v2\/media\/19399"}],"wp:attachment":[{"href":"http:\/\/www.friaguinee.net\/index.php\/wp-json\/wp\/v2\/media?parent=19397"}],"wp:term":[{"taxonomy":"category","embeddable":true,"href":"http:\/\/www.friaguinee.net\/index.php\/wp-json\/wp\/v2\/categories?post=19397"},{"taxonomy":"post_tag","embeddable":true,"href":"http:\/\/www.friaguinee.net\/index.php\/wp-json\/wp\/v2\/tags?post=19397"}],"curies":[{"name":"wp","href":"https:\/\/api.w.org\/{rel}","templated":true}]}}