{"id":18666,"date":"2020-04-30T17:04:27","date_gmt":"2020-04-30T17:04:27","guid":{"rendered":"http:\/\/www.friaguinee.net\/?p=18666"},"modified":"2020-04-30T17:04:29","modified_gmt":"2020-04-30T17:04:29","slug":"angola-covid-19-depuis-le-27-mars-le-pays-a-enregistre-27-cas-confirmes","status":"publish","type":"post","link":"http:\/\/www.friaguinee.net\/index.php\/2020\/04\/30\/angola-covid-19-depuis-le-27-mars-le-pays-a-enregistre-27-cas-confirmes\/","title":{"rendered":"Angola\/Covid-19: depuis le 27 mars, le pays a enregistr\u00e9 27 cas confirm\u00e9s"},"content":{"rendered":"\n<p>D\u00e8s l&rsquo;annonce de la pr\u00e9sence de la pand\u00e9mie Covid-19 dans certains pays europ\u00e9ens, le gouvernement angolais a pris des dispositions en mettant toutes les personnes venant de la Chine et des pays europ\u00e9ens notamment le Portugal, en quarantaine. <\/p>\n\n\n\n<p>Un d\u00e9pistage effectu\u00e9 sur ces personnes a permis de d\u00e9tecter des cas confirm\u00e9s de Covid-19 depuis le 17 mars 2020.<\/p>\n\n\n\n<p>C&rsquo;est seulement ce lundi 27 mars que le pays a enregistr\u00e9 ses premi\u00e8res contaminations communautaires impliquant des membres d&rsquo;une m\u00eame famille. <\/p>\n\n\n\n<p><br> Il s&rsquo;agit, selon le secr\u00e9taire d&rsquo;\u00c9tat \u00e0 la Sant\u00e9 publique, Franco Mufinda, qui s&rsquo;exprimait lors de la conf\u00e9rence de presse habituelle pour mettre \u00e0 jour les donn\u00e9es sur la pand\u00e9mie dans le pays, d&rsquo;une jeune fille de 16 ans. Elle est la fille d&rsquo;un patient actif qui est admis dans l&rsquo;un des h\u00f4pitaux sous traitement.<\/p>\n\n\n\n<p> Avec cela, le nombre de personnes infect\u00e9es dans le pays s&rsquo;\u00e9l\u00e8ve \u00e0 27. Et pour y rem\u00e9dier, un total de 256 m\u00e9decins cubains sont arriv\u00e9s t\u00f4t vendredi dans la capitale angolaise, Luanda, pour aider \u00e0 lutter contre le COVID-19.<\/p>\n\n\n\n<p>La ministre a \u00e9galement expliqu\u00e9 que les m\u00e9decins cubains ne resteraient pas seulement dans les h\u00f4pitaux de r\u00e9f\u00e9rence, mais \u00e9galement dans des zones recul\u00e9es, en particulier l\u00e0 o\u00f9 il y avait des cas confirm\u00e9s.<\/p>\n\n\n\n<p> S&rsquo;exprimant \u00e0 l&rsquo;a\u00e9roport international Quatro de Fevereiro, la ministre angolaise de la Sant\u00e9 Silvia Lutucuta, a r\u00e9affirm\u00e9 que les professionnels cubains de la sant\u00e9 seraient r\u00e9partis dans les 164 municipalit\u00e9s du pays en fonction de leurs besoins locaux.<\/p>\n\n\n\n<p>Dans ce pays, en d\u00e9pit de la pauvret\u00e9 des citoyens, ils ont pass\u00e9 un mois de Confinement total , le port obligatoire de masques est aussi respect\u00e9.<\/p>\n\n\n\n<p><strong><em>Barry Mouctar Soubadho depuis l&rsquo;Angola<\/em><\/strong><\/p>\n","protected":false},"excerpt":{"rendered":"<p>D\u00e8s l&rsquo;annonce de la pr\u00e9sence de la pand\u00e9mie Covid-19 dans certains pays europ\u00e9ens, le gouvernement angolais a pris des dispositions en mettant toutes les personnes venant de la Chine et des pays europ\u00e9ens notamment le Portugal, en quarantaine. Un d\u00e9pistage effectu\u00e9 sur ces personnes a permis de d\u00e9tecter des cas confirm\u00e9s de Covid-19 depuis le [&hellip;]<\/p>\n","protected":false},"author":2,"featured_media":18670,"comment_status":"open","ping_status":"open","sticky":false,"template":"","format":"standard","meta":{"footnotes":""},"categories":[42],"tags":[],"class_list":["post-18666","post","type-post","status-publish","format-standard","has-post-thumbnail","hentry","category-afrique"],"_links":{"self":[{"href":"http:\/\/www.friaguinee.net\/index.php\/wp-json\/wp\/v2\/posts\/18666","targetHints":{"allow":["GET"]}}],"collection":[{"href":"http:\/\/www.friaguinee.net\/index.php\/wp-json\/wp\/v2\/posts"}],"about":[{"href":"http:\/\/www.friaguinee.net\/index.php\/wp-json\/wp\/v2\/types\/post"}],"author":[{"embeddable":true,"href":"http:\/\/www.friaguinee.net\/index.php\/wp-json\/wp\/v2\/users\/2"}],"replies":[{"embeddable":true,"href":"http:\/\/www.friaguinee.net\/index.php\/wp-json\/wp\/v2\/comments?post=18666"}],"version-history":[{"count":1,"href":"http:\/\/www.friaguinee.net\/index.php\/wp-json\/wp\/v2\/posts\/18666\/revisions"}],"predecessor-version":[{"id":18668,"href":"http:\/\/www.friaguinee.net\/index.php\/wp-json\/wp\/v2\/posts\/18666\/revisions\/18668"}],"wp:featuredmedia":[{"embeddable":true,"href":"http:\/\/www.friaguinee.net\/index.php\/wp-json\/wp\/v2\/media\/18670"}],"wp:attachment":[{"href":"http:\/\/www.friaguinee.net\/index.php\/wp-json\/wp\/v2\/media?parent=18666"}],"wp:term":[{"taxonomy":"category","embeddable":true,"href":"http:\/\/www.friaguinee.net\/index.php\/wp-json\/wp\/v2\/categories?post=18666"},{"taxonomy":"post_tag","embeddable":true,"href":"http:\/\/www.friaguinee.net\/index.php\/wp-json\/wp\/v2\/tags?post=18666"}],"curies":[{"name":"wp","href":"https:\/\/api.w.org\/{rel}","templated":true}]}}