{"id":1855,"date":"2018-02-25T12:22:20","date_gmt":"2018-02-25T12:22:20","guid":{"rendered":"http:\/\/www.friaguinee.net\/?p=1855"},"modified":"2018-02-27T10:42:50","modified_gmt":"2018-02-27T10:42:50","slug":"labe-tenue-dune-conference-limmigration","status":"publish","type":"post","link":"http:\/\/www.friaguinee.net\/index.php\/2018\/02\/25\/labe-tenue-dune-conference-limmigration\/","title":{"rendered":"Lab\u00e9: tenue d&rsquo;une conf\u00e9rence sur l&rsquo;immigration"},"content":{"rendered":"<p style=\"text-align: justify;\">Une conf\u00e9rence d\u00e9bat a eu lieu ce vendredi 23 f\u00e9vrier 2018 \u00e0 l\u2019Universit\u00e9 de Lab\u00e9 sous le th\u00e8me <strong>\u00ab\u00a0<span class=\"_5yl5\">Immigration clandestine : comprendre les risques du parcours et les difficult\u00e9s de l\u2019insertion<\/span> \u00bb<\/strong>. La rencontre a mobilis\u00e9 autorit\u00e9s pr\u00e9fectorales, r\u00e9gionales, universitaires, professeurs, \u00e9tudiants, partenaires et responsables de l\u2019organisation internationale de la migration.<\/p>\n<p style=\"text-align: justify;\">R\u00e9unis dans la salle de l\u2019amphith\u00e9\u00e2tre de l\u2019universit\u00e9, les conf\u00e9renciers Deniz Karakuz et Mohamed Dougouno ont explicit\u00e9 de bout en bout les questions qui tournent autour de l\u2019immigration irr\u00e9guli\u00e8re ou clandestine.<\/p>\n<p style=\"text-align: justify;\">Dans son intervention, Mohamed Dougouno de l\u2019OIM a r\u00e9v\u00e9l\u00e9 qu\u2019en 2017, quelque 258 millions de migrants ont \u00e9t\u00e9 enregistr\u00e9s \u00e0 travers le monde, soit 3,4% de la population mondiale dont 48% de femmes et 52% d\u2019hommes.<\/p>\n<p style=\"text-align: justify;\">Entre 2000 \u00e0 2017, le nombre de migrants internationaux a connu une augmentation de 49%. Sur ce chiffre, les migrants africains repr\u00e9sentaient 68%. Pour les migrants d\u2019origine guin\u00e9enne, les pays de transit sont autres : le S\u00e9n\u00e9gal, le Niger, la Libye, le Maroc\u2026<\/p>\n<p style=\"text-align: justify;\">En 2015, pr\u00e8s d\u2019un million de migrants sont arriv\u00e9s en Europe (y compris des r\u00e9fugi\u00e9s syriens) et plus de 3 771 d\u00e9c\u00e8s ont \u00e9t\u00e9 enregistr\u00e9s lors de la travers\u00e9e de la M\u00e9diterran\u00e9e dans la m\u00eame ann\u00e9e. Mohamed Dougouno a \u00e9galement d\u00e9clar\u00e9 que le co\u00fbt moyen de l\u2019immigration irr\u00e9guli\u00e8re est de 3 000 euros, soit 30 millions de francs guin\u00e9ens par personne. Selon les statistiques fournies par l\u2019ONU, l\u2019Afrique de l\u2019Ouest est le principal bassin d\u2019immigration du continent avec 7,2 millions d\u2019immigr\u00e9s.<\/p>\n<p>Parlant des causes de l\u2019immigration ill\u00e9gale, les conf\u00e9renciers ont signal\u00e9\u00a0 l\u2019\u00ab internationalisation \u00bb des migrations africaines. Jusqu\u2019\u00e0 peu, ont-ils r\u00e9v\u00e9l\u00e9,\u00a0 la dynamique \u00e9tait tourn\u00e9e vers les pays de la r\u00e9gion ou d\u2019Afrique : <strong>C\u00f4te d\u2019Ivoire, S\u00e9n\u00e9gal, Ghana, Nig\u00e9ria, RDC (ex Za\u00efre).<\/strong> Mais selon les sp\u00e9cialistes, deux facteurs expliquent ce changement de paradigme : d\u2019une part des facteurs internes \u00e0 l\u2019Afrique et notamment aux traditionnels pays d\u2019accueil : ch\u00f4mage, pression d\u00e9mographique, crises politiques (les guerres en C\u00f4te d\u2019Ivoire, en RDC, etc.), baisse des cours mondiaux de mati\u00e8res premi\u00e8res dont d\u00e9pendaient ces pays d\u2019accueil.<\/p>\n<p style=\"text-align: justify;\">D\u2019autre part, des facteurs propres aux r\u00e9gions d\u2019accueil, en particulier l\u2019Europe : la chute du mur de Berlin a \u00e9t\u00e9 suivie de l\u2019ouverture de l\u2019Union europ\u00e9enne aux pays appartenant \u00e0 l\u2019ex bloc sovi\u00e9tique. Ce qui s\u2019est traduit par une porosit\u00e9 des fronti\u00e8res dont les r\u00e9seaux des passeurs ont grandement profit\u00e9. Il y a aussi les politiques de r\u00e9gularisation des migrants en situation irr\u00e9guli\u00e8re dans certains pays europ\u00e9ens. C\u2019est le cas de l\u2019Espagne au milieu des ann\u00e9es 2000. Cette situation a constitu\u00e9 un appel d\u2019air vers ces pays. L\u2019ensemble de ces facteurs explique en partie le d\u00e9tournement des migrants africains des bassins traditionnels d\u2019accueil au profit d\u2019autres destinations comme l\u2019Europe.<\/p>\n<p style=\"text-align: justify;\">En ce qui concerne les cons\u00e9quences de l\u2019immigration clandestine, les conf\u00e9renciers ont soulign\u00e9 le trafic des migrants, la mort, la maladie, la bastonnade, l\u2019emprisonnement, le travail forc\u00e9, le viol, le d\u00e9pouillement des biens de valeurs, etc.<\/p>\n<p style=\"text-align: justify;\">Il faut noter que des centaines de jeunes guin\u00e9ens migrants, bloqu\u00e9s en Libye et en Alg\u00e9rie, ont \u00e9t\u00e9 ramen\u00e9s au pays gr\u00e2ce \u00e0 l\u2019implication de l\u2019OIM, ces derniers mois. Mais malgr\u00e9 l\u2019implication des institutions internationales en lutte contre le ph\u00e9nom\u00e8ne et les organismes gouvernementaux, certains jeunes tentent toujours de joindre l\u2019Europe qu\u2019ils consid\u00e8rent comme un eldorado.<\/p>\n<p><b>Mamadou Sa\u00efdou Diallo \u2014 Foutanews<\/b><\/p>\n","protected":false},"excerpt":{"rendered":"<p>Une conf\u00e9rence d\u00e9bat a eu lieu ce vendredi 23 f\u00e9vrier 2018 \u00e0 l\u2019Universit\u00e9 de Lab\u00e9 sous le th\u00e8me \u00ab\u00a0Immigration clandestine : comprendre les risques du parcours et les difficult\u00e9s de l\u2019insertion \u00bb. La rencontre a mobilis\u00e9 autorit\u00e9s pr\u00e9fectorales, r\u00e9gionales, universitaires, professeurs, \u00e9tudiants, partenaires et responsables de l\u2019organisation internationale de la migration. R\u00e9unis dans la salle [&hellip;]<\/p>\n","protected":false},"author":2,"featured_media":1856,"comment_status":"open","ping_status":"open","sticky":false,"template":"","format":"standard","meta":{"footnotes":""},"categories":[2,42],"tags":[],"class_list":["post-1855","post","type-post","status-publish","format-standard","has-post-thumbnail","hentry","category-actualites","category-afrique"],"_links":{"self":[{"href":"http:\/\/www.friaguinee.net\/index.php\/wp-json\/wp\/v2\/posts\/1855","targetHints":{"allow":["GET"]}}],"collection":[{"href":"http:\/\/www.friaguinee.net\/index.php\/wp-json\/wp\/v2\/posts"}],"about":[{"href":"http:\/\/www.friaguinee.net\/index.php\/wp-json\/wp\/v2\/types\/post"}],"author":[{"embeddable":true,"href":"http:\/\/www.friaguinee.net\/index.php\/wp-json\/wp\/v2\/users\/2"}],"replies":[{"embeddable":true,"href":"http:\/\/www.friaguinee.net\/index.php\/wp-json\/wp\/v2\/comments?post=1855"}],"version-history":[{"count":3,"href":"http:\/\/www.friaguinee.net\/index.php\/wp-json\/wp\/v2\/posts\/1855\/revisions"}],"predecessor-version":[{"id":1898,"href":"http:\/\/www.friaguinee.net\/index.php\/wp-json\/wp\/v2\/posts\/1855\/revisions\/1898"}],"wp:featuredmedia":[{"embeddable":true,"href":"http:\/\/www.friaguinee.net\/index.php\/wp-json\/wp\/v2\/media\/1856"}],"wp:attachment":[{"href":"http:\/\/www.friaguinee.net\/index.php\/wp-json\/wp\/v2\/media?parent=1855"}],"wp:term":[{"taxonomy":"category","embeddable":true,"href":"http:\/\/www.friaguinee.net\/index.php\/wp-json\/wp\/v2\/categories?post=1855"},{"taxonomy":"post_tag","embeddable":true,"href":"http:\/\/www.friaguinee.net\/index.php\/wp-json\/wp\/v2\/tags?post=1855"}],"curies":[{"name":"wp","href":"https:\/\/api.w.org\/{rel}","templated":true}]}}