{"id":18354,"date":"2020-04-25T17:13:28","date_gmt":"2020-04-25T17:13:28","guid":{"rendered":"http:\/\/www.friaguinee.net\/?p=18354"},"modified":"2020-04-25T17:13:30","modified_gmt":"2020-04-25T17:13:30","slug":"guinee-deces-de-hadja-kade-diawara-voici-le-programme-de-ses-obseques","status":"publish","type":"post","link":"http:\/\/www.friaguinee.net\/index.php\/2020\/04\/25\/guinee-deces-de-hadja-kade-diawara-voici-le-programme-de-ses-obseques\/","title":{"rendered":"Guin\u00e9e\/D\u00e9c\u00e8s de Hadja Kad\u00e9 Diawara: voici le programme de ses obs\u00e8ques"},"content":{"rendered":"\n<p>D\u00e9c\u00e9d\u00e9e hier vendredi 24 avril, la c\u00e9l\u00e8bre cantatrice Hadja Kad\u00e9 Diawara, va rejoindre sa derni\u00e8re demeure demain dimanche 26 avril 2020.<\/p>\n\n\n\n<p>Dans un communiqu\u00e9 qu minist\u00e8re de la culture, il est indiqu\u00e9 que la lev\u00e9e du corps aurai lieu \u00e0 10 heures \u00e0 l&rsquo;h\u00f4pital sino-guin\u00e9en dans la plus grande intimit\u00e9 en raison de l&rsquo;urgence sanitaire. L&rsquo;enterrement aura lieu ensuite, au cimeti\u00e8re de Cameroun le m\u00eame jour.<\/p>\n\n\n\n<p><strong>Ci-dessous le communiqu\u00e9 du minist\u00e8re de la culture et du patrimoine historique <\/strong><\/p>\n\n\n\n<figure class=\"wp-block-image\"><img loading=\"lazy\" decoding=\"async\" width=\"720\" height=\"1012\" src=\"http:\/\/www.friaguinee.net\/wp-content\/uploads\/2020\/04\/20200425_165209.jpg\" alt=\"\" class=\"wp-image-18355\" srcset=\"http:\/\/www.friaguinee.net\/wp-content\/uploads\/2020\/04\/20200425_165209.jpg 720w, http:\/\/www.friaguinee.net\/wp-content\/uploads\/2020\/04\/20200425_165209-213x300.jpg 213w, http:\/\/www.friaguinee.net\/wp-content\/uploads\/2020\/04\/20200425_165209-696x978.jpg 696w, http:\/\/www.friaguinee.net\/wp-content\/uploads\/2020\/04\/20200425_165209-299x420.jpg 299w\" sizes=\"auto, (max-width: 720px) 100vw, 720px\" \/><\/figure>\n","protected":false},"excerpt":{"rendered":"<p>D\u00e9c\u00e9d\u00e9e hier vendredi 24 avril, la c\u00e9l\u00e8bre cantatrice Hadja Kad\u00e9 Diawara, va rejoindre sa derni\u00e8re demeure demain dimanche 26 avril 2020. Dans un communiqu\u00e9 qu minist\u00e8re de la culture, il est indiqu\u00e9 que la lev\u00e9e du corps aurai lieu \u00e0 10 heures \u00e0 l&rsquo;h\u00f4pital sino-guin\u00e9en dans la plus grande intimit\u00e9 en raison de l&rsquo;urgence sanitaire. [&hellip;]<\/p>\n","protected":false},"author":2,"featured_media":18356,"comment_status":"open","ping_status":"open","sticky":false,"template":"","format":"standard","meta":{"footnotes":""},"categories":[151],"tags":[1928,148,3036,3037,1563],"class_list":["post-18354","post","type-post","status-publish","format-standard","has-post-thumbnail","hentry","category-necrologie","tag-deces","tag-guinee","tag-hadja-kade-diawara","tag-obseques","tag-programme"],"_links":{"self":[{"href":"http:\/\/www.friaguinee.net\/index.php\/wp-json\/wp\/v2\/posts\/18354","targetHints":{"allow":["GET"]}}],"collection":[{"href":"http:\/\/www.friaguinee.net\/index.php\/wp-json\/wp\/v2\/posts"}],"about":[{"href":"http:\/\/www.friaguinee.net\/index.php\/wp-json\/wp\/v2\/types\/post"}],"author":[{"embeddable":true,"href":"http:\/\/www.friaguinee.net\/index.php\/wp-json\/wp\/v2\/users\/2"}],"replies":[{"embeddable":true,"href":"http:\/\/www.friaguinee.net\/index.php\/wp-json\/wp\/v2\/comments?post=18354"}],"version-history":[{"count":1,"href":"http:\/\/www.friaguinee.net\/index.php\/wp-json\/wp\/v2\/posts\/18354\/revisions"}],"predecessor-version":[{"id":18357,"href":"http:\/\/www.friaguinee.net\/index.php\/wp-json\/wp\/v2\/posts\/18354\/revisions\/18357"}],"wp:featuredmedia":[{"embeddable":true,"href":"http:\/\/www.friaguinee.net\/index.php\/wp-json\/wp\/v2\/media\/18356"}],"wp:attachment":[{"href":"http:\/\/www.friaguinee.net\/index.php\/wp-json\/wp\/v2\/media?parent=18354"}],"wp:term":[{"taxonomy":"category","embeddable":true,"href":"http:\/\/www.friaguinee.net\/index.php\/wp-json\/wp\/v2\/categories?post=18354"},{"taxonomy":"post_tag","embeddable":true,"href":"http:\/\/www.friaguinee.net\/index.php\/wp-json\/wp\/v2\/tags?post=18354"}],"curies":[{"name":"wp","href":"https:\/\/api.w.org\/{rel}","templated":true}]}}