{"id":18212,"date":"2020-04-23T17:22:10","date_gmt":"2020-04-23T17:22:10","guid":{"rendered":"http:\/\/www.friaguinee.net\/?p=18212"},"modified":"2020-04-23T19:05:28","modified_gmt":"2020-04-23T19:05:28","slug":"fria-covid-19-un-cas-contact-malade-sous-surveillance-medicale-dps","status":"publish","type":"post","link":"http:\/\/www.friaguinee.net\/index.php\/2020\/04\/23\/fria-covid-19-un-cas-contact-malade-sous-surveillance-medicale-dps\/","title":{"rendered":"Fria\/Covid-19: un cas contact malade, sous surveillance m\u00e9dicale (DPS)"},"content":{"rendered":"\n<p>Le comit\u00e9 pr\u00e9fectoral charg\u00e9 de la gestion du Covid-19 a rencontr\u00e9 ce jeudi les autorit\u00e9s locales et les hommes de m\u00e9dias pour faire le point sur la situation de la pand\u00e9mie dans le pays et \u00e9galement am\u00e9liorer les dispositions d\u00e9j\u00e0 prises au plan local pour \u00e9viter la maladie.<\/p>\n\n\n\n<p>Au cours de la rencontre qui s&rsquo;est tenue dans la salle de conf\u00e9rence du bloc administratif, les statistiques au plan mondial et national ont \u00e9t\u00e9 rappel\u00e9es avant de revenir sur le respect des mesures pr\u00e9ventives \u00e9dict\u00e9es par le chef de l&rsquo;\u00c9tat principalement le port obligatoire des masques et le couvre-feu.<\/p>\n\n\n\n<p>Apr\u00e8s avoir longuement \u00e9chang\u00e9 sur les difficult\u00e9s que rencontrent les agents des services de s\u00e9curit\u00e9 dans la mise en \u0153uvre de leurs s actions dans le cadre du couvre-feu et du port des masques, le Directeur Pr\u00e9fectoral de la Sant\u00e9 a annonc\u00e9 qu&rsquo;\u00e0 date, aucun cas positif de Covid-19 n&rsquo;a \u00e9t\u00e9 enregistr\u00e9 dans la pr\u00e9fecture, un seul cas contact est sous surveillance au centre de traitement \u00e9pid\u00e9miologique de l&rsquo;h\u00f4pital pr\u00e9fectoral. <\/p>\n\n\n\n<p>Sur les circonstances dans lesquelles il a \u00e9t\u00e9 inform\u00e9 de la pr\u00e9sence de ce cas, Dr Kankalab\u00e9 a salu\u00e9 l&rsquo;esprit de coop\u00e9ration et de vigilance des citoyens.<\/p>\n\n\n\n<p>\u00ab\u00a0<strong><em>Nous l&rsquo;avons su gr\u00e2ce \u00e0 la vigilance de la population qui est tr\u00e8s salutaire. Lorsque nous avons \u00e9t\u00e9 inform\u00e9, nous avons recoup\u00e9 l&rsquo;information, nous avons retrouv\u00e9 son adresse, nous nous sommes rendus \u00e0 son domicile. Il s&rsquo;agit d&rsquo;un homme venu de Conakry qui pr\u00e9sente des signes mais qui nous a montr\u00e9 un document qui lui a \u00e9t\u00e9 d\u00e9livr\u00e9 \u00e0 l&rsquo;h\u00f4pital Donka, attestant qu&rsquo;il est n\u00e9gatif au Covid-19. Puisque nous l&rsquo;avons trouv\u00e9 sous perfusion, il avait de la fi\u00e8vre et toussait, nous avons de mani\u00e8re tr\u00e8s coop\u00e9rative fait comprendre \u00e0 sa maman la n\u00e9cessit\u00e9 de le transporter dans un centre hospitalier pour \u00eatre suivi. Heureusement, ils ont compris, nous l&rsquo;avons amen\u00e9 \u00e0 l&rsquo;h\u00f4pital pr\u00e9fectoral, on l&rsquo;a isol\u00e9 au centre de traitement \u00e9pid\u00e9miologique. Il y est depuis quelques jours, il est sous surveillance m\u00e9dicale. Mais aujourd&rsquo;hui il y a une am\u00e9lioration.  A Donka il a \u00e9t\u00e9 test\u00e9 n\u00e9gatif, ici il est sous surveillance  m\u00e9dicale\u00a0\u00bb<\/em><\/strong> a expliqu\u00e9 le Directeur Pr\u00e9fectoral de la Sant\u00e9. <\/p>\n\n\n\n<p>Quant aux mesures visant \u00e0 faire respecter le port des masques et le couvre-feu, les agents des services de s\u00e9curit\u00e9 ont d\u00e9cid\u00e9 de se retrouver afin de prendre des dispositions plus strictes.<\/p>\n\n\n\n<p><strong>Laouratou Soumah pour friaguinee.net <\/strong><\/p>\n\n\n\n<p><\/p>\n","protected":false},"excerpt":{"rendered":"<p>Le comit\u00e9 pr\u00e9fectoral charg\u00e9 de la gestion du Covid-19 a rencontr\u00e9 ce jeudi les autorit\u00e9s locales et les hommes de m\u00e9dias pour faire le point sur la situation de la pand\u00e9mie dans le pays et \u00e9galement am\u00e9liorer les dispositions d\u00e9j\u00e0 prises au plan local pour \u00e9viter la maladie. Au cours de la rencontre qui s&rsquo;est [&hellip;]<\/p>\n","protected":false},"author":2,"featured_media":18216,"comment_status":"open","ping_status":"open","sticky":false,"template":"","format":"standard","meta":{"footnotes":""},"categories":[1],"tags":[],"class_list":["post-18212","post","type-post","status-publish","format-standard","has-post-thumbnail","hentry","category-non-classe"],"_links":{"self":[{"href":"http:\/\/www.friaguinee.net\/index.php\/wp-json\/wp\/v2\/posts\/18212","targetHints":{"allow":["GET"]}}],"collection":[{"href":"http:\/\/www.friaguinee.net\/index.php\/wp-json\/wp\/v2\/posts"}],"about":[{"href":"http:\/\/www.friaguinee.net\/index.php\/wp-json\/wp\/v2\/types\/post"}],"author":[{"embeddable":true,"href":"http:\/\/www.friaguinee.net\/index.php\/wp-json\/wp\/v2\/users\/2"}],"replies":[{"embeddable":true,"href":"http:\/\/www.friaguinee.net\/index.php\/wp-json\/wp\/v2\/comments?post=18212"}],"version-history":[{"count":4,"href":"http:\/\/www.friaguinee.net\/index.php\/wp-json\/wp\/v2\/posts\/18212\/revisions"}],"predecessor-version":[{"id":18223,"href":"http:\/\/www.friaguinee.net\/index.php\/wp-json\/wp\/v2\/posts\/18212\/revisions\/18223"}],"wp:featuredmedia":[{"embeddable":true,"href":"http:\/\/www.friaguinee.net\/index.php\/wp-json\/wp\/v2\/media\/18216"}],"wp:attachment":[{"href":"http:\/\/www.friaguinee.net\/index.php\/wp-json\/wp\/v2\/media?parent=18212"}],"wp:term":[{"taxonomy":"category","embeddable":true,"href":"http:\/\/www.friaguinee.net\/index.php\/wp-json\/wp\/v2\/categories?post=18212"},{"taxonomy":"post_tag","embeddable":true,"href":"http:\/\/www.friaguinee.net\/index.php\/wp-json\/wp\/v2\/tags?post=18212"}],"curies":[{"name":"wp","href":"https:\/\/api.w.org\/{rel}","templated":true}]}}